{"id":65641,"date":"2022-06-07T08:59:50","date_gmt":"2022-06-07T11:59:50","guid":{"rendered":"http:\/\/blogdoeloiltoncajuhy.com.br\/site\/?p=65641"},"modified":"2022-06-07T09:16:47","modified_gmt":"2022-06-07T12:16:47","slug":"seguranca-alimentar-e-o-retorno-do-brasil-ao-mapa-da-fome-sao-debatidos-na-camara-dos-deputados","status":"publish","type":"post","link":"https:\/\/blogdoeloiltoncajuhy.com.br\/site\/seguranca-alimentar-e-o-retorno-do-brasil-ao-mapa-da-fome-sao-debatidos-na-camara-dos-deputados\/","title":{"rendered":"Seguran\u00e7a alimentar e o retorno do Brasil ao mapa da fome s\u00e3o debatidos na C\u00e2mara dos Deputados"},"content":{"rendered":"\n<figure class=\"wp-block-image aligncenter size-full is-resized\"><a href=\"https:\/\/i0.wp.com\/blogdoeloiltoncajuhy.com.br\/site\/wp-content\/uploads\/2022\/06\/Jandira-Feghali-e-Alice-Portugal-07062022.jpg\"><img data-recalc-dims=\"1\" fetchpriority=\"high\" decoding=\"async\" src=\"https:\/\/i0.wp.com\/blogdoeloiltoncajuhy.com.br\/site\/wp-content\/uploads\/2022\/06\/Jandira-Feghali-e-Alice-Portugal-07062022.jpg?resize=662%2C433\" alt=\"\" class=\"wp-image-65642\" width=\"662\" height=\"433\" srcset=\"https:\/\/i0.wp.com\/blogdoeloiltoncajuhy.com.br\/site\/wp-content\/uploads\/2022\/06\/Jandira-Feghali-e-Alice-Portugal-07062022.jpg?w=768&amp;ssl=1 768w, https:\/\/i0.wp.com\/blogdoeloiltoncajuhy.com.br\/site\/wp-content\/uploads\/2022\/06\/Jandira-Feghali-e-Alice-Portugal-07062022.jpg?resize=300%2C196&amp;ssl=1 300w\" sizes=\"(max-width: 662px) 100vw, 662px\" \/><\/a><figcaption><sub>Jandira Feghali e Alice Portugal, autoras do requerimento | Foto: Lucio Bernardo Junior \/ C\u00e2mara dos Deputados<\/sub><\/figcaption><\/figure>\n\n\n\n<p>A Comiss\u00e3o de Seguridade Social e Fam\u00edlia da C\u00e2mara dos Deputados promove audi\u00eancia p\u00fablica nesta ter\u00e7a-feira (7) sobre seguran\u00e7a alimentar como pol\u00edtica p\u00fablica de sa\u00fade e o retorno do Brasil ao mapa da fome.<\/p>\n\n\n\n<p>O pedido para realiza\u00e7\u00e3o do debate \u00e9 das deputadas Alice Portugal (PCdoB-BA) e Jandira Feghali (PCdoB-RJ). As deputadas citam dados de organismos internacionais (FAO, ONU e OMS) mostrando que a inseguran\u00e7a alimentar quase dobrou no Pa\u00eds.<\/p>\n\n\n\n<p>&#8220;A fome atingiu 7,5 milh\u00f5es de brasileiros. J\u00e1 entre 2014 e 2016, esse n\u00famero era bem menor: 3,9 milh\u00f5es&#8221;, apontam as deputadas. Elas culpam o governo federal, que consideram &#8220;inepto&#8221;, pela situa\u00e7\u00e3o. &#8220;A falta de renda atinge em cheio mais de 14 milh\u00f5es de desempregados&#8221;, completam.<\/p>\n\n\n\n<p class=\"has-black-color has-text-color\"><strong>Foram convidados para a audi\u00eancia:<\/strong><\/p>\n\n\n\n<ul class=\"wp-block-list\"><li>o epidemiologista e Diretor do Centro Internacional para a Equidade em Sa\u00fade Universidade Federal de Pelotas (UFPel), Cesar Victora;<\/li><\/ul>\n\n\n\n<ul class=\"wp-block-list\"><li>a professora da Unicamp e Presidente Developmental Origins of Health and Disease Brasil, Patr\u00edcia Aline Boer;<\/li><\/ul>\n\n\n\n<ul class=\"wp-block-list\"><li>a professora da Faculdade de Medicina do ABC Fab\u00edola Isabel Suano de Souza;<\/li><\/ul>\n\n\n\n<ul class=\"wp-block-list\"><li>um representante da FAO Rafael Zavala;<\/li><\/ul>\n\n\n\n<ul class=\"wp-block-list\"><li>a ex-ministra do Desenvolvimento Social e Combate \u00e0 Fome Teresa Campelo.<\/li><\/ul>\n\n\n\n<p><\/p>\n\n\n\n<p class=\"has-black-color has-text-color\"><strong>Link para acompanhar a audi\u00eancia:<\/strong> <a href=\"https:\/\/edemocracia.camara.leg.br\/audiencias\/sala\/2663\/\" target=\"_blank\" rel=\"noreferrer noopener\">Audi\u00eancias Interativas (camara.leg.br)<\/a><\/p>\n","protected":false},"excerpt":{"rendered":"<p>A Comiss\u00e3o de Seguridade Social e Fam\u00edlia da C\u00e2mara dos Deputados promove audi\u00eancia p\u00fablica nesta ter\u00e7a-feira (7) sobre seguran\u00e7a alimentar como pol\u00edtica p\u00fablica de sa\u00fade e o retorno do Brasil ao mapa da fome. O pedido para realiza\u00e7\u00e3o do debate \u00e9 das deputadas Alice Portugal (PCdoB-BA) e Jandira Feghali (PCdoB-RJ). As deputadas citam dados de [&hellip;]<\/p>\n","protected":false},"author":2,"featured_media":65642,"comment_status":"open","ping_status":"open","sticky":false,"template":"","format":"standard","meta":{"_acf_changed":false,"_monsterinsights_skip_tracking":false,"_monsterinsights_sitenote_active":false,"_monsterinsights_sitenote_note":"","_monsterinsights_sitenote_category":0,"_jetpack_memberships_contains_paid_content":false,"footnotes":"","jetpack_publicize_message":"","jetpack_publicize_feature_enabled":true,"jetpack_social_post_already_shared":true,"jetpack_social_options":{"image_generator_settings":{"template":"highway","default_image_id":0,"font":"","enabled":false},"version":2}},"categories":[3],"tags":[],"class_list":["post-65641","post","type-post","status-publish","format-standard","has-post-thumbnail","hentry","category-politica"],"acf":[],"jetpack_publicize_connections":[],"jetpack_featured_media_url":"https:\/\/i0.wp.com\/blogdoeloiltoncajuhy.com.br\/site\/wp-content\/uploads\/2022\/06\/Jandira-Feghali-e-Alice-Portugal-07062022.jpg?fit=768%2C503&ssl=1","jetpack_sharing_enabled":true,"publishpress_future_workflow_manual_trigger":{"enabledWorkflows":[]},"_links":{"self":[{"href":"https:\/\/blogdoeloiltoncajuhy.com.br\/site\/wp-json\/wp\/v2\/posts\/65641","targetHints":{"allow":["GET"]}}],"collection":[{"href":"https:\/\/blogdoeloiltoncajuhy.com.br\/site\/wp-json\/wp\/v2\/posts"}],"about":[{"href":"https:\/\/blogdoeloiltoncajuhy.com.br\/site\/wp-json\/wp\/v2\/types\/post"}],"author":[{"embeddable":true,"href":"https:\/\/blogdoeloiltoncajuhy.com.br\/site\/wp-json\/wp\/v2\/users\/2"}],"replies":[{"embeddable":true,"href":"https:\/\/blogdoeloiltoncajuhy.com.br\/site\/wp-json\/wp\/v2\/comments?post=65641"}],"version-history":[{"count":3,"href":"https:\/\/blogdoeloiltoncajuhy.com.br\/site\/wp-json\/wp\/v2\/posts\/65641\/revisions"}],"predecessor-version":[{"id":65645,"href":"https:\/\/blogdoeloiltoncajuhy.com.br\/site\/wp-json\/wp\/v2\/posts\/65641\/revisions\/65645"}],"wp:featuredmedia":[{"embeddable":true,"href":"https:\/\/blogdoeloiltoncajuhy.com.br\/site\/wp-json\/wp\/v2\/media\/65642"}],"wp:attachment":[{"href":"https:\/\/blogdoeloiltoncajuhy.com.br\/site\/wp-json\/wp\/v2\/media?parent=65641"}],"wp:term":[{"taxonomy":"category","embeddable":true,"href":"https:\/\/blogdoeloiltoncajuhy.com.br\/site\/wp-json\/wp\/v2\/categories?post=65641"},{"taxonomy":"post_tag","embeddable":true,"href":"https:\/\/blogdoeloiltoncajuhy.com.br\/site\/wp-json\/wp\/v2\/tags?post=65641"}],"curies":[{"name":"wp","href":"https:\/\/api.w.org\/{rel}","templated":true}]}}