{"id":65634,"date":"2022-06-06T23:04:10","date_gmt":"2022-06-07T02:04:10","guid":{"rendered":"http:\/\/blogdoeloiltoncajuhy.com.br\/site\/?p=65634"},"modified":"2022-06-06T23:04:12","modified_gmt":"2022-06-07T02:04:12","slug":"embasa-realiza-diversas-atividades-em-celebracao-a-semana-do-meio-ambiente","status":"publish","type":"post","link":"https:\/\/blogdoeloiltoncajuhy.com.br\/site\/embasa-realiza-diversas-atividades-em-celebracao-a-semana-do-meio-ambiente\/","title":{"rendered":"Embasa realiza diversas atividades em celebra\u00e7\u00e3o \u00e0 Semana do Meio Ambiente"},"content":{"rendered":"\n<figure class=\"wp-block-image aligncenter size-large is-resized\"><a href=\"https:\/\/i0.wp.com\/blogdoeloiltoncajuhy.com.br\/site\/wp-content\/uploads\/2022\/06\/Embasa-Semana-do-Meio-Ambiente-2022.jpg\"><img data-recalc-dims=\"1\" fetchpriority=\"high\" decoding=\"async\" src=\"https:\/\/i0.wp.com\/blogdoeloiltoncajuhy.com.br\/site\/wp-content\/uploads\/2022\/06\/Embasa-Semana-do-Meio-Ambiente-2022.jpg?resize=606%2C433\" alt=\"\" class=\"wp-image-65635\" width=\"606\" height=\"433\" srcset=\"https:\/\/i0.wp.com\/blogdoeloiltoncajuhy.com.br\/site\/wp-content\/uploads\/2022\/06\/Embasa-Semana-do-Meio-Ambiente-2022.jpg?resize=1024%2C732&amp;ssl=1 1024w, https:\/\/i0.wp.com\/blogdoeloiltoncajuhy.com.br\/site\/wp-content\/uploads\/2022\/06\/Embasa-Semana-do-Meio-Ambiente-2022.jpg?resize=300%2C214&amp;ssl=1 300w, https:\/\/i0.wp.com\/blogdoeloiltoncajuhy.com.br\/site\/wp-content\/uploads\/2022\/06\/Embasa-Semana-do-Meio-Ambiente-2022.jpg?resize=768%2C549&amp;ssl=1 768w, https:\/\/i0.wp.com\/blogdoeloiltoncajuhy.com.br\/site\/wp-content\/uploads\/2022\/06\/Embasa-Semana-do-Meio-Ambiente-2022.jpg?resize=1536%2C1097&amp;ssl=1 1536w, https:\/\/i0.wp.com\/blogdoeloiltoncajuhy.com.br\/site\/wp-content\/uploads\/2022\/06\/Embasa-Semana-do-Meio-Ambiente-2022.jpg?resize=2048%2C1463&amp;ssl=1 2048w, https:\/\/i0.wp.com\/blogdoeloiltoncajuhy.com.br\/site\/wp-content\/uploads\/2022\/06\/Embasa-Semana-do-Meio-Ambiente-2022.jpg?w=1600 1600w, https:\/\/i0.wp.com\/blogdoeloiltoncajuhy.com.br\/site\/wp-content\/uploads\/2022\/06\/Embasa-Semana-do-Meio-Ambiente-2022.jpg?w=2400 2400w\" sizes=\"(max-width: 606px) 100vw, 606px\" \/><\/a><\/figure>\n\n\n\n<p>Com o slogan <strong><em>\u201cUma s\u00f3 terra, todos pelo planeta!\u201d<\/em><\/strong>, a Embasa celebra, de 06 a 10 de junho, a Semana do Meio Ambiente em diversas cidades do estado da Bahia. Na regi\u00e3o, a empresa promove a\u00e7\u00f5es socioeducativas em Jacobina, Campo Formoso e Senhor do Bonfim em parceria com institui\u00e7\u00f5es p\u00fablicas e privadas.<\/p>\n\n\n\n<p class=\"has-black-color has-text-color\"><strong>Confira a programa\u00e7\u00e3o da Unidade Regional da Embasa de Senhor do Bonfim:<\/strong><\/p>\n\n\n\n<ul class=\"wp-block-list\"><li><strong>07\/06 (das 08h \u00e0s 12h):<\/strong> Plantio no entorno da Barragem do Itapicuruzinho, em Jacobina, com apoio da Prefeitura Municipal e do Col\u00e9gio Municipal Lu\u00eds Alberto Dourado de Carvalho;<\/li><\/ul>\n\n\n\n<ul class=\"wp-block-list\"><li><strong>09\/06 (das 08 \u00e0s 12h):<\/strong> Estande com exposi\u00e7\u00e3o de mini \u2013 esta\u00e7\u00e3o de tratamento de \u00e1gua na Pra\u00e7a Rio Branco, em Jacobina, em parceria com a empresa Yamana Gold;<\/li><\/ul>\n\n\n\n<ul class=\"wp-block-list\"><li><strong>10\/06 (\u00e0s 08h):<\/strong> Doa\u00e7\u00e3o de mudas de plantas nativas e ornamentais na pra\u00e7a Dr. Ant\u00f4nio Gon\u00e7alves, em Senhor do Bonfim, em parceria com a empresa Irm\u00e3os Pelegrini;<\/li><\/ul>\n\n\n\n<ul class=\"wp-block-list\"><li><strong>14\/06 (\u00e0s 08h, \u00e0s 14h e \u00e0s 18h):<\/strong> Atividades socioeducativas na Escola Municipal Altamira Teixeira Fonseca, em Senhor do Bonfim.<\/li><\/ul>\n","protected":false},"excerpt":{"rendered":"<p>Com o slogan \u201cUma s\u00f3 terra, todos pelo planeta!\u201d, a Embasa celebra, de 06 a 10 de junho, a Semana do Meio Ambiente em diversas cidades do estado da Bahia. Na regi\u00e3o, a empresa promove a\u00e7\u00f5es socioeducativas em Jacobina, Campo Formoso e Senhor do Bonfim em parceria com institui\u00e7\u00f5es p\u00fablicas e privadas. Confira a programa\u00e7\u00e3o [&hellip;]<\/p>\n","protected":false},"author":2,"featured_media":65635,"comment_status":"open","ping_status":"open","sticky":false,"template":"","format":"standard","meta":{"_acf_changed":false,"_monsterinsights_skip_tracking":false,"_monsterinsights_sitenote_active":false,"_monsterinsights_sitenote_note":"","_monsterinsights_sitenote_category":0,"_jetpack_memberships_contains_paid_content":false,"footnotes":"","jetpack_publicize_message":"","jetpack_publicize_feature_enabled":true,"jetpack_social_post_already_shared":true,"jetpack_social_options":{"image_generator_settings":{"template":"highway","default_image_id":0,"font":"","enabled":false},"version":2}},"categories":[4],"tags":[],"class_list":["post-65634","post","type-post","status-publish","format-standard","has-post-thumbnail","hentry","category-local"],"acf":[],"jetpack_publicize_connections":[],"jetpack_featured_media_url":"https:\/\/i0.wp.com\/blogdoeloiltoncajuhy.com.br\/site\/wp-content\/uploads\/2022\/06\/Embasa-Semana-do-Meio-Ambiente-2022.jpg?fit=2480%2C1772&ssl=1","jetpack_sharing_enabled":true,"publishpress_future_workflow_manual_trigger":{"enabledWorkflows":[]},"_links":{"self":[{"href":"https:\/\/blogdoeloiltoncajuhy.com.br\/site\/wp-json\/wp\/v2\/posts\/65634","targetHints":{"allow":["GET"]}}],"collection":[{"href":"https:\/\/blogdoeloiltoncajuhy.com.br\/site\/wp-json\/wp\/v2\/posts"}],"about":[{"href":"https:\/\/blogdoeloiltoncajuhy.com.br\/site\/wp-json\/wp\/v2\/types\/post"}],"author":[{"embeddable":true,"href":"https:\/\/blogdoeloiltoncajuhy.com.br\/site\/wp-json\/wp\/v2\/users\/2"}],"replies":[{"embeddable":true,"href":"https:\/\/blogdoeloiltoncajuhy.com.br\/site\/wp-json\/wp\/v2\/comments?post=65634"}],"version-history":[{"count":2,"href":"https:\/\/blogdoeloiltoncajuhy.com.br\/site\/wp-json\/wp\/v2\/posts\/65634\/revisions"}],"predecessor-version":[{"id":65637,"href":"https:\/\/blogdoeloiltoncajuhy.com.br\/site\/wp-json\/wp\/v2\/posts\/65634\/revisions\/65637"}],"wp:featuredmedia":[{"embeddable":true,"href":"https:\/\/blogdoeloiltoncajuhy.com.br\/site\/wp-json\/wp\/v2\/media\/65635"}],"wp:attachment":[{"href":"https:\/\/blogdoeloiltoncajuhy.com.br\/site\/wp-json\/wp\/v2\/media?parent=65634"}],"wp:term":[{"taxonomy":"category","embeddable":true,"href":"https:\/\/blogdoeloiltoncajuhy.com.br\/site\/wp-json\/wp\/v2\/categories?post=65634"},{"taxonomy":"post_tag","embeddable":true,"href":"https:\/\/blogdoeloiltoncajuhy.com.br\/site\/wp-json\/wp\/v2\/tags?post=65634"}],"curies":[{"name":"wp","href":"https:\/\/api.w.org\/{rel}","templated":true}]}}