{"id":65626,"date":"2022-06-06T22:42:32","date_gmt":"2022-06-07T01:42:32","guid":{"rendered":"http:\/\/blogdoeloiltoncajuhy.com.br\/site\/?p=65626"},"modified":"2022-06-06T22:42:33","modified_gmt":"2022-06-07T01:42:33","slug":"show-de-claudia-leitte-termina-antes-do-previsto-no-sao-joao-de-caruaru","status":"publish","type":"post","link":"https:\/\/blogdoeloiltoncajuhy.com.br\/site\/show-de-claudia-leitte-termina-antes-do-previsto-no-sao-joao-de-caruaru\/","title":{"rendered":"Show de Claudia Leitte termina antes do previsto no S\u00e3o Jo\u00e3o de Caruaru"},"content":{"rendered":"\n<p class=\"has-text-align-center has-medium-font-size\"><em>Programa\u00e7\u00e3o da abertura dos festejos juninos come\u00e7ou atrasada na Capital do Forr\u00f3, o que influenciou no tempo de show da artista.<\/em><\/p>\n\n\n\n<figure class=\"wp-block-image aligncenter size-full is-resized\"><a href=\"https:\/\/i0.wp.com\/blogdoeloiltoncajuhy.com.br\/site\/wp-content\/uploads\/2022\/06\/Claudia-Leitte-Caruaru-PE-06062022.webp\"><img data-recalc-dims=\"1\" fetchpriority=\"high\" decoding=\"async\" src=\"https:\/\/i0.wp.com\/blogdoeloiltoncajuhy.com.br\/site\/wp-content\/uploads\/2022\/06\/Claudia-Leitte-Caruaru-PE-06062022.webp?resize=738%2C492\" alt=\"\" class=\"wp-image-65627\" width=\"738\" height=\"492\" srcset=\"https:\/\/i0.wp.com\/blogdoeloiltoncajuhy.com.br\/site\/wp-content\/uploads\/2022\/06\/Claudia-Leitte-Caruaru-PE-06062022.webp?w=984&amp;ssl=1 984w, https:\/\/i0.wp.com\/blogdoeloiltoncajuhy.com.br\/site\/wp-content\/uploads\/2022\/06\/Claudia-Leitte-Caruaru-PE-06062022.webp?resize=300%2C200&amp;ssl=1 300w, https:\/\/i0.wp.com\/blogdoeloiltoncajuhy.com.br\/site\/wp-content\/uploads\/2022\/06\/Claudia-Leitte-Caruaru-PE-06062022.webp?resize=768%2C512&amp;ssl=1 768w\" sizes=\"(max-width: 738px) 100vw, 738px\" \/><\/a><figcaption><sub>Cl\u00e1udia Leitte no S\u00e3o Jo\u00e3o de Caruaru \u2014 Foto: Elvis Edson\/Prefeitura de Caruaru<\/sub><\/figcaption><\/figure>\n\n\n\n<p>A cantora Claudia Leitte precisou interromper a sua apresenta\u00e7\u00e3o na festa de S\u00e3o Jo\u00e3o de Caruaru, no Agreste de Pernambuco, antes do previsto inicialmente pela sua equipe.<\/p>\n\n\n\n<p>Uma s\u00e9rie de atrasos nas apresenta\u00e7\u00f5es anteriores, que come\u00e7aram na noite de s\u00e1bado (4), encurtou o show de Claudia Leitte, que estava marcado para come\u00e7ar meia-noite e durar duas horas, mas se encerrou ap\u00f3s 40 minutos.<\/p>\n\n\n\n<p>O Termo de Compromisso de Ajustamento de Conduta (TAC) assinado pela Prefeitura de Caruaru prev\u00ea que nas sextas-feiras, nos s\u00e1bados e nos dias 23 e 24 de junho de 2022, os festejos realizados no P\u00e1tio de Eventos Luiz Gonzaga devem ser encerrados at\u00e9 as 2h da manh\u00e3; nos demais dias da semana e aos domingos, at\u00e9 a meia-noite. O TAC foi firmado no dia 4 de maio.<\/p>\n\n\n\n<p>A prefeitura, em nota, informou ao <strong>g1<\/strong> que &#8220;por um Termo de Ajustamento de Conduta (TAC) firmado todos os anos com a Pol\u00edcia Militar e o Minist\u00e9rio P\u00fablico, os shows no P\u00e1tio do Forr\u00f3, em Caruaru, precisam terminar \u00e0s 2h&#8221;.<\/p>\n\n\n\n<p>Tamb\u00e9m por meio de nota, a assessoria de Claudia Leitte informou ao <strong>g1<\/strong> que &#8220;o que aconteceu foi que o evento teve atrasos no in\u00edcio da noite e isso impactou diretamente no show de Claudia, que teve que ser encerrado antes, por problemas internos da organiza\u00e7\u00e3o&#8221;.<\/p>\n\n\n\n<p class=\"has-black-color has-text-color has-medium-font-size\"><strong>&#8216;Arrasada&#8217;<\/strong><\/p>\n\n\n\n<p>Ao ser informada sobre a necessidade de encerrar o show, Claudia Leitte sinalizou surpresa e lamentou o ocorrido no palco. &#8220;Arrasada. Eu n\u00e3o sei nem o que eu vou fazer agora. Eu me perdi toda&#8221;, disse ela.<\/p>\n\n\n\n<p>O <strong>g1 Caruaru<\/strong> tamb\u00e9m entrou em contato com a assessoria de Claudia Leitte, mas n\u00e3o obteve uma resposta at\u00e9 a \u00faltima atualiza\u00e7\u00e3o.<\/p>\n\n\n\n<p class=\"has-black-color has-text-color has-medium-font-size\"><strong>Os atrasos<\/strong><\/p>\n\n\n\n<p>A Orquestra de P\u00edfanos, que n\u00e3o iniciou o show no P\u00e1tio de Eventos Luiz Lua Gonzaga \u00e0s 20h, como o divulgado inicialmente pela organiza\u00e7\u00e3o do evento, estava no local no hor\u00e1rio previsto, mas precisou aguardar a autoriza\u00e7\u00e3o da prefeitura para come\u00e7ar a apresenta\u00e7\u00e3o.<\/p>\n\n\n\n<p>A cantora Elba Ramalho j\u00e1 pisou no palco mais de 21h, seguida de Solange Almeida. J\u00e1 era pr\u00f3ximo de 2h da manh\u00e3 quando Claudia Leitte p\u00f4de come\u00e7ar o seu show, hor\u00e1rio determinado pelo Termo de Compromisso de Ajustamento de Conduta (TAC) para terminar as atividades no local.<\/p>\n","protected":false},"excerpt":{"rendered":"<p>Programa\u00e7\u00e3o da abertura dos festejos juninos come\u00e7ou atrasada na Capital do Forr\u00f3, o que influenciou no tempo de show da artista. A cantora Claudia Leitte precisou interromper a sua apresenta\u00e7\u00e3o na festa de S\u00e3o Jo\u00e3o de Caruaru, no Agreste de Pernambuco, antes do previsto inicialmente pela sua equipe. Uma s\u00e9rie de atrasos nas apresenta\u00e7\u00f5es anteriores, [&hellip;]<\/p>\n","protected":false},"author":2,"featured_media":65627,"comment_status":"open","ping_status":"open","sticky":false,"template":"","format":"standard","meta":{"_acf_changed":false,"_monsterinsights_skip_tracking":false,"_monsterinsights_sitenote_active":false,"_monsterinsights_sitenote_note":"","_monsterinsights_sitenote_category":0,"_jetpack_memberships_contains_paid_content":false,"footnotes":"","jetpack_publicize_message":"","jetpack_publicize_feature_enabled":true,"jetpack_social_post_already_shared":true,"jetpack_social_options":{"image_generator_settings":{"template":"highway","default_image_id":0,"font":"","enabled":false},"version":2}},"categories":[8],"tags":[],"class_list":["post-65626","post","type-post","status-publish","format-standard","has-post-thumbnail","hentry","category-cultura"],"acf":[],"jetpack_publicize_connections":[],"jetpack_featured_media_url":"https:\/\/i0.wp.com\/blogdoeloiltoncajuhy.com.br\/site\/wp-content\/uploads\/2022\/06\/Claudia-Leitte-Caruaru-PE-06062022.webp?fit=984%2C656&ssl=1","jetpack_sharing_enabled":true,"publishpress_future_workflow_manual_trigger":{"enabledWorkflows":[]},"_links":{"self":[{"href":"https:\/\/blogdoeloiltoncajuhy.com.br\/site\/wp-json\/wp\/v2\/posts\/65626","targetHints":{"allow":["GET"]}}],"collection":[{"href":"https:\/\/blogdoeloiltoncajuhy.com.br\/site\/wp-json\/wp\/v2\/posts"}],"about":[{"href":"https:\/\/blogdoeloiltoncajuhy.com.br\/site\/wp-json\/wp\/v2\/types\/post"}],"author":[{"embeddable":true,"href":"https:\/\/blogdoeloiltoncajuhy.com.br\/site\/wp-json\/wp\/v2\/users\/2"}],"replies":[{"embeddable":true,"href":"https:\/\/blogdoeloiltoncajuhy.com.br\/site\/wp-json\/wp\/v2\/comments?post=65626"}],"version-history":[{"count":2,"href":"https:\/\/blogdoeloiltoncajuhy.com.br\/site\/wp-json\/wp\/v2\/posts\/65626\/revisions"}],"predecessor-version":[{"id":65629,"href":"https:\/\/blogdoeloiltoncajuhy.com.br\/site\/wp-json\/wp\/v2\/posts\/65626\/revisions\/65629"}],"wp:featuredmedia":[{"embeddable":true,"href":"https:\/\/blogdoeloiltoncajuhy.com.br\/site\/wp-json\/wp\/v2\/media\/65627"}],"wp:attachment":[{"href":"https:\/\/blogdoeloiltoncajuhy.com.br\/site\/wp-json\/wp\/v2\/media?parent=65626"}],"wp:term":[{"taxonomy":"category","embeddable":true,"href":"https:\/\/blogdoeloiltoncajuhy.com.br\/site\/wp-json\/wp\/v2\/categories?post=65626"},{"taxonomy":"post_tag","embeddable":true,"href":"https:\/\/blogdoeloiltoncajuhy.com.br\/site\/wp-json\/wp\/v2\/tags?post=65626"}],"curies":[{"name":"wp","href":"https:\/\/api.w.org\/{rel}","templated":true}]}}