{"id":65622,"date":"2022-06-06T18:35:22","date_gmt":"2022-06-06T21:35:22","guid":{"rendered":"http:\/\/blogdoeloiltoncajuhy.com.br\/site\/?p=65622"},"modified":"2022-06-06T18:35:23","modified_gmt":"2022-06-06T21:35:23","slug":"campus-da-univasf-em-senhor-do-bonfim-lamenta-o-falecimento-do-estudante-eudes-aguiar","status":"publish","type":"post","link":"https:\/\/blogdoeloiltoncajuhy.com.br\/site\/campus-da-univasf-em-senhor-do-bonfim-lamenta-o-falecimento-do-estudante-eudes-aguiar\/","title":{"rendered":"Campus da Univasf em Senhor do Bonfim lamenta o falecimento do estudante Eudes Aguiar"},"content":{"rendered":"\n<figure class=\"wp-block-image aligncenter size-full is-resized\"><a href=\"https:\/\/i0.wp.com\/blogdoeloiltoncajuhy.com.br\/site\/wp-content\/uploads\/2022\/06\/Eudes.jpeg\"><img data-recalc-dims=\"1\" fetchpriority=\"high\" decoding=\"async\" src=\"https:\/\/i0.wp.com\/blogdoeloiltoncajuhy.com.br\/site\/wp-content\/uploads\/2022\/06\/Eudes.jpeg?resize=425%2C557\" alt=\"\" class=\"wp-image-65623\" width=\"425\" height=\"557\" srcset=\"https:\/\/i0.wp.com\/blogdoeloiltoncajuhy.com.br\/site\/wp-content\/uploads\/2022\/06\/Eudes.jpeg?w=720&amp;ssl=1 720w, https:\/\/i0.wp.com\/blogdoeloiltoncajuhy.com.br\/site\/wp-content\/uploads\/2022\/06\/Eudes.jpeg?resize=229%2C300&amp;ssl=1 229w\" sizes=\"(max-width: 425px) 100vw, 425px\" \/><\/a><\/figure>\n\n\n\n<p>A Univasf, Campus de Senhor do Bonfim, divulgou nota de pesar no final da tarde desta segunda-feira (06), pelo falecimento do estudante de Ecologia Eudes Aguiar dos Santos. Figura irreverente e muito conhecida na cidade, Eudes faleceu por complica\u00e7\u00f5es de sa\u00fade. Ele tinha diabetes e havia contra\u00eddo uma infec\u00e7\u00e3o, segundo informa\u00e7\u00f5es de amigos nas redes sociais.<\/p>\n\n\n\n<p class=\"has-black-color has-text-color\"><strong>Confira a \u00edntegra da nota de pesar da Univasf &#8211; Campus de Senhor do Bonfim:<\/strong><\/p>\n\n\n\n<p><em>Com profundo pesar, informamos sobre o falecimento de Eudes Aguiar dos Santos, estudante do Colegiado de Ecologia da Univasf.<\/em><\/p>\n\n\n\n<p><em>A Univasf, campus Senhor do Bonfim, em seu corpo docente, discente e demais funcion\u00e1rios, expressa os mais sinceros sentimentos \u00e0 fam\u00edlia de Eudes e se solidariza com sua dor e com a sua irrepar\u00e1vel perda. Prestamos as nossas condol\u00eancias aos familiares e amigos enlutados.<\/em><\/p>\n\n\n\n<p><em>Eudes marcou a hist\u00f3ria do curso de Ecologia da Univasf e a vida de quem conviveu com ele. Que o tempo conforte os cora\u00e7\u00f5es e a mem\u00f3ria traga recorda\u00e7\u00f5es dos momentos felizes.<\/em><\/p>\n\n\n\n<p><em>O Colegiado de Ecologia declarou luto de 3 dias pelo falecimento do discente.<\/em><\/p>\n","protected":false},"excerpt":{"rendered":"<p>A Univasf, Campus de Senhor do Bonfim, divulgou nota de pesar no final da tarde desta segunda-feira (06), pelo falecimento do estudante de Ecologia Eudes Aguiar dos Santos. Figura irreverente e muito conhecida na cidade, Eudes faleceu por complica\u00e7\u00f5es de sa\u00fade. Ele tinha diabetes e havia contra\u00eddo uma infec\u00e7\u00e3o, segundo informa\u00e7\u00f5es de amigos nas redes [&hellip;]<\/p>\n","protected":false},"author":2,"featured_media":2086,"comment_status":"open","ping_status":"open","sticky":false,"template":"","format":"standard","meta":{"_acf_changed":false,"_monsterinsights_skip_tracking":false,"_monsterinsights_sitenote_active":false,"_monsterinsights_sitenote_note":"","_monsterinsights_sitenote_category":0,"_jetpack_memberships_contains_paid_content":false,"footnotes":"","jetpack_publicize_message":"","jetpack_publicize_feature_enabled":true,"jetpack_social_post_already_shared":true,"jetpack_social_options":{"image_generator_settings":{"template":"highway","default_image_id":0,"font":"","enabled":false},"version":2}},"categories":[4],"tags":[],"class_list":["post-65622","post","type-post","status-publish","format-standard","has-post-thumbnail","hentry","category-local"],"acf":[],"jetpack_publicize_connections":[],"jetpack_featured_media_url":"https:\/\/i0.wp.com\/blogdoeloiltoncajuhy.com.br\/site\/wp-content\/uploads\/2015\/07\/luto-la%C3%A7o.jpg?fit=591%2C444&ssl=1","jetpack_sharing_enabled":true,"publishpress_future_workflow_manual_trigger":{"enabledWorkflows":[]},"_links":{"self":[{"href":"https:\/\/blogdoeloiltoncajuhy.com.br\/site\/wp-json\/wp\/v2\/posts\/65622","targetHints":{"allow":["GET"]}}],"collection":[{"href":"https:\/\/blogdoeloiltoncajuhy.com.br\/site\/wp-json\/wp\/v2\/posts"}],"about":[{"href":"https:\/\/blogdoeloiltoncajuhy.com.br\/site\/wp-json\/wp\/v2\/types\/post"}],"author":[{"embeddable":true,"href":"https:\/\/blogdoeloiltoncajuhy.com.br\/site\/wp-json\/wp\/v2\/users\/2"}],"replies":[{"embeddable":true,"href":"https:\/\/blogdoeloiltoncajuhy.com.br\/site\/wp-json\/wp\/v2\/comments?post=65622"}],"version-history":[{"count":2,"href":"https:\/\/blogdoeloiltoncajuhy.com.br\/site\/wp-json\/wp\/v2\/posts\/65622\/revisions"}],"predecessor-version":[{"id":65625,"href":"https:\/\/blogdoeloiltoncajuhy.com.br\/site\/wp-json\/wp\/v2\/posts\/65622\/revisions\/65625"}],"wp:featuredmedia":[{"embeddable":true,"href":"https:\/\/blogdoeloiltoncajuhy.com.br\/site\/wp-json\/wp\/v2\/media\/2086"}],"wp:attachment":[{"href":"https:\/\/blogdoeloiltoncajuhy.com.br\/site\/wp-json\/wp\/v2\/media?parent=65622"}],"wp:term":[{"taxonomy":"category","embeddable":true,"href":"https:\/\/blogdoeloiltoncajuhy.com.br\/site\/wp-json\/wp\/v2\/categories?post=65622"},{"taxonomy":"post_tag","embeddable":true,"href":"https:\/\/blogdoeloiltoncajuhy.com.br\/site\/wp-json\/wp\/v2\/tags?post=65622"}],"curies":[{"name":"wp","href":"https:\/\/api.w.org\/{rel}","templated":true}]}}