{"id":65617,"date":"2022-06-06T10:24:26","date_gmt":"2022-06-06T13:24:26","guid":{"rendered":"http:\/\/blogdoeloiltoncajuhy.com.br\/site\/?p=65617"},"modified":"2022-06-06T10:24:27","modified_gmt":"2022-06-06T13:24:27","slug":"carro-de-vereador-e-incendiado-em-frente-de-sua-residencia-em-filadelfia","status":"publish","type":"post","link":"https:\/\/blogdoeloiltoncajuhy.com.br\/site\/carro-de-vereador-e-incendiado-em-frente-de-sua-residencia-em-filadelfia\/","title":{"rendered":"Carro de vereador \u00e9 incendiado em frente de sua resid\u00eancia em Filad\u00e9lfia"},"content":{"rendered":"\n<figure class=\"wp-block-image aligncenter size-full\"><a href=\"https:\/\/i0.wp.com\/blogdoeloiltoncajuhy.com.br\/site\/wp-content\/uploads\/2022\/06\/Filadelfia_Carro-vereador-incendiado_04062022.jpeg\"><img data-recalc-dims=\"1\" fetchpriority=\"high\" decoding=\"async\" width=\"640\" height=\"360\" src=\"https:\/\/i0.wp.com\/blogdoeloiltoncajuhy.com.br\/site\/wp-content\/uploads\/2022\/06\/Filadelfia_Carro-vereador-incendiado_04062022.jpeg?resize=640%2C360\" alt=\"\" class=\"wp-image-65618\" srcset=\"https:\/\/i0.wp.com\/blogdoeloiltoncajuhy.com.br\/site\/wp-content\/uploads\/2022\/06\/Filadelfia_Carro-vereador-incendiado_04062022.jpeg?w=640&amp;ssl=1 640w, https:\/\/i0.wp.com\/blogdoeloiltoncajuhy.com.br\/site\/wp-content\/uploads\/2022\/06\/Filadelfia_Carro-vereador-incendiado_04062022.jpeg?resize=300%2C169&amp;ssl=1 300w\" sizes=\"(max-width: 640px) 100vw, 640px\" \/><\/a><\/figure>\n\n\n\n<p>Na madrugada do \u00faltimo s\u00e1bado (04) elementos n\u00e3o identificados atearam fogo no veiculo do vereador conhecido como Misa do Esporte, fato ocorrido na cidade de Filad\u00e9lfia. A informa\u00e7\u00e3o \u00e9 do site <strong>Filad\u00e9lfia em Not\u00edcias<\/strong>.<\/p>\n\n\n\n<p>Testemunhas disseram que o fogo n\u00e3o se alastrou porque um vizinho percebeu e chamou o vereador. Outros moradores tamb\u00e9m acordaram e ajudaram o vereador a debelar as chamas. O ve\u00edculo, que se encontrava estacionado em frente \u00e0 resid\u00eancia de Misa, ficou com a frente completamente destru\u00edda.<\/p>\n\n\n\n<p>N\u00e3o h\u00e1 pistas sobre os autores da a\u00e7\u00e3o criminosa. O vereador Misa foi at\u00e9 a policia para registrar queixa e pedir apura\u00e7\u00e3o para o crime.<\/p>\n","protected":false},"excerpt":{"rendered":"<p>Na madrugada do \u00faltimo s\u00e1bado (04) elementos n\u00e3o identificados atearam fogo no veiculo do vereador conhecido como Misa do Esporte, fato ocorrido na cidade de Filad\u00e9lfia. A informa\u00e7\u00e3o \u00e9 do site Filad\u00e9lfia em Not\u00edcias. Testemunhas disseram que o fogo n\u00e3o se alastrou porque um vizinho percebeu e chamou o vereador. Outros moradores tamb\u00e9m acordaram e [&hellip;]<\/p>\n","protected":false},"author":2,"featured_media":65618,"comment_status":"open","ping_status":"open","sticky":false,"template":"","format":"standard","meta":{"_acf_changed":false,"_monsterinsights_skip_tracking":false,"_monsterinsights_sitenote_active":false,"_monsterinsights_sitenote_note":"","_monsterinsights_sitenote_category":0,"_jetpack_memberships_contains_paid_content":false,"footnotes":"","jetpack_publicize_message":"","jetpack_publicize_feature_enabled":true,"jetpack_social_post_already_shared":true,"jetpack_social_options":{"image_generator_settings":{"template":"highway","default_image_id":0,"font":"","enabled":false},"version":2}},"categories":[15],"tags":[],"class_list":["post-65617","post","type-post","status-publish","format-standard","has-post-thumbnail","hentry","category-policia"],"acf":[],"jetpack_publicize_connections":[],"jetpack_featured_media_url":"https:\/\/i0.wp.com\/blogdoeloiltoncajuhy.com.br\/site\/wp-content\/uploads\/2022\/06\/Filadelfia_Carro-vereador-incendiado_04062022.jpeg?fit=640%2C360&ssl=1","jetpack_sharing_enabled":true,"publishpress_future_workflow_manual_trigger":{"enabledWorkflows":[]},"_links":{"self":[{"href":"https:\/\/blogdoeloiltoncajuhy.com.br\/site\/wp-json\/wp\/v2\/posts\/65617","targetHints":{"allow":["GET"]}}],"collection":[{"href":"https:\/\/blogdoeloiltoncajuhy.com.br\/site\/wp-json\/wp\/v2\/posts"}],"about":[{"href":"https:\/\/blogdoeloiltoncajuhy.com.br\/site\/wp-json\/wp\/v2\/types\/post"}],"author":[{"embeddable":true,"href":"https:\/\/blogdoeloiltoncajuhy.com.br\/site\/wp-json\/wp\/v2\/users\/2"}],"replies":[{"embeddable":true,"href":"https:\/\/blogdoeloiltoncajuhy.com.br\/site\/wp-json\/wp\/v2\/comments?post=65617"}],"version-history":[{"count":2,"href":"https:\/\/blogdoeloiltoncajuhy.com.br\/site\/wp-json\/wp\/v2\/posts\/65617\/revisions"}],"predecessor-version":[{"id":65620,"href":"https:\/\/blogdoeloiltoncajuhy.com.br\/site\/wp-json\/wp\/v2\/posts\/65617\/revisions\/65620"}],"wp:featuredmedia":[{"embeddable":true,"href":"https:\/\/blogdoeloiltoncajuhy.com.br\/site\/wp-json\/wp\/v2\/media\/65618"}],"wp:attachment":[{"href":"https:\/\/blogdoeloiltoncajuhy.com.br\/site\/wp-json\/wp\/v2\/media?parent=65617"}],"wp:term":[{"taxonomy":"category","embeddable":true,"href":"https:\/\/blogdoeloiltoncajuhy.com.br\/site\/wp-json\/wp\/v2\/categories?post=65617"},{"taxonomy":"post_tag","embeddable":true,"href":"https:\/\/blogdoeloiltoncajuhy.com.br\/site\/wp-json\/wp\/v2\/tags?post=65617"}],"curies":[{"name":"wp","href":"https:\/\/api.w.org\/{rel}","templated":true}]}}