{"id":65613,"date":"2022-06-06T09:54:48","date_gmt":"2022-06-06T12:54:48","guid":{"rendered":"http:\/\/blogdoeloiltoncajuhy.com.br\/site\/?p=65613"},"modified":"2022-06-06T09:54:49","modified_gmt":"2022-06-06T12:54:49","slug":"hemoba-promove-campanha-junho-vermelho-em-bonfim-e-outras-cidades-para-incentivo-a-doacao-de-sangue","status":"publish","type":"post","link":"https:\/\/blogdoeloiltoncajuhy.com.br\/site\/hemoba-promove-campanha-junho-vermelho-em-bonfim-e-outras-cidades-para-incentivo-a-doacao-de-sangue\/","title":{"rendered":"Hemoba promove campanha Junho Vermelho, em Bonfim e outras cidades, para incentivo \u00e0 doa\u00e7\u00e3o de sangue"},"content":{"rendered":"\n<figure class=\"wp-block-image aligncenter size-full is-resized\"><a href=\"https:\/\/i0.wp.com\/blogdoeloiltoncajuhy.com.br\/site\/wp-content\/uploads\/2022\/06\/GOVBA_Hemoba-Doacao-de-sangue-Ascom-Hemoba.png\"><img data-recalc-dims=\"1\" fetchpriority=\"high\" decoding=\"async\" src=\"https:\/\/i0.wp.com\/blogdoeloiltoncajuhy.com.br\/site\/wp-content\/uploads\/2022\/06\/GOVBA_Hemoba-Doacao-de-sangue-Ascom-Hemoba.png?resize=681%2C453\" alt=\"\" class=\"wp-image-65614\" width=\"681\" height=\"453\" srcset=\"https:\/\/i0.wp.com\/blogdoeloiltoncajuhy.com.br\/site\/wp-content\/uploads\/2022\/06\/GOVBA_Hemoba-Doacao-de-sangue-Ascom-Hemoba.png?w=601&amp;ssl=1 601w, https:\/\/i0.wp.com\/blogdoeloiltoncajuhy.com.br\/site\/wp-content\/uploads\/2022\/06\/GOVBA_Hemoba-Doacao-de-sangue-Ascom-Hemoba.png?resize=300%2C200&amp;ssl=1 300w\" sizes=\"(max-width: 681px) 100vw, 681px\" \/><\/a><\/figure>\n\n\n\n<p>A Funda\u00e7\u00e3o Hemoba promove em todas as suas unidades de coleta a campanha <strong>Junho Vermelho<\/strong>, criada pela Organiza\u00e7\u00e3o Mundial de Sa\u00fade (OMS), para incentivar e sensibilizar a sociedade sobre a import\u00e2ncia da doa\u00e7\u00e3o regular de sangue. Tradicionalmente, neste m\u00eas, h\u00e1 um menor volume de doa\u00e7\u00f5es ocasionado por v\u00e1rios fatores, como maior incid\u00eancia de infec\u00e7\u00f5es respirat\u00f3rias em decorr\u00eancia de ondas mais intensas de frio e chuvas; aumento de viagens por causa das f\u00e9rias escolares e, no Nordeste, celebra\u00e7\u00f5es das festas juninas.<\/p>\n\n\n\n<p>Al\u00e9m disso, cresce a demanda por transfus\u00e3o de sangue motivada por um maior n\u00famero de acidentes nas estradas e elevado \u00edndice de casos de queimaduras, ocasionados pelos fogos de artif\u00edcios dos festejos juninos.<\/p>\n\n\n\n<p>Na Hemoba, as a\u00e7\u00f5es de conscientiza\u00e7\u00e3o do Junho Vermelho come\u00e7aram no \u00faltimo s\u00e1bado (4) com o <strong>Sabad\u00e3o Solid\u00e1rio<\/strong> em Salvador, <strong>Senhor do Bonfim<\/strong>, Feira de Santana e Jacobina e, na ter\u00e7a-feira (7), com o I Encontro de Capta\u00e7\u00e3o Hospitalar de Doadores de Sangue, que acontecer\u00e1 no audit\u00f3rio da sede da Funda\u00e7\u00e3o.<\/p>\n\n\n\n<p>Em 14 de junho, <strong>Dia Mundial do Doador de Sangue<\/strong>, est\u00e3o programados um concurso de traje junino, apresenta\u00e7\u00e3o da banda Flor de Milho, distribui\u00e7\u00e3o de brindes e um lanche especial. O I Encontro de Doadores de Plaquetas ocorrer\u00e1 no dia 15, no audit\u00f3rio da sede da Hemoba e, no dia 20, a Funda\u00e7\u00e3o promove um encontro com pacientes e a equipe multidisciplinar do seu ambulat\u00f3rio para abordar temas relacionados ao autocuidado do paciente com doen\u00e7a falciforme e o tratamento de \u00falceras falc\u00eamicas, em alus\u00e3o ao Dia Mundial de Conscientiza\u00e7\u00e3o sobre a Doen\u00e7a Falciforme, celebrado no dia 19. Em 21\/06, acontecer\u00e1 o Forr\u00f3 da Solidariedade com a participa\u00e7\u00e3o do cantor Jay Torres.<\/p>\n\n\n\n<p>No Junho Vermelho, v\u00e1rias organiza\u00e7\u00f5es participam com distribui\u00e7\u00e3o de brindes, organiza\u00e7\u00e3o de eventos, divulga\u00e7\u00e3o da campanha, sensibiliza\u00e7\u00e3o das equipes e cess\u00e3o de espa\u00e7o para palestras e montagem de estande da Hemoba. Acesse o site da Funda\u00e7\u00e3o (<a href=\"http:\/\/hemoba.ba.gov.br\" target=\"_blank\" rel=\"noreferrer noopener\">http:\/\/hemoba.ba.gov.br<\/a>) e confira a programa\u00e7\u00e3o e os hor\u00e1rios de funcionamento, no per\u00edodo dos feriados de Corpus Christi (16) e S\u00e3o Jo\u00e3o (24), em Salvador.<\/p>\n","protected":false},"excerpt":{"rendered":"<p>A Funda\u00e7\u00e3o Hemoba promove em todas as suas unidades de coleta a campanha Junho Vermelho, criada pela Organiza\u00e7\u00e3o Mundial de Sa\u00fade (OMS), para incentivar e sensibilizar a sociedade sobre a import\u00e2ncia da doa\u00e7\u00e3o regular de sangue. Tradicionalmente, neste m\u00eas, h\u00e1 um menor volume de doa\u00e7\u00f5es ocasionado por v\u00e1rios fatores, como maior incid\u00eancia de infec\u00e7\u00f5es respirat\u00f3rias [&hellip;]<\/p>\n","protected":false},"author":2,"featured_media":59091,"comment_status":"open","ping_status":"open","sticky":false,"template":"","format":"standard","meta":{"_acf_changed":false,"_monsterinsights_skip_tracking":false,"_monsterinsights_sitenote_active":false,"_monsterinsights_sitenote_note":"","_monsterinsights_sitenote_category":0,"_jetpack_memberships_contains_paid_content":false,"footnotes":"","jetpack_publicize_message":"","jetpack_publicize_feature_enabled":true,"jetpack_social_post_already_shared":true,"jetpack_social_options":{"image_generator_settings":{"template":"highway","default_image_id":0,"font":"","enabled":false},"version":2}},"categories":[7],"tags":[],"class_list":["post-65613","post","type-post","status-publish","format-standard","has-post-thumbnail","hentry","category-saude"],"acf":[],"jetpack_publicize_connections":[],"jetpack_featured_media_url":"https:\/\/i0.wp.com\/blogdoeloiltoncajuhy.com.br\/site\/wp-content\/uploads\/2021\/08\/Doacao-Sangue.jpg?fit=1170%2C700&ssl=1","jetpack_sharing_enabled":true,"publishpress_future_workflow_manual_trigger":{"enabledWorkflows":[]},"_links":{"self":[{"href":"https:\/\/blogdoeloiltoncajuhy.com.br\/site\/wp-json\/wp\/v2\/posts\/65613","targetHints":{"allow":["GET"]}}],"collection":[{"href":"https:\/\/blogdoeloiltoncajuhy.com.br\/site\/wp-json\/wp\/v2\/posts"}],"about":[{"href":"https:\/\/blogdoeloiltoncajuhy.com.br\/site\/wp-json\/wp\/v2\/types\/post"}],"author":[{"embeddable":true,"href":"https:\/\/blogdoeloiltoncajuhy.com.br\/site\/wp-json\/wp\/v2\/users\/2"}],"replies":[{"embeddable":true,"href":"https:\/\/blogdoeloiltoncajuhy.com.br\/site\/wp-json\/wp\/v2\/comments?post=65613"}],"version-history":[{"count":2,"href":"https:\/\/blogdoeloiltoncajuhy.com.br\/site\/wp-json\/wp\/v2\/posts\/65613\/revisions"}],"predecessor-version":[{"id":65616,"href":"https:\/\/blogdoeloiltoncajuhy.com.br\/site\/wp-json\/wp\/v2\/posts\/65613\/revisions\/65616"}],"wp:featuredmedia":[{"embeddable":true,"href":"https:\/\/blogdoeloiltoncajuhy.com.br\/site\/wp-json\/wp\/v2\/media\/59091"}],"wp:attachment":[{"href":"https:\/\/blogdoeloiltoncajuhy.com.br\/site\/wp-json\/wp\/v2\/media?parent=65613"}],"wp:term":[{"taxonomy":"category","embeddable":true,"href":"https:\/\/blogdoeloiltoncajuhy.com.br\/site\/wp-json\/wp\/v2\/categories?post=65613"},{"taxonomy":"post_tag","embeddable":true,"href":"https:\/\/blogdoeloiltoncajuhy.com.br\/site\/wp-json\/wp\/v2\/tags?post=65613"}],"curies":[{"name":"wp","href":"https:\/\/api.w.org\/{rel}","templated":true}]}}