{"id":65594,"date":"2022-06-04T19:03:04","date_gmt":"2022-06-04T22:03:04","guid":{"rendered":"http:\/\/blogdoeloiltoncajuhy.com.br\/site\/?p=65594"},"modified":"2022-06-04T19:03:05","modified_gmt":"2022-06-04T22:03:05","slug":"compadre-washington-se-pronuncia-apos-noticia-de-que-teria-tido-a-prisao-decretada-por-nao-pagar-pensao","status":"publish","type":"post","link":"https:\/\/blogdoeloiltoncajuhy.com.br\/site\/compadre-washington-se-pronuncia-apos-noticia-de-que-teria-tido-a-prisao-decretada-por-nao-pagar-pensao\/","title":{"rendered":"Compadre Washington se pronuncia ap\u00f3s not\u00edcia de que teria tido a pris\u00e3o decretada por n\u00e3o pagar pens\u00e3o"},"content":{"rendered":"\n<p class=\"has-text-align-center has-medium-font-size\"><em>&#8220;A informa\u00e7\u00e3o de que o cantor pode ser preso a qualquer momento n\u00e3o \u00e9 verdadeira, pois n\u00e3o existe mandado de pris\u00e3o expedido&#8221;, informa a nota de esclarecimento publicada no perfil oficial do artista neste s\u00e1bado (4)<\/em><\/p>\n\n\n\n<figure class=\"wp-block-image aligncenter size-full\"><a href=\"https:\/\/i0.wp.com\/blogdoeloiltoncajuhy.com.br\/site\/wp-content\/uploads\/2022\/06\/Compadre-Washington-04062022-02.webp\"><img data-recalc-dims=\"1\" fetchpriority=\"high\" decoding=\"async\" width=\"620\" height=\"480\" src=\"https:\/\/i0.wp.com\/blogdoeloiltoncajuhy.com.br\/site\/wp-content\/uploads\/2022\/06\/Compadre-Washington-04062022-02.webp?resize=620%2C480\" alt=\"\" class=\"wp-image-65596\" srcset=\"https:\/\/i0.wp.com\/blogdoeloiltoncajuhy.com.br\/site\/wp-content\/uploads\/2022\/06\/Compadre-Washington-04062022-02.webp?w=620&amp;ssl=1 620w, https:\/\/i0.wp.com\/blogdoeloiltoncajuhy.com.br\/site\/wp-content\/uploads\/2022\/06\/Compadre-Washington-04062022-02.webp?resize=300%2C232&amp;ssl=1 300w\" sizes=\"(max-width: 620px) 100vw, 620px\" \/><\/a><figcaption><sub>Compadre Washington (Foto: Manuela Scarpa\/Brazil News)<\/sub><\/figcaption><\/figure>\n\n\n\n<p>Compadre Washington usou seu perfil na rede social, neste s\u00e1bado (4), para desmentir a not\u00edcia de que teria tido a pris\u00e3o decretada por n\u00e3o pagar pens\u00e3o aliment\u00edcia a um dos seus dez filhos. Por meio de uma nota de esclarecimento, a equipe do artista afirmou que &#8220;a informa\u00e7\u00e3o de que o cantor pode ser preso a qualquer momento n\u00e3o \u00e9 verdadeira, pois n\u00e3o existe mandado de pris\u00e3o expedido&#8221;.<\/p>\n\n\n\n<p class=\"has-black-color has-text-color has-medium-font-size\"><strong>Leia a nota na \u00edntegra:<\/strong><\/p>\n\n\n\n<p><em>&#8220;NOTA DE ESCLARECIMENTO<\/em><\/p>\n\n\n\n<p><em>O cantor Compadre Washington recebeu, inesperadamente, a not\u00edcia divulgada pela coluna de Leo Dias de que ele &#8216;pode ser preso a qualquer momento ap\u00f3s adquirir uma d\u00edvida de seis d\u00edgitos por n\u00e3o pagar pens\u00e3o aliment\u00edcia a um dos seus dez filhos&#8217;, Luiz Filipe, que completa 21 anos de idade este ano.<\/em><\/p>\n\n\n\n<p><em>Conforme informado pelo advogado do cantor, Dr. Diego Pitombo ao Sr Andr\u00e9 Suzano J\u00fanior, representante do colunista Leo Dias, a informa\u00e7\u00e3o de que o cantor pode ser preso a qualquer momento n\u00e3o \u00e9 verdadeira, pois n\u00e3o existe mandado de pris\u00e3o expedido. Na ocasi\u00e3o, foi informado, ainda, que o processo tramita sob segredo de Justi\u00e7a, raz\u00e3o pela qual n\u00e3o \u00e9 permitido o vazamento de informa\u00e7\u00f5es.<\/em><\/p>\n\n\n\n<p><em>Embora tenham sido prestadas essas informa\u00e7\u00f5es ao colunista, tanto pelo advogado quanto pela assessoria de imprensa do cantor, tais informa\u00e7\u00f5es foram omitidas na reportagem. Deixamos claro que os \u00fanicos que t\u00eam acesso a esse processo s\u00e3o os advogados habilitados e as pr\u00f3prias partes, e ser\u00e1 requerida uma apura\u00e7\u00e3o sobre quem violou a prote\u00e7\u00e3o do segredo de Justi\u00e7a.<\/em><\/p>\n\n\n\n<p><em>Como sempre fazemos, nos colocamos \u00e0 disposi\u00e7\u00e3o para demais informa\u00e7\u00f5es e solicitamos aos ve\u00edculos que replicaram essa not\u00edcia que fa\u00e7am a devida e necess\u00e1ria retrata\u00e7\u00e3o&#8221;.<\/em><\/p>\n\n\n\n<figure class=\"wp-block-image aligncenter size-full is-resized\"><a href=\"https:\/\/i0.wp.com\/blogdoeloiltoncajuhy.com.br\/site\/wp-content\/uploads\/2022\/06\/Compadre-Washington-04062022.webp\"><img data-recalc-dims=\"1\" decoding=\"async\" src=\"https:\/\/i0.wp.com\/blogdoeloiltoncajuhy.com.br\/site\/wp-content\/uploads\/2022\/06\/Compadre-Washington-04062022.webp?resize=465%2C600\" alt=\"\" class=\"wp-image-65595\" width=\"465\" height=\"600\" srcset=\"https:\/\/i0.wp.com\/blogdoeloiltoncajuhy.com.br\/site\/wp-content\/uploads\/2022\/06\/Compadre-Washington-04062022.webp?w=620&amp;ssl=1 620w, https:\/\/i0.wp.com\/blogdoeloiltoncajuhy.com.br\/site\/wp-content\/uploads\/2022\/06\/Compadre-Washington-04062022.webp?resize=233%2C300&amp;ssl=1 233w\" sizes=\"(max-width: 465px) 100vw, 465px\" \/><\/a><figcaption><sub>Compadre Washington (Foto: Reprodu\u00e7\u00e3o\/Instagram)<\/sub><\/figcaption><\/figure>\n\n\n\n<p class=\"has-black-color has-text-color has-medium-font-size\"><strong>Entenda o caso<\/strong><\/p>\n\n\n\n<p>De acordo com nota publicada pelo colunista Leo Dias neste s\u00e1bado (4), o cantor Compadre Washington, do \u00c9 o Tchan, pode ser preso a qualquer momento depois de adquirir uma d\u00edvida de seis d\u00edgitos por n\u00e3o pagar pens\u00e3o aliment\u00edcia a um dos seus dez filhos. O jornalista afirmou que o pedido de pris\u00e3o foi decretado pelo Tribunal de Justi\u00e7a do Estado de S\u00e3o Paulo no dia 23 de maio e tem 30 dias para ser cumprido.<\/p>\n\n\n\n<p>Segundo o colunista, o m\u00fasico n\u00e3o cumpre com os seus deveres aliment\u00edcios com o filho Luiz Filipe, de 20 anos de idade, que cursa o ensino superior em uma universidade, h\u00e1 dois anos, e com isso acumulou uma d\u00edvida de aproximadamente R$ 130 mil. Essa n\u00e3o \u00e9 a primeira vez que Compadre Washington atrasa o pagamento da pens\u00e3o de Luiz.<\/p>\n\n\n\n<p>Com valor estipulado de R$ 4.800 mensais, o vocalista do <strong>\u00c9 O Tchan<\/strong> j\u00e1 foi processado no ano de 2020 por dever o montante de R$ 55 mil ao mesmo filho e s\u00f3 pagou esse d\u00e9bito depois de responder a um processo em meio \u00e0 pandemia da Covid-19.<\/p>\n","protected":false},"excerpt":{"rendered":"<p>&#8220;A informa\u00e7\u00e3o de que o cantor pode ser preso a qualquer momento n\u00e3o \u00e9 verdadeira, pois n\u00e3o existe mandado de pris\u00e3o expedido&#8221;, informa a nota de esclarecimento publicada no perfil oficial do artista neste s\u00e1bado (4) Compadre Washington usou seu perfil na rede social, neste s\u00e1bado (4), para desmentir a not\u00edcia de que teria tido [&hellip;]<\/p>\n","protected":false},"author":2,"featured_media":65595,"comment_status":"open","ping_status":"open","sticky":false,"template":"","format":"standard","meta":{"_acf_changed":false,"_monsterinsights_skip_tracking":false,"_monsterinsights_sitenote_active":false,"_monsterinsights_sitenote_note":"","_monsterinsights_sitenote_category":0,"_jetpack_memberships_contains_paid_content":false,"footnotes":"","jetpack_publicize_message":"","jetpack_publicize_feature_enabled":true,"jetpack_social_post_already_shared":true,"jetpack_social_options":{"image_generator_settings":{"template":"highway","default_image_id":0,"font":"","enabled":false},"version":2}},"categories":[8],"tags":[],"class_list":["post-65594","post","type-post","status-publish","format-standard","has-post-thumbnail","hentry","category-cultura"],"acf":[],"jetpack_publicize_connections":[],"jetpack_featured_media_url":"https:\/\/i0.wp.com\/blogdoeloiltoncajuhy.com.br\/site\/wp-content\/uploads\/2022\/06\/Compadre-Washington-04062022.webp?fit=620%2C800&ssl=1","jetpack_sharing_enabled":true,"publishpress_future_workflow_manual_trigger":{"enabledWorkflows":[]},"_links":{"self":[{"href":"https:\/\/blogdoeloiltoncajuhy.com.br\/site\/wp-json\/wp\/v2\/posts\/65594","targetHints":{"allow":["GET"]}}],"collection":[{"href":"https:\/\/blogdoeloiltoncajuhy.com.br\/site\/wp-json\/wp\/v2\/posts"}],"about":[{"href":"https:\/\/blogdoeloiltoncajuhy.com.br\/site\/wp-json\/wp\/v2\/types\/post"}],"author":[{"embeddable":true,"href":"https:\/\/blogdoeloiltoncajuhy.com.br\/site\/wp-json\/wp\/v2\/users\/2"}],"replies":[{"embeddable":true,"href":"https:\/\/blogdoeloiltoncajuhy.com.br\/site\/wp-json\/wp\/v2\/comments?post=65594"}],"version-history":[{"count":2,"href":"https:\/\/blogdoeloiltoncajuhy.com.br\/site\/wp-json\/wp\/v2\/posts\/65594\/revisions"}],"predecessor-version":[{"id":65598,"href":"https:\/\/blogdoeloiltoncajuhy.com.br\/site\/wp-json\/wp\/v2\/posts\/65594\/revisions\/65598"}],"wp:featuredmedia":[{"embeddable":true,"href":"https:\/\/blogdoeloiltoncajuhy.com.br\/site\/wp-json\/wp\/v2\/media\/65595"}],"wp:attachment":[{"href":"https:\/\/blogdoeloiltoncajuhy.com.br\/site\/wp-json\/wp\/v2\/media?parent=65594"}],"wp:term":[{"taxonomy":"category","embeddable":true,"href":"https:\/\/blogdoeloiltoncajuhy.com.br\/site\/wp-json\/wp\/v2\/categories?post=65594"},{"taxonomy":"post_tag","embeddable":true,"href":"https:\/\/blogdoeloiltoncajuhy.com.br\/site\/wp-json\/wp\/v2\/tags?post=65594"}],"curies":[{"name":"wp","href":"https:\/\/api.w.org\/{rel}","templated":true}]}}