{"id":65574,"date":"2022-06-04T08:58:56","date_gmt":"2022-06-04T11:58:56","guid":{"rendered":"http:\/\/blogdoeloiltoncajuhy.com.br\/site\/?p=65574"},"modified":"2022-06-04T08:58:58","modified_gmt":"2022-06-04T11:58:58","slug":"petrolina-forma-lideres-ambientais-para-projeto-internacional","status":"publish","type":"post","link":"https:\/\/blogdoeloiltoncajuhy.com.br\/site\/petrolina-forma-lideres-ambientais-para-projeto-internacional\/","title":{"rendered":"Petrolina forma &#8216;L\u00edderes Ambientais&#8217; para projeto internacional"},"content":{"rendered":"\n<figure class=\"wp-block-image aligncenter size-large is-resized\"><a href=\"https:\/\/i0.wp.com\/blogdoeloiltoncajuhy.com.br\/site\/wp-content\/uploads\/2022\/06\/Class_04062022-01.jpeg\"><img data-recalc-dims=\"1\" fetchpriority=\"high\" decoding=\"async\" src=\"https:\/\/i0.wp.com\/blogdoeloiltoncajuhy.com.br\/site\/wp-content\/uploads\/2022\/06\/Class_04062022-01.jpeg?resize=595%2C414\" alt=\"\" class=\"wp-image-65575\" width=\"595\" height=\"414\" srcset=\"https:\/\/i0.wp.com\/blogdoeloiltoncajuhy.com.br\/site\/wp-content\/uploads\/2022\/06\/Class_04062022-01.jpeg?resize=1024%2C711&amp;ssl=1 1024w, https:\/\/i0.wp.com\/blogdoeloiltoncajuhy.com.br\/site\/wp-content\/uploads\/2022\/06\/Class_04062022-01.jpeg?resize=300%2C208&amp;ssl=1 300w, https:\/\/i0.wp.com\/blogdoeloiltoncajuhy.com.br\/site\/wp-content\/uploads\/2022\/06\/Class_04062022-01.jpeg?resize=768%2C533&amp;ssl=1 768w, https:\/\/i0.wp.com\/blogdoeloiltoncajuhy.com.br\/site\/wp-content\/uploads\/2022\/06\/Class_04062022-01.jpeg?w=1280&amp;ssl=1 1280w\" sizes=\"(max-width: 595px) 100vw, 595px\" \/><\/a><\/figure>\n\n\n\n<p>Na Semana do Meio Ambiente mais de mil alunos de 21 escolas municipais de Petrolina, receberam, na manh\u00e3 desta sexta-feira (3), a certifica\u00e7\u00e3o de &#8216;L\u00edderes Ambientais&#8217; do III Projeto Rot\u00e1rio Am\u00e9rica Latina e Espanha em Educa\u00e7\u00e3o e Meio Ambiente.<\/p>\n\n\n\n<p>Durante a entrega dos certificados, a presidente do Rotary Club Petrolina Norte, Ant\u00f4nia Eul\u00e1lia Queiroz, abriu os trabalhos frisando que o projeto vai plantar um milh\u00e3o de \u00e1rvores no mundo, at\u00e9 julho deste ano, e que no munic\u00edpio a meta \u00e9 concluir o plantio de mil \u00e1rvores at\u00e9 o final deste m\u00eas. At\u00e9 hoje, 70% das mudas j\u00e1 foram plantadas.<\/p>\n\n\n\n<p>Parceiro desta iniciativa in\u00e9dita em Petrolina, o diretor de Opera\u00e7\u00f5es da cooperativa de cr\u00e9dito Sicredi Vale do S\u00e3o Francisco, Benedyto S\u00e1vio, destacou a relev\u00e2ncia das a\u00e7\u00f5es desenvolvidas em todas as etapas do projeto. &#8220;Obedecendo as diretrizes do nosso projeto de cuidar das pessoas e do meio ambiente, estivemos presentes desde o in\u00edcio, em julho do ano passado, acompanhando o envolvimento dos alunos nas palestras, treinamentos, plantio das mudas e fortalecimento de um compromisso com a preserva\u00e7\u00e3o da natureza e conscientiza\u00e7\u00e3o do valor da educa\u00e7\u00e3o ambiental&#8221;, ressaltou.<\/p>\n\n\n\n<figure class=\"wp-block-image aligncenter size-large is-resized\"><a href=\"https:\/\/i0.wp.com\/blogdoeloiltoncajuhy.com.br\/site\/wp-content\/uploads\/2022\/06\/Class_04062022-02.jpeg\"><img data-recalc-dims=\"1\" decoding=\"async\" src=\"https:\/\/i0.wp.com\/blogdoeloiltoncajuhy.com.br\/site\/wp-content\/uploads\/2022\/06\/Class_04062022-02.jpeg?resize=594%2C396\" alt=\"\" class=\"wp-image-65576\" width=\"594\" height=\"396\" srcset=\"https:\/\/i0.wp.com\/blogdoeloiltoncajuhy.com.br\/site\/wp-content\/uploads\/2022\/06\/Class_04062022-02.jpeg?resize=1024%2C682&amp;ssl=1 1024w, https:\/\/i0.wp.com\/blogdoeloiltoncajuhy.com.br\/site\/wp-content\/uploads\/2022\/06\/Class_04062022-02.jpeg?resize=300%2C200&amp;ssl=1 300w, https:\/\/i0.wp.com\/blogdoeloiltoncajuhy.com.br\/site\/wp-content\/uploads\/2022\/06\/Class_04062022-02.jpeg?resize=768%2C512&amp;ssl=1 768w, https:\/\/i0.wp.com\/blogdoeloiltoncajuhy.com.br\/site\/wp-content\/uploads\/2022\/06\/Class_04062022-02.jpeg?w=1280&amp;ssl=1 1280w\" sizes=\"(max-width: 594px) 100vw, 594px\" \/><\/a><\/figure>\n\n\n\n<p>Ainda na solenidade, os gestores das escolas e os alunos tamb\u00e9m falaram da import\u00e2ncia do projeto que esta trazendo benef\u00edcios para a sa\u00fade ambiental e o bem-estar, al\u00e9m de melhorar a qualidade de vida da popula\u00e7\u00e3o. Segundo a estudante Alessandra, da escola Santa Terezinha, no bairro Dom Avelar, a iniciativa promoveu uma verdadeira mudan\u00e7a de atitude interior em todos seus colegas. Estudante da zona rural, o aluno Pedro, da escola Jos\u00e9 Esmerindo Ribeiro, tamb\u00e9m n\u00e3o escondeu a emo\u00e7\u00e3o ao descrever a sensa\u00e7\u00e3o de plantar uma \u00e1rvore pela primeira vez.<\/p>\n\n\n\n<p>No encerramento, a vice-presidente do Rotary Club Petrolina Norte e coordenadora do Comit\u00ea Mulher do Sicredi Vale do S\u00e3o Francisco, Gislane Gava, concluiu lembrando a continuidade das a\u00e7\u00f5es nas escolas da sede e interior do munic\u00edpio. &#8220;Mais de 300 clubs do Rotary em toda Am\u00e9rica Latina e Espanha est\u00e3o empenhados neste momento com a terceira edi\u00e7\u00e3o deste magn\u00edfico projeto, e Petrolina, em sua primeira participa\u00e7\u00e3o, surpreende e j\u00e1 \u00e9 destaque&#8221;, finalizou.<\/p>\n","protected":false},"excerpt":{"rendered":"<p>Na Semana do Meio Ambiente mais de mil alunos de 21 escolas municipais de Petrolina, receberam, na manh\u00e3 desta sexta-feira (3), a certifica\u00e7\u00e3o de &#8216;L\u00edderes Ambientais&#8217; do III Projeto Rot\u00e1rio Am\u00e9rica Latina e Espanha em Educa\u00e7\u00e3o e Meio Ambiente. Durante a entrega dos certificados, a presidente do Rotary Club Petrolina Norte, Ant\u00f4nia Eul\u00e1lia Queiroz, abriu [&hellip;]<\/p>\n","protected":false},"author":2,"featured_media":65576,"comment_status":"open","ping_status":"open","sticky":false,"template":"","format":"standard","meta":{"_acf_changed":false,"_monsterinsights_skip_tracking":false,"_monsterinsights_sitenote_active":false,"_monsterinsights_sitenote_note":"","_monsterinsights_sitenote_category":0,"_jetpack_memberships_contains_paid_content":false,"footnotes":"","jetpack_publicize_message":"","jetpack_publicize_feature_enabled":true,"jetpack_social_post_already_shared":true,"jetpack_social_options":{"image_generator_settings":{"template":"highway","default_image_id":0,"font":"","enabled":false},"version":2}},"categories":[11],"tags":[],"class_list":["post-65574","post","type-post","status-publish","format-standard","has-post-thumbnail","hentry","category-regional"],"acf":[],"jetpack_publicize_connections":[],"jetpack_featured_media_url":"https:\/\/i0.wp.com\/blogdoeloiltoncajuhy.com.br\/site\/wp-content\/uploads\/2022\/06\/Class_04062022-02.jpeg?fit=1280%2C853&ssl=1","jetpack_sharing_enabled":true,"publishpress_future_workflow_manual_trigger":{"enabledWorkflows":[]},"_links":{"self":[{"href":"https:\/\/blogdoeloiltoncajuhy.com.br\/site\/wp-json\/wp\/v2\/posts\/65574","targetHints":{"allow":["GET"]}}],"collection":[{"href":"https:\/\/blogdoeloiltoncajuhy.com.br\/site\/wp-json\/wp\/v2\/posts"}],"about":[{"href":"https:\/\/blogdoeloiltoncajuhy.com.br\/site\/wp-json\/wp\/v2\/types\/post"}],"author":[{"embeddable":true,"href":"https:\/\/blogdoeloiltoncajuhy.com.br\/site\/wp-json\/wp\/v2\/users\/2"}],"replies":[{"embeddable":true,"href":"https:\/\/blogdoeloiltoncajuhy.com.br\/site\/wp-json\/wp\/v2\/comments?post=65574"}],"version-history":[{"count":2,"href":"https:\/\/blogdoeloiltoncajuhy.com.br\/site\/wp-json\/wp\/v2\/posts\/65574\/revisions"}],"predecessor-version":[{"id":65578,"href":"https:\/\/blogdoeloiltoncajuhy.com.br\/site\/wp-json\/wp\/v2\/posts\/65574\/revisions\/65578"}],"wp:featuredmedia":[{"embeddable":true,"href":"https:\/\/blogdoeloiltoncajuhy.com.br\/site\/wp-json\/wp\/v2\/media\/65576"}],"wp:attachment":[{"href":"https:\/\/blogdoeloiltoncajuhy.com.br\/site\/wp-json\/wp\/v2\/media?parent=65574"}],"wp:term":[{"taxonomy":"category","embeddable":true,"href":"https:\/\/blogdoeloiltoncajuhy.com.br\/site\/wp-json\/wp\/v2\/categories?post=65574"},{"taxonomy":"post_tag","embeddable":true,"href":"https:\/\/blogdoeloiltoncajuhy.com.br\/site\/wp-json\/wp\/v2\/tags?post=65574"}],"curies":[{"name":"wp","href":"https:\/\/api.w.org\/{rel}","templated":true}]}}