{"id":65558,"date":"2022-06-03T19:23:39","date_gmt":"2022-06-03T22:23:39","guid":{"rendered":"http:\/\/blogdoeloiltoncajuhy.com.br\/site\/?p=65558"},"modified":"2022-06-03T22:24:27","modified_gmt":"2022-06-04T01:24:27","slug":"dois-elementos-tombam-em-confronto-com-a-policia-militar-em-senhor-do-bonfim","status":"publish","type":"post","link":"https:\/\/blogdoeloiltoncajuhy.com.br\/site\/dois-elementos-tombam-em-confronto-com-a-policia-militar-em-senhor-do-bonfim\/","title":{"rendered":"Dois elementos tombam em confronto com a Pol\u00edcia Militar em Senhor do Bonfim"},"content":{"rendered":"\n<figure class=\"wp-block-image aligncenter size-large is-resized\"><a href=\"https:\/\/i0.wp.com\/blogdoeloiltoncajuhy.com.br\/site\/wp-content\/uploads\/2022\/06\/Bonfim_Acao-PM-dois-mortos-2022-06-03-01.jpeg\"><img data-recalc-dims=\"1\" fetchpriority=\"high\" decoding=\"async\" src=\"https:\/\/i0.wp.com\/blogdoeloiltoncajuhy.com.br\/site\/wp-content\/uploads\/2022\/06\/Bonfim_Acao-PM-dois-mortos-2022-06-03-01.jpeg?resize=631%2C473\" alt=\"\" class=\"wp-image-65559\" width=\"631\" height=\"473\" srcset=\"https:\/\/i0.wp.com\/blogdoeloiltoncajuhy.com.br\/site\/wp-content\/uploads\/2022\/06\/Bonfim_Acao-PM-dois-mortos-2022-06-03-01.jpeg?resize=1024%2C768&amp;ssl=1 1024w, https:\/\/i0.wp.com\/blogdoeloiltoncajuhy.com.br\/site\/wp-content\/uploads\/2022\/06\/Bonfim_Acao-PM-dois-mortos-2022-06-03-01.jpeg?resize=300%2C225&amp;ssl=1 300w, https:\/\/i0.wp.com\/blogdoeloiltoncajuhy.com.br\/site\/wp-content\/uploads\/2022\/06\/Bonfim_Acao-PM-dois-mortos-2022-06-03-01.jpeg?resize=768%2C576&amp;ssl=1 768w, https:\/\/i0.wp.com\/blogdoeloiltoncajuhy.com.br\/site\/wp-content\/uploads\/2022\/06\/Bonfim_Acao-PM-dois-mortos-2022-06-03-01.jpeg?resize=1536%2C1152&amp;ssl=1 1536w, https:\/\/i0.wp.com\/blogdoeloiltoncajuhy.com.br\/site\/wp-content\/uploads\/2022\/06\/Bonfim_Acao-PM-dois-mortos-2022-06-03-01.jpeg?w=1600&amp;ssl=1 1600w\" sizes=\"(max-width: 631px) 100vw, 631px\" \/><\/a><\/figure>\n\n\n\n<p>Uma a\u00e7\u00e3o da Pol\u00edcia Militar da Bahia, atrav\u00e9s do 6\u00b0 BPM de Senhor do Bonfim, terminou com dois elementos mortos ap\u00f3s confronto. O caso aconteceu no fim da manh\u00e3 desta sexta feira (03).<\/p>\n\n\n\n<p>De acordo com informa\u00e7\u00f5es do 6\u00ba BPM, populares informaram que dois elementos estariam portando armas de fogo na Travessa Vila Nova. De imediato, foram acionadas as guarni\u00e7\u00f5es da Rondesp Norte, Cipe Caatinga e Ceto, dando in\u00edcio a uma a\u00e7\u00e3o ostensiva, t\u00e1tica e preventiva no local.<\/p>\n\n\n\n<figure class=\"wp-block-image aligncenter size-large is-resized\"><a href=\"https:\/\/i0.wp.com\/blogdoeloiltoncajuhy.com.br\/site\/wp-content\/uploads\/2022\/06\/Bonfim_Acao-PM-dois-mortos-2022-06-03-02.jpeg\"><img data-recalc-dims=\"1\" decoding=\"async\" src=\"https:\/\/i0.wp.com\/blogdoeloiltoncajuhy.com.br\/site\/wp-content\/uploads\/2022\/06\/Bonfim_Acao-PM-dois-mortos-2022-06-03-02.jpeg?resize=405%2C570\" alt=\"\" class=\"wp-image-65560\" width=\"405\" height=\"570\" srcset=\"https:\/\/i0.wp.com\/blogdoeloiltoncajuhy.com.br\/site\/wp-content\/uploads\/2022\/06\/Bonfim_Acao-PM-dois-mortos-2022-06-03-02.jpeg?resize=728%2C1024&amp;ssl=1 728w, https:\/\/i0.wp.com\/blogdoeloiltoncajuhy.com.br\/site\/wp-content\/uploads\/2022\/06\/Bonfim_Acao-PM-dois-mortos-2022-06-03-02.jpeg?resize=213%2C300&amp;ssl=1 213w, https:\/\/i0.wp.com\/blogdoeloiltoncajuhy.com.br\/site\/wp-content\/uploads\/2022\/06\/Bonfim_Acao-PM-dois-mortos-2022-06-03-02.jpeg?resize=768%2C1080&amp;ssl=1 768w, https:\/\/i0.wp.com\/blogdoeloiltoncajuhy.com.br\/site\/wp-content\/uploads\/2022\/06\/Bonfim_Acao-PM-dois-mortos-2022-06-03-02.jpeg?w=1075&amp;ssl=1 1075w\" sizes=\"(max-width: 405px) 100vw, 405px\" \/><\/a><\/figure>\n\n\n\n<p>Ainda segundo a PM, ao se aproximarem do local, as guarni\u00e7\u00f5es foram recebidas a bala, sendo formado cerco na tentativa de conter os indiv\u00edduos. Ap\u00f3s os disparos, foram encontrados dois elementos feridos, identificados como Availton Z\u00f3io e JL.<\/p>\n\n\n\n<p>Com eles, segundo  informou o 6\u00ba BPM, foram encontrados um rev\u00f3lver .38 com 7 cartuchos deflagrados e uma pistola 9 mm, com 5 cartuchos intactos e 7 deflagrados, 21 trouxas de maconha e 4 petecas de coca\u00edna. Os dois indiv\u00edduos foram socorridos pelas guarni\u00e7\u00f5es para a UPA 24h, mas eles n\u00e3o resistiram.<\/p>\n\n\n\n<figure class=\"wp-block-image aligncenter size-full is-resized\"><a href=\"https:\/\/i0.wp.com\/blogdoeloiltoncajuhy.com.br\/site\/wp-content\/uploads\/2022\/06\/Bonfim_Acao-PM-dois-mortos-2022-06-03-03.jpeg\"><img data-recalc-dims=\"1\" decoding=\"async\" src=\"https:\/\/i0.wp.com\/blogdoeloiltoncajuhy.com.br\/site\/wp-content\/uploads\/2022\/06\/Bonfim_Acao-PM-dois-mortos-2022-06-03-03.jpeg?resize=536%2C540\" alt=\"\" class=\"wp-image-65561\" width=\"536\" height=\"540\" srcset=\"https:\/\/i0.wp.com\/blogdoeloiltoncajuhy.com.br\/site\/wp-content\/uploads\/2022\/06\/Bonfim_Acao-PM-dois-mortos-2022-06-03-03.jpeg?w=714&amp;ssl=1 714w, https:\/\/i0.wp.com\/blogdoeloiltoncajuhy.com.br\/site\/wp-content\/uploads\/2022\/06\/Bonfim_Acao-PM-dois-mortos-2022-06-03-03.jpeg?resize=298%2C300&amp;ssl=1 298w, https:\/\/i0.wp.com\/blogdoeloiltoncajuhy.com.br\/site\/wp-content\/uploads\/2022\/06\/Bonfim_Acao-PM-dois-mortos-2022-06-03-03.jpeg?resize=150%2C150&amp;ssl=1 150w\" sizes=\"(max-width: 536px) 100vw, 536px\" \/><\/a><\/figure>\n\n\n\n<p>&#8220;O Comando do 6\u00b0 BPM ratifica o compromisso de defender a sociedade bonfinense e toda regi\u00e3o sob sua responsabilidade de atua\u00e7\u00e3o, de qualquer tipo de amea\u00e7a \u00e0 vida ou ao patrim\u00f4nio do cidad\u00e3o, utilizando-se sempre dos meios legais e proporcionais com o uso Progressivo da For\u00e7a! O crime n\u00e3o vai e n\u00e3o pode prosperar!&#8221;, afirmou o Sub-Comandante da Unidade, Maj PM Flailton Oliveira.<\/p>\n\n\n\n<p><strong><em>*Fotos: Divulga\u00e7\u00e3o \/ 6\u00ba BPM\/Senhor do Bonfim-BA<\/em><\/strong><\/p>\n","protected":false},"excerpt":{"rendered":"<p>Uma a\u00e7\u00e3o da Pol\u00edcia Militar da Bahia, atrav\u00e9s do 6\u00b0 BPM de Senhor do Bonfim, terminou com dois elementos mortos ap\u00f3s confronto. O caso aconteceu no fim da manh\u00e3 desta sexta feira (03). De acordo com informa\u00e7\u00f5es do 6\u00ba BPM, populares informaram que dois elementos estariam portando armas de fogo na Travessa Vila Nova. De [&hellip;]<\/p>\n","protected":false},"author":2,"featured_media":65561,"comment_status":"open","ping_status":"open","sticky":false,"template":"","format":"standard","meta":{"_acf_changed":false,"_monsterinsights_skip_tracking":false,"_monsterinsights_sitenote_active":false,"_monsterinsights_sitenote_note":"","_monsterinsights_sitenote_category":0,"_jetpack_memberships_contains_paid_content":false,"footnotes":"","jetpack_publicize_message":"","jetpack_publicize_feature_enabled":true,"jetpack_social_post_already_shared":true,"jetpack_social_options":{"image_generator_settings":{"template":"highway","default_image_id":0,"font":"","enabled":false},"version":2}},"categories":[15],"tags":[],"class_list":["post-65558","post","type-post","status-publish","format-standard","has-post-thumbnail","hentry","category-policia"],"acf":[],"jetpack_publicize_connections":[],"jetpack_featured_media_url":"https:\/\/i0.wp.com\/blogdoeloiltoncajuhy.com.br\/site\/wp-content\/uploads\/2022\/06\/Bonfim_Acao-PM-dois-mortos-2022-06-03-03.jpeg?fit=714%2C720&ssl=1","jetpack_sharing_enabled":true,"publishpress_future_workflow_manual_trigger":{"enabledWorkflows":[]},"_links":{"self":[{"href":"https:\/\/blogdoeloiltoncajuhy.com.br\/site\/wp-json\/wp\/v2\/posts\/65558","targetHints":{"allow":["GET"]}}],"collection":[{"href":"https:\/\/blogdoeloiltoncajuhy.com.br\/site\/wp-json\/wp\/v2\/posts"}],"about":[{"href":"https:\/\/blogdoeloiltoncajuhy.com.br\/site\/wp-json\/wp\/v2\/types\/post"}],"author":[{"embeddable":true,"href":"https:\/\/blogdoeloiltoncajuhy.com.br\/site\/wp-json\/wp\/v2\/users\/2"}],"replies":[{"embeddable":true,"href":"https:\/\/blogdoeloiltoncajuhy.com.br\/site\/wp-json\/wp\/v2\/comments?post=65558"}],"version-history":[{"count":5,"href":"https:\/\/blogdoeloiltoncajuhy.com.br\/site\/wp-json\/wp\/v2\/posts\/65558\/revisions"}],"predecessor-version":[{"id":65569,"href":"https:\/\/blogdoeloiltoncajuhy.com.br\/site\/wp-json\/wp\/v2\/posts\/65558\/revisions\/65569"}],"wp:featuredmedia":[{"embeddable":true,"href":"https:\/\/blogdoeloiltoncajuhy.com.br\/site\/wp-json\/wp\/v2\/media\/65561"}],"wp:attachment":[{"href":"https:\/\/blogdoeloiltoncajuhy.com.br\/site\/wp-json\/wp\/v2\/media?parent=65558"}],"wp:term":[{"taxonomy":"category","embeddable":true,"href":"https:\/\/blogdoeloiltoncajuhy.com.br\/site\/wp-json\/wp\/v2\/categories?post=65558"},{"taxonomy":"post_tag","embeddable":true,"href":"https:\/\/blogdoeloiltoncajuhy.com.br\/site\/wp-json\/wp\/v2\/tags?post=65558"}],"curies":[{"name":"wp","href":"https:\/\/api.w.org\/{rel}","templated":true}]}}