{"id":65554,"date":"2022-06-03T10:30:36","date_gmt":"2022-06-03T13:30:36","guid":{"rendered":"http:\/\/blogdoeloiltoncajuhy.com.br\/site\/?p=65554"},"modified":"2022-06-03T10:30:38","modified_gmt":"2022-06-03T13:30:38","slug":"camara-dos-deputados-volta-a-debater-maus-tratos-contra-animais-em-competicoes-esportivas","status":"publish","type":"post","link":"https:\/\/blogdoeloiltoncajuhy.com.br\/site\/camara-dos-deputados-volta-a-debater-maus-tratos-contra-animais-em-competicoes-esportivas\/","title":{"rendered":"C\u00e2mara dos Deputados volta a debater maus-tratos contra animais em competi\u00e7\u00f5es esportivas"},"content":{"rendered":"\n<figure class=\"wp-block-image aligncenter size-full\"><a href=\"https:\/\/i0.wp.com\/blogdoeloiltoncajuhy.com.br\/site\/wp-content\/uploads\/2022\/06\/vaquejada-03062022.jpg\"><img data-recalc-dims=\"1\" fetchpriority=\"high\" decoding=\"async\" width=\"768\" height=\"512\" src=\"https:\/\/i0.wp.com\/blogdoeloiltoncajuhy.com.br\/site\/wp-content\/uploads\/2022\/06\/vaquejada-03062022.jpg?resize=768%2C512\" alt=\"\" class=\"wp-image-65555\" srcset=\"https:\/\/i0.wp.com\/blogdoeloiltoncajuhy.com.br\/site\/wp-content\/uploads\/2022\/06\/vaquejada-03062022.jpg?w=768&amp;ssl=1 768w, https:\/\/i0.wp.com\/blogdoeloiltoncajuhy.com.br\/site\/wp-content\/uploads\/2022\/06\/vaquejada-03062022.jpg?resize=300%2C200&amp;ssl=1 300w\" sizes=\"(max-width: 768px) 100vw, 768px\" \/><\/a><figcaption><sub>Audi\u00eancia vai debater a presen\u00e7a de animais em competi\u00e7\u00f5es esportivas &#8211; Foto: Gustavo Vara\/Prefeitura de Pelotas-RS<\/sub><\/figcaption><\/figure>\n\n\n\n<p>A Comiss\u00e3o de Esporte da C\u00e2mara dos Deputados realiza audi\u00eancia p\u00fablica na ter\u00e7a-feira (7) para discutir o combate aos maus-tratos contra animais em competi\u00e7\u00f5es esportivas. O debate ser\u00e1 no plen\u00e1rio 4, \u00e0s 13 horas, e poder\u00e1 ser acompanhado de forma virtual e interativa pelo e-Democracia.<\/p>\n\n\n\n<p>O deputado Delegado Pablo (Uni\u00e3o-AM), que pediu a audi\u00eancia, lembra que no C\u00f3digo Civil brasileiro os animais s\u00e3o classificados como objetos, mais especificamente como \u201cbens semoventes\u201d. E lembrou ainda que&nbsp;h\u00e1 trechos referentes \u00e0 condi\u00e7\u00e3o animal no C\u00f3digo de Defesa do Consumidor, no qual existe o direito de arrependimento, que estabelece ser \u201cabsolutamente ilegal cl\u00e1usula que estabelece a recusa da devolu\u00e7\u00e3o do animal\u201d.<\/p>\n\n\n\n<p>\u201cAssim, em caso de arrependimento com seu produto, o comprador pode devolv\u00ea-lo, tornando a situa\u00e7\u00e3o dos animais extremamente vulner\u00e1vel\u201d, disse o deputado.<\/p>\n\n\n\n<p>O parlamentar citou ainda a lei oriunda do PL 1095\/19, que aumentou a puni\u00e7\u00e3o para quem praticar ato de abuso, maus-tratos, ferir ou mutilar c\u00e3o ou gato (Lei 14.064\/20). &#8220;A legisla\u00e7\u00e3o abrange animais silvestres, dom\u00e9sticos ou domesticados, nativos ou ex\u00f3ticos, incluindo, a\u00ed, os animais domesticados para competi\u00e7\u00f5es&#8221;, objeto principal da audi\u00eancia, disse o Delegado Pablo.<\/p>\n\n\n\n<p class=\"has-black-color has-text-color\"><strong>Debatedores<\/strong><\/p>\n\n\n\n<p>Est\u00e1 confirmada a presen\u00e7a do presidente do Instituto SOS Pets, Amauri Gomes dos Santos. Tamb\u00e9m foram convidados representantes da Uni\u00e3o Internacional Protetora dos Animais, do projeto Esperan\u00e7a Animal e do Conselho Federal de Medicina Veterin\u00e1ria.<\/p>\n","protected":false},"excerpt":{"rendered":"<p>A Comiss\u00e3o de Esporte da C\u00e2mara dos Deputados realiza audi\u00eancia p\u00fablica na ter\u00e7a-feira (7) para discutir o combate aos maus-tratos contra animais em competi\u00e7\u00f5es esportivas. O debate ser\u00e1 no plen\u00e1rio 4, \u00e0s 13 horas, e poder\u00e1 ser acompanhado de forma virtual e interativa pelo e-Democracia. O deputado Delegado Pablo (Uni\u00e3o-AM), que pediu a audi\u00eancia, lembra [&hellip;]<\/p>\n","protected":false},"author":2,"featured_media":65555,"comment_status":"open","ping_status":"open","sticky":false,"template":"","format":"standard","meta":{"_acf_changed":false,"_monsterinsights_skip_tracking":false,"_monsterinsights_sitenote_active":false,"_monsterinsights_sitenote_note":"","_monsterinsights_sitenote_category":0,"_jetpack_memberships_contains_paid_content":false,"footnotes":"","jetpack_publicize_message":"","jetpack_publicize_feature_enabled":true,"jetpack_social_post_already_shared":true,"jetpack_social_options":{"image_generator_settings":{"template":"highway","default_image_id":0,"font":"","enabled":false},"version":2}},"categories":[3],"tags":[],"class_list":["post-65554","post","type-post","status-publish","format-standard","has-post-thumbnail","hentry","category-politica"],"acf":[],"jetpack_publicize_connections":[],"jetpack_featured_media_url":"https:\/\/i0.wp.com\/blogdoeloiltoncajuhy.com.br\/site\/wp-content\/uploads\/2022\/06\/vaquejada-03062022.jpg?fit=768%2C512&ssl=1","jetpack_sharing_enabled":true,"publishpress_future_workflow_manual_trigger":{"enabledWorkflows":[]},"_links":{"self":[{"href":"https:\/\/blogdoeloiltoncajuhy.com.br\/site\/wp-json\/wp\/v2\/posts\/65554","targetHints":{"allow":["GET"]}}],"collection":[{"href":"https:\/\/blogdoeloiltoncajuhy.com.br\/site\/wp-json\/wp\/v2\/posts"}],"about":[{"href":"https:\/\/blogdoeloiltoncajuhy.com.br\/site\/wp-json\/wp\/v2\/types\/post"}],"author":[{"embeddable":true,"href":"https:\/\/blogdoeloiltoncajuhy.com.br\/site\/wp-json\/wp\/v2\/users\/2"}],"replies":[{"embeddable":true,"href":"https:\/\/blogdoeloiltoncajuhy.com.br\/site\/wp-json\/wp\/v2\/comments?post=65554"}],"version-history":[{"count":2,"href":"https:\/\/blogdoeloiltoncajuhy.com.br\/site\/wp-json\/wp\/v2\/posts\/65554\/revisions"}],"predecessor-version":[{"id":65557,"href":"https:\/\/blogdoeloiltoncajuhy.com.br\/site\/wp-json\/wp\/v2\/posts\/65554\/revisions\/65557"}],"wp:featuredmedia":[{"embeddable":true,"href":"https:\/\/blogdoeloiltoncajuhy.com.br\/site\/wp-json\/wp\/v2\/media\/65555"}],"wp:attachment":[{"href":"https:\/\/blogdoeloiltoncajuhy.com.br\/site\/wp-json\/wp\/v2\/media?parent=65554"}],"wp:term":[{"taxonomy":"category","embeddable":true,"href":"https:\/\/blogdoeloiltoncajuhy.com.br\/site\/wp-json\/wp\/v2\/categories?post=65554"},{"taxonomy":"post_tag","embeddable":true,"href":"https:\/\/blogdoeloiltoncajuhy.com.br\/site\/wp-json\/wp\/v2\/tags?post=65554"}],"curies":[{"name":"wp","href":"https:\/\/api.w.org\/{rel}","templated":true}]}}