{"id":65550,"date":"2022-06-03T10:12:42","date_gmt":"2022-06-03T13:12:42","guid":{"rendered":"http:\/\/blogdoeloiltoncajuhy.com.br\/site\/?p=65550"},"modified":"2022-06-03T10:12:44","modified_gmt":"2022-06-03T13:12:44","slug":"comissao-da-camara-aprova-proposta-que-proibe-condenado-por-crime-sexual-de-trabalhar-com-criancas","status":"publish","type":"post","link":"https:\/\/blogdoeloiltoncajuhy.com.br\/site\/comissao-da-camara-aprova-proposta-que-proibe-condenado-por-crime-sexual-de-trabalhar-com-criancas\/","title":{"rendered":"Comiss\u00e3o da C\u00e2mara aprova proposta que pro\u00edbe condenado por crime sexual de trabalhar com crian\u00e7as"},"content":{"rendered":"\n<p class=\"has-text-align-center has-medium-font-size\"><em>Para relator, a medida amplia a prote\u00e7\u00e3o de potenciais v\u00edtimas<\/em><\/p>\n\n\n\n<figure class=\"wp-block-image aligncenter size-large is-resized\"><a href=\"https:\/\/i0.wp.com\/blogdoeloiltoncajuhy.com.br\/site\/wp-content\/uploads\/2022\/06\/violencia-sexual-03062022.jpg\"><img data-recalc-dims=\"1\" fetchpriority=\"high\" decoding=\"async\" src=\"https:\/\/i0.wp.com\/blogdoeloiltoncajuhy.com.br\/site\/wp-content\/uploads\/2022\/06\/violencia-sexual-03062022.jpg?resize=768%2C401\" alt=\"\" class=\"wp-image-65551\" width=\"768\" height=\"401\" srcset=\"https:\/\/i0.wp.com\/blogdoeloiltoncajuhy.com.br\/site\/wp-content\/uploads\/2022\/06\/violencia-sexual-03062022.jpg?resize=1024%2C535&amp;ssl=1 1024w, https:\/\/i0.wp.com\/blogdoeloiltoncajuhy.com.br\/site\/wp-content\/uploads\/2022\/06\/violencia-sexual-03062022.jpg?resize=300%2C157&amp;ssl=1 300w, https:\/\/i0.wp.com\/blogdoeloiltoncajuhy.com.br\/site\/wp-content\/uploads\/2022\/06\/violencia-sexual-03062022.jpg?resize=768%2C401&amp;ssl=1 768w, https:\/\/i0.wp.com\/blogdoeloiltoncajuhy.com.br\/site\/wp-content\/uploads\/2022\/06\/violencia-sexual-03062022.jpg?w=1200&amp;ssl=1 1200w\" sizes=\"(max-width: 768px) 100vw, 768px\" \/><\/a><\/figure>\n\n\n\n<p>A Comiss\u00e3o de Seguridade Social e Fam\u00edlia da C\u00e2mara dos Deputados aprovou proposta que pro\u00edbe o condenado por crimes sexuais contra crian\u00e7as e adolescentes de exercer profiss\u00e3o relacionada a esse p\u00fablico.<\/p>\n\n\n\n<p>O texto aprovado \u00e9 o substitutivo do deputado Diego Garcia (Republicanos-PR), que uniu em um s\u00f3 texto o Projeto de Lei 6477\/19 , do deputado Lucas Redecker (PSDB-RS),&nbsp;e o Projeto de Lei 43\/20 (apensado), de autoria do deputado Alexandre Frota (PSDB-SP).<\/p>\n\n\n\n<p>Garcia sugere a mudan\u00e7a do C\u00f3digo Penal para incluir entre os efeitos da condena\u00e7\u00e3o por crime contra a dignidade sexual de crian\u00e7as e adolescentes a proibi\u00e7\u00e3o do exerc\u00edcio de atividade profissional que seja vinculada a esse grupo.<\/p>\n\n\n\n<p>A regra vale para atividades remuneradas ou n\u00e3o e para condena\u00e7\u00f5es pelos crimes sexuais previstos no C\u00f3digo Penal e no Estatuto da Crian\u00e7a e do Adolescente.<\/p>\n\n\n\n<p>O relator avalia que a medida amplia a prote\u00e7\u00e3o de potenciais v\u00edtimas, diante da probabilidade de reincid\u00eancia do condenado.<\/p>\n\n\n\n<p>\u201cA condena\u00e7\u00e3o, por si s\u00f3, n\u00e3o constitui garantia de que o agente n\u00e3o voltar\u00e1 a delinquir. \u00c9 necess\u00e1rio, portanto, que a lei estabele\u00e7a mecanismos mais eficazes para a preven\u00e7\u00e3o de crimes sexuais praticados contra crian\u00e7as e adolescentes, considerando a gravidade e as consequ\u00eancias desses delitos\u201d, argumentou.<\/p>\n\n\n\n<p class=\"has-black-color has-text-color\"><strong>Tramita\u00e7\u00e3o<\/strong><\/p>\n\n\n\n<p>A proposta tramita em car\u00e1ter conclusivo e ainda ser\u00e1 analisada pela Comiss\u00e3o de Constitui\u00e7\u00e3o e Justi\u00e7a e de Cidadania.<\/p>\n","protected":false},"excerpt":{"rendered":"<p>Para relator, a medida amplia a prote\u00e7\u00e3o de potenciais v\u00edtimas A Comiss\u00e3o de Seguridade Social e Fam\u00edlia da C\u00e2mara dos Deputados aprovou proposta que pro\u00edbe o condenado por crimes sexuais contra crian\u00e7as e adolescentes de exercer profiss\u00e3o relacionada a esse p\u00fablico. O texto aprovado \u00e9 o substitutivo do deputado Diego Garcia (Republicanos-PR), que uniu em [&hellip;]<\/p>\n","protected":false},"author":2,"featured_media":65551,"comment_status":"open","ping_status":"open","sticky":false,"template":"","format":"standard","meta":{"_acf_changed":false,"_monsterinsights_skip_tracking":false,"_monsterinsights_sitenote_active":false,"_monsterinsights_sitenote_note":"","_monsterinsights_sitenote_category":0,"_jetpack_memberships_contains_paid_content":false,"footnotes":"","jetpack_publicize_message":"","jetpack_publicize_feature_enabled":true,"jetpack_social_post_already_shared":true,"jetpack_social_options":{"image_generator_settings":{"template":"highway","default_image_id":0,"font":"","enabled":false},"version":2}},"categories":[3],"tags":[],"class_list":["post-65550","post","type-post","status-publish","format-standard","has-post-thumbnail","hentry","category-politica"],"acf":[],"jetpack_publicize_connections":[],"jetpack_featured_media_url":"https:\/\/i0.wp.com\/blogdoeloiltoncajuhy.com.br\/site\/wp-content\/uploads\/2022\/06\/violencia-sexual-03062022.jpg?fit=1200%2C627&ssl=1","jetpack_sharing_enabled":true,"publishpress_future_workflow_manual_trigger":{"enabledWorkflows":[]},"_links":{"self":[{"href":"https:\/\/blogdoeloiltoncajuhy.com.br\/site\/wp-json\/wp\/v2\/posts\/65550","targetHints":{"allow":["GET"]}}],"collection":[{"href":"https:\/\/blogdoeloiltoncajuhy.com.br\/site\/wp-json\/wp\/v2\/posts"}],"about":[{"href":"https:\/\/blogdoeloiltoncajuhy.com.br\/site\/wp-json\/wp\/v2\/types\/post"}],"author":[{"embeddable":true,"href":"https:\/\/blogdoeloiltoncajuhy.com.br\/site\/wp-json\/wp\/v2\/users\/2"}],"replies":[{"embeddable":true,"href":"https:\/\/blogdoeloiltoncajuhy.com.br\/site\/wp-json\/wp\/v2\/comments?post=65550"}],"version-history":[{"count":2,"href":"https:\/\/blogdoeloiltoncajuhy.com.br\/site\/wp-json\/wp\/v2\/posts\/65550\/revisions"}],"predecessor-version":[{"id":65553,"href":"https:\/\/blogdoeloiltoncajuhy.com.br\/site\/wp-json\/wp\/v2\/posts\/65550\/revisions\/65553"}],"wp:featuredmedia":[{"embeddable":true,"href":"https:\/\/blogdoeloiltoncajuhy.com.br\/site\/wp-json\/wp\/v2\/media\/65551"}],"wp:attachment":[{"href":"https:\/\/blogdoeloiltoncajuhy.com.br\/site\/wp-json\/wp\/v2\/media?parent=65550"}],"wp:term":[{"taxonomy":"category","embeddable":true,"href":"https:\/\/blogdoeloiltoncajuhy.com.br\/site\/wp-json\/wp\/v2\/categories?post=65550"},{"taxonomy":"post_tag","embeddable":true,"href":"https:\/\/blogdoeloiltoncajuhy.com.br\/site\/wp-json\/wp\/v2\/tags?post=65550"}],"curies":[{"name":"wp","href":"https:\/\/api.w.org\/{rel}","templated":true}]}}