{"id":65546,"date":"2022-06-03T09:51:58","date_gmt":"2022-06-03T12:51:58","guid":{"rendered":"http:\/\/blogdoeloiltoncajuhy.com.br\/site\/?p=65546"},"modified":"2022-06-03T09:51:59","modified_gmt":"2022-06-03T12:51:59","slug":"senadores-sugerem-a-fux-ouvir-exercito-sobre-real-intencao-de-bolsonaro-nas-eleicoes","status":"publish","type":"post","link":"https:\/\/blogdoeloiltoncajuhy.com.br\/site\/senadores-sugerem-a-fux-ouvir-exercito-sobre-real-intencao-de-bolsonaro-nas-eleicoes\/","title":{"rendered":"Senadores sugerem a Fux ouvir Ex\u00e9rcito sobre real inten\u00e7\u00e3o de Bolsonaro nas elei\u00e7\u00f5es"},"content":{"rendered":"\n<figure class=\"wp-block-image aligncenter size-full\"><a href=\"https:\/\/i0.wp.com\/blogdoeloiltoncajuhy.com.br\/site\/wp-content\/uploads\/2022\/06\/Bolsonaro-03062022.jpg\"><img data-recalc-dims=\"1\" fetchpriority=\"high\" decoding=\"async\" width=\"710\" height=\"473\" src=\"https:\/\/i0.wp.com\/blogdoeloiltoncajuhy.com.br\/site\/wp-content\/uploads\/2022\/06\/Bolsonaro-03062022.jpg?resize=710%2C473\" alt=\"\" class=\"wp-image-65547\" srcset=\"https:\/\/i0.wp.com\/blogdoeloiltoncajuhy.com.br\/site\/wp-content\/uploads\/2022\/06\/Bolsonaro-03062022.jpg?w=710&amp;ssl=1 710w, https:\/\/i0.wp.com\/blogdoeloiltoncajuhy.com.br\/site\/wp-content\/uploads\/2022\/06\/Bolsonaro-03062022.jpg?resize=300%2C200&amp;ssl=1 300w\" sizes=\"(max-width: 710px) 100vw, 710px\" \/><\/a><figcaption><sub>Presidente Jair Bolsonaro j\u00e1 disse que poderia n\u00e3o reconhecer resultado das urnas eletr\u00f4nicas sem voto audit\u00e1vel &#8211; Foto: Andr\u00e9 Penner\/AP<\/sub><\/figcaption><\/figure>\n\n\n\n<p>O presidente do Supremo Tribunal Federal (STF), Luiz Fux, e a ministra da Corte C\u00e1rmen L\u00facia foram aconselhados por um grupo de sete senadores, na ter\u00e7a-feira, a procurar a c\u00fapula do Ex\u00e9rcito para saber at\u00e9 que ponto s\u00e3o reais as amea\u00e7as feitas pelo presidente Jair Bolsonaro (PL) de n\u00e3o reconhecer o resultado das elei\u00e7\u00f5es, caso perca a disputa. Os pr\u00f3prios senadores pretendem conversar com militares, pois se disseram preocupados com riscos \u00e0 democracia.<\/p>\n\n\n\n<p>A apreens\u00e3o foi manifestada durante jantar oferecido por C\u00e1rmen L\u00facia, na casa dela, a sete senadores e a Fux. O <strong>Estad\u00e3o<\/strong> apurou que senadores afirmaram aos ministros n\u00e3o ver qualquer rela\u00e7\u00e3o entre as For\u00e7as Armadas e as suspeitas lan\u00e7adas por Bolsonaro sobre as urnas eletr\u00f4nicas e o processo eleitoral. Disseram, ainda, que os generais com quem t\u00eam conversado n\u00e3o est\u00e3o dispostos a \u201cembarcar em uma aventura\u201d.<\/p>\n\n\n\n<p>Todos ali observaram, por\u00e9m, n\u00e3o ter d\u00favidas de que o presidente tem vontade de \u201cdar um golpe\u201d e criar confus\u00e3o para questionar o resultado das elei\u00e7\u00f5es. Questionado pelos colegas no jantar, o senador Fernando Bezerra Coelho (MDB-PE), ex-l\u00edder do governo no Senado, teria dito que n\u00e3o se deve subestimar a capacidade do presidente de promover arrua\u00e7as. A informa\u00e7\u00e3o foi divulgada pela coluna <strong>M\u00f4nica Bergamo<\/strong>, da <strong>Folha de S.Paulo<\/strong>, e confirmada pelo <strong>Estad\u00e3o<\/strong>. Bezerra Coelho negou que tenha feito esse coment\u00e1rio.<\/p>\n\n\n\n<p>Estavam tamb\u00e9m presentes os senadores Renan Calheiros (MDB-AL), K\u00e1tia Abreu (Progressistas-TO), Randolfe Rodrigues (Rede-AP), Tasso Jereissati (PSDB-CE), Marcelo Castro (MDB-PI) e Eduardo Braga (MDB-AM).<\/p>\n\n\n\n<p>Sob o argumento de que n\u00e3o seria estrat\u00e9gico romper rela\u00e7\u00f5es com o presidente, senadores observaram, na conversa com C\u00e1rmen L\u00facia e Fux, que o di\u00e1logo com o Planalto e com o n\u00facleo militar do governo deveria ser sempre mantido, tanto por ministros do Supremo como por parte do Congresso.<\/p>\n\n\n\n<p>Bolsonaro j\u00e1 disse v\u00e1rias vezes que poderia n\u00e3o reconhecer o resultado das urnas eletr\u00f4nicas sem voto audit\u00e1vel e, sem provas, questionou a legitimidade da Justi\u00e7a Eleitoral. Afirmou at\u00e9 mesmo que seu partido, o PL, contratar\u00e1 uma empresa para fazer auditoria privada das elei\u00e7\u00f5es. Em mais de um discurso, fez quest\u00e3o de destacar que \u201cs\u00f3 Deus\u201d o tira da cadeira de presidente.<\/p>\n\n\n\n<p class=\"has-black-color has-text-color has-medium-font-size\"><strong>&#8216;Arbitrariedade&#8217;<\/strong><\/p>\n\n\n\n<p>Na noite de ontem, em transmiss\u00e3o ao vivo pelas redes sociais, Bolsonaro disse que o Tribunal Superior Eleitoral (TSE) toma \u201cmedidas arbitr\u00e1rias\u201d e dirigiu novos ataques \u00e0 Corte.<\/p>\n\n\n\n<p>\u201cSabemos que o TSE est\u00e1 tendo medidas arbitr\u00e1rias contra o estado democr\u00e1tico de direito, ataca a democracia. N\u00e3o querem transpar\u00eancia do sistema eleitoral\u201d, afirmou. \u201cLamento aqui que o TSE convidou (sic) as For\u00e7as Armadas a participar de uma comiss\u00e3o que visa a transpar\u00eancia eleitoral. Depois que as For\u00e7as Armadas apresentam as sugest\u00f5es o TSE \u2013 o TSE n\u00e3o, o ministro presidente do TSE \u2013 n\u00e3o aceita mais conversar. E diz que tem de ser assim e n\u00e3o discute mais o assunto. Lament\u00e1vel\u201d, completou, numa refer\u00eancia ao ministro Edson Fachin.<\/p>\n\n\n\n<p>Bolsonaro tamb\u00e9m criticou, mais uma vez, a presen\u00e7a de observadores internacionais convidados pelo TSE para acompanhar as elei\u00e7\u00f5es de outubro. \u201cO presidente Fachin se reuniu nesta semana com embaixadores de outros pa\u00edses, dizendo: \u2018Quando aparecer o resultado, na tarde de 2 de outubro, seus pa\u00edses reconhe\u00e7am imediatamente o resultado das elei\u00e7\u00f5es\u2019. Bastante curioso isso que ele est\u00e1 fazendo. Lament\u00e1vel o senhor Fachin ter se reunido nesta semana com embaixadores de outros pa\u00edses\u201d, disse o presidente na live.<\/p>\n\n\n\n<p class=\"has-black-color has-text-color has-medium-font-size\"><strong>Observadores<\/strong><\/p>\n\n\n\n<p>O convite para que observadores internacionais acompanhem as elei\u00e7\u00f5es tamb\u00e9m foi assunto do jantar na casa de C\u00e1rmen L\u00facia. Ao contr\u00e1rio de Bolsonaro, os senadores presentes \u00e0quela reuni\u00e3o elogiaram a iniciativa do TSE. Disseram, ainda, que a atitude trar\u00e1 mais seguran\u00e7a \u00e0s elei\u00e7\u00f5es. Um dos parlamentares disse que \u201co mundo est\u00e1 de olho\u201d no Brasil.<\/p>\n\n\n\n<p>Este n\u00e3o foi o primeiro encontro entre senadores e ministros do Supremo para abordar a amea\u00e7a de ruptura institucional. No dia 11 de maio, K\u00e1tia Abreu organizou um jantar com os ministros do STF Gilmar Mendes, Ricardo Lewandowski e Alexandre de Moraes, al\u00e9m do presidente do Senado, Rodrigo Pacheco (PSD-MG), e de outros parlamentares. A ideia \u00e9 que encontros do tipo ocorram de forma rotineira .<\/p>\n","protected":false},"excerpt":{"rendered":"<p>O presidente do Supremo Tribunal Federal (STF), Luiz Fux, e a ministra da Corte C\u00e1rmen L\u00facia foram aconselhados por um grupo de sete senadores, na ter\u00e7a-feira, a procurar a c\u00fapula do Ex\u00e9rcito para saber at\u00e9 que ponto s\u00e3o reais as amea\u00e7as feitas pelo presidente Jair Bolsonaro (PL) de n\u00e3o reconhecer o resultado das elei\u00e7\u00f5es, caso [&hellip;]<\/p>\n","protected":false},"author":2,"featured_media":65253,"comment_status":"open","ping_status":"open","sticky":false,"template":"","format":"standard","meta":{"_acf_changed":false,"_monsterinsights_skip_tracking":false,"_monsterinsights_sitenote_active":false,"_monsterinsights_sitenote_note":"","_monsterinsights_sitenote_category":0,"_jetpack_memberships_contains_paid_content":false,"footnotes":"","jetpack_publicize_message":"","jetpack_publicize_feature_enabled":true,"jetpack_social_post_already_shared":true,"jetpack_social_options":{"image_generator_settings":{"template":"highway","default_image_id":0,"font":"","enabled":false},"version":2}},"categories":[3],"tags":[],"class_list":["post-65546","post","type-post","status-publish","format-standard","has-post-thumbnail","hentry","category-politica"],"acf":[],"jetpack_publicize_connections":[],"jetpack_featured_media_url":"https:\/\/i0.wp.com\/blogdoeloiltoncajuhy.com.br\/site\/wp-content\/uploads\/2022\/05\/Bolsonaro_retirar-propaganda-antecipada-23052022.webp?fit=680%2C453&ssl=1","jetpack_sharing_enabled":true,"publishpress_future_workflow_manual_trigger":{"enabledWorkflows":[]},"_links":{"self":[{"href":"https:\/\/blogdoeloiltoncajuhy.com.br\/site\/wp-json\/wp\/v2\/posts\/65546","targetHints":{"allow":["GET"]}}],"collection":[{"href":"https:\/\/blogdoeloiltoncajuhy.com.br\/site\/wp-json\/wp\/v2\/posts"}],"about":[{"href":"https:\/\/blogdoeloiltoncajuhy.com.br\/site\/wp-json\/wp\/v2\/types\/post"}],"author":[{"embeddable":true,"href":"https:\/\/blogdoeloiltoncajuhy.com.br\/site\/wp-json\/wp\/v2\/users\/2"}],"replies":[{"embeddable":true,"href":"https:\/\/blogdoeloiltoncajuhy.com.br\/site\/wp-json\/wp\/v2\/comments?post=65546"}],"version-history":[{"count":2,"href":"https:\/\/blogdoeloiltoncajuhy.com.br\/site\/wp-json\/wp\/v2\/posts\/65546\/revisions"}],"predecessor-version":[{"id":65549,"href":"https:\/\/blogdoeloiltoncajuhy.com.br\/site\/wp-json\/wp\/v2\/posts\/65546\/revisions\/65549"}],"wp:featuredmedia":[{"embeddable":true,"href":"https:\/\/blogdoeloiltoncajuhy.com.br\/site\/wp-json\/wp\/v2\/media\/65253"}],"wp:attachment":[{"href":"https:\/\/blogdoeloiltoncajuhy.com.br\/site\/wp-json\/wp\/v2\/media?parent=65546"}],"wp:term":[{"taxonomy":"category","embeddable":true,"href":"https:\/\/blogdoeloiltoncajuhy.com.br\/site\/wp-json\/wp\/v2\/categories?post=65546"},{"taxonomy":"post_tag","embeddable":true,"href":"https:\/\/blogdoeloiltoncajuhy.com.br\/site\/wp-json\/wp\/v2\/tags?post=65546"}],"curies":[{"name":"wp","href":"https:\/\/api.w.org\/{rel}","templated":true}]}}