{"id":65542,"date":"2022-06-03T09:01:34","date_gmt":"2022-06-03T12:01:34","guid":{"rendered":"http:\/\/blogdoeloiltoncajuhy.com.br\/site\/?p=65542"},"modified":"2022-06-03T09:01:36","modified_gmt":"2022-06-03T12:01:36","slug":"camara-de-vereadores-de-feira-de-santana-divulga-relatorio-final-de-cpi-de-saude-documento-sugere-indiciamento-do-prefeito","status":"publish","type":"post","link":"https:\/\/blogdoeloiltoncajuhy.com.br\/site\/camara-de-vereadores-de-feira-de-santana-divulga-relatorio-final-de-cpi-de-saude-documento-sugere-indiciamento-do-prefeito\/","title":{"rendered":"C\u00e2mara de Vereadores de Feira de Santana divulga relat\u00f3rio final de CPI de Sa\u00fade; documento sugere indiciamento do prefeito"},"content":{"rendered":"\n<p class=\"has-text-align-center has-medium-font-size\"><em>Procuradoria do Munic\u00edpio informou que s\u00f3 ir\u00e1 se manifestar depois que tiver acesso ao relat\u00f3rio.<\/em><\/p>\n\n\n\n<figure class=\"wp-block-image aligncenter size-full\"><a href=\"https:\/\/i0.wp.com\/blogdoeloiltoncajuhy.com.br\/site\/wp-content\/uploads\/2022\/06\/CPI-da-saude-Feira-de-Santana-03062022.webp\"><img data-recalc-dims=\"1\" fetchpriority=\"high\" decoding=\"async\" width=\"800\" height=\"533\" src=\"https:\/\/i0.wp.com\/blogdoeloiltoncajuhy.com.br\/site\/wp-content\/uploads\/2022\/06\/CPI-da-saude-Feira-de-Santana-03062022.webp?resize=800%2C533\" alt=\"\" class=\"wp-image-65543\" srcset=\"https:\/\/i0.wp.com\/blogdoeloiltoncajuhy.com.br\/site\/wp-content\/uploads\/2022\/06\/CPI-da-saude-Feira-de-Santana-03062022.webp?w=984&amp;ssl=1 984w, https:\/\/i0.wp.com\/blogdoeloiltoncajuhy.com.br\/site\/wp-content\/uploads\/2022\/06\/CPI-da-saude-Feira-de-Santana-03062022.webp?resize=300%2C200&amp;ssl=1 300w, https:\/\/i0.wp.com\/blogdoeloiltoncajuhy.com.br\/site\/wp-content\/uploads\/2022\/06\/CPI-da-saude-Feira-de-Santana-03062022.webp?resize=768%2C511&amp;ssl=1 768w\" sizes=\"(max-width: 800px) 100vw, 800px\" \/><\/a><figcaption><sub>O relat\u00f3rio da CPI da sa\u00fade ser\u00e1 publicado no Di\u00e1rio Oficial de Feira de Santana na ter\u00e7a-feira (7) \u2014 Foto: C\u00e2mara de Vereadores<\/sub><\/figcaption><\/figure>\n\n\n\n<p>A C\u00e2mara de Vereadores de Feira de Santana divulgou nesta quinta-feira (2), o relat\u00f3rio final da Comiss\u00e3o Parlamentar de Inqu\u00e9rito (CPI) que investiga den\u00fancias de irregularidades relacionadas a Secretaria de Sa\u00fade do munic\u00edpio. O relat\u00f3rio sugere indiciamento do prefeito Colbert Martins.<\/p>\n\n\n\n<p>De acordo com o relat\u00f3rio, os poss\u00edveis crimes s\u00e3o corrup\u00e7\u00e3o passiva, emprego irregular da verba p\u00fablica, sonega\u00e7\u00e3o fiscal, uso irregular da garagem da prefeitura, entre outras.<\/p>\n\n\n\n<p>Al\u00e9m do prefeito, o documento tamb\u00e9m sugere o indiciamento da ex-secret\u00e1ria de sa\u00fade Denise Mascarenhas, do atual secret\u00e1rio Marcelo Brito, da coordenadora das policl\u00ednicas Vera Galindo e do procurador do munic\u00edpio Moura Pinho.<\/p>\n\n\n\n<p>De acordo com a C\u00e2mara, o relat\u00f3rio ser\u00e1 publicado no Di\u00e1rio Oficial na ter\u00e7a-feira (7).<\/p>\n\n\n\n<p>A TV Suba\u00e9, afiliada da Rede Bahia em Feira de Santana, entrou em contato com a Procuradoria do Munic\u00edpio, que informou que s\u00f3 ir\u00e1 falar sobre o assunto depois que tiver acesso ao relat\u00f3rio.<\/p>\n","protected":false},"excerpt":{"rendered":"<p>Procuradoria do Munic\u00edpio informou que s\u00f3 ir\u00e1 se manifestar depois que tiver acesso ao relat\u00f3rio. A C\u00e2mara de Vereadores de Feira de Santana divulgou nesta quinta-feira (2), o relat\u00f3rio final da Comiss\u00e3o Parlamentar de Inqu\u00e9rito (CPI) que investiga den\u00fancias de irregularidades relacionadas a Secretaria de Sa\u00fade do munic\u00edpio. O relat\u00f3rio sugere indiciamento do prefeito Colbert [&hellip;]<\/p>\n","protected":false},"author":2,"featured_media":65543,"comment_status":"open","ping_status":"open","sticky":false,"template":"","format":"standard","meta":{"_acf_changed":false,"_monsterinsights_skip_tracking":false,"_monsterinsights_sitenote_active":false,"_monsterinsights_sitenote_note":"","_monsterinsights_sitenote_category":0,"_jetpack_memberships_contains_paid_content":false,"footnotes":"","jetpack_publicize_message":"","jetpack_publicize_feature_enabled":true,"jetpack_social_post_already_shared":true,"jetpack_social_options":{"image_generator_settings":{"template":"highway","default_image_id":0,"font":"","enabled":false},"version":2}},"categories":[3],"tags":[],"class_list":["post-65542","post","type-post","status-publish","format-standard","has-post-thumbnail","hentry","category-politica"],"acf":[],"jetpack_publicize_connections":[],"jetpack_featured_media_url":"https:\/\/i0.wp.com\/blogdoeloiltoncajuhy.com.br\/site\/wp-content\/uploads\/2022\/06\/CPI-da-saude-Feira-de-Santana-03062022.webp?fit=984%2C655&ssl=1","jetpack_sharing_enabled":true,"publishpress_future_workflow_manual_trigger":{"enabledWorkflows":[]},"_links":{"self":[{"href":"https:\/\/blogdoeloiltoncajuhy.com.br\/site\/wp-json\/wp\/v2\/posts\/65542","targetHints":{"allow":["GET"]}}],"collection":[{"href":"https:\/\/blogdoeloiltoncajuhy.com.br\/site\/wp-json\/wp\/v2\/posts"}],"about":[{"href":"https:\/\/blogdoeloiltoncajuhy.com.br\/site\/wp-json\/wp\/v2\/types\/post"}],"author":[{"embeddable":true,"href":"https:\/\/blogdoeloiltoncajuhy.com.br\/site\/wp-json\/wp\/v2\/users\/2"}],"replies":[{"embeddable":true,"href":"https:\/\/blogdoeloiltoncajuhy.com.br\/site\/wp-json\/wp\/v2\/comments?post=65542"}],"version-history":[{"count":2,"href":"https:\/\/blogdoeloiltoncajuhy.com.br\/site\/wp-json\/wp\/v2\/posts\/65542\/revisions"}],"predecessor-version":[{"id":65545,"href":"https:\/\/blogdoeloiltoncajuhy.com.br\/site\/wp-json\/wp\/v2\/posts\/65542\/revisions\/65545"}],"wp:featuredmedia":[{"embeddable":true,"href":"https:\/\/blogdoeloiltoncajuhy.com.br\/site\/wp-json\/wp\/v2\/media\/65543"}],"wp:attachment":[{"href":"https:\/\/blogdoeloiltoncajuhy.com.br\/site\/wp-json\/wp\/v2\/media?parent=65542"}],"wp:term":[{"taxonomy":"category","embeddable":true,"href":"https:\/\/blogdoeloiltoncajuhy.com.br\/site\/wp-json\/wp\/v2\/categories?post=65542"},{"taxonomy":"post_tag","embeddable":true,"href":"https:\/\/blogdoeloiltoncajuhy.com.br\/site\/wp-json\/wp\/v2\/tags?post=65542"}],"curies":[{"name":"wp","href":"https:\/\/api.w.org\/{rel}","templated":true}]}}