{"id":65536,"date":"2022-06-02T22:13:09","date_gmt":"2022-06-03T01:13:09","guid":{"rendered":"http:\/\/blogdoeloiltoncajuhy.com.br\/site\/?p=65536"},"modified":"2022-06-02T22:13:11","modified_gmt":"2022-06-03T01:13:11","slug":"detran-ba-abre-processo-seletivo-com-mais-de-500-vagas-de-emprego","status":"publish","type":"post","link":"https:\/\/blogdoeloiltoncajuhy.com.br\/site\/detran-ba-abre-processo-seletivo-com-mais-de-500-vagas-de-emprego\/","title":{"rendered":"Detran-BA abre processo seletivo com mais de 500 vagas de emprego"},"content":{"rendered":"\n<p class=\"has-text-align-center has-medium-font-size\"><em>As inscri\u00e7\u00f5es ser\u00e3o abertas nesta sexta-feira (3) e h\u00e1 vagas para diversos munic\u00edpios. As contrata\u00e7\u00f5es ser\u00e3o feitas por Reda.<\/em><\/p>\n\n\n\n<figure class=\"wp-block-image aligncenter size-full is-resized\"><a href=\"https:\/\/i0.wp.com\/blogdoeloiltoncajuhy.com.br\/site\/wp-content\/uploads\/2018\/04\/detran-ba.jpg\"><img data-recalc-dims=\"1\" fetchpriority=\"high\" decoding=\"async\" src=\"https:\/\/i0.wp.com\/blogdoeloiltoncajuhy.com.br\/site\/wp-content\/uploads\/2018\/04\/detran-ba.jpg?resize=683%2C388\" alt=\"\" class=\"wp-image-24740\" width=\"683\" height=\"388\" srcset=\"https:\/\/i0.wp.com\/blogdoeloiltoncajuhy.com.br\/site\/wp-content\/uploads\/2018\/04\/detran-ba.jpg?w=984&amp;ssl=1 984w, https:\/\/i0.wp.com\/blogdoeloiltoncajuhy.com.br\/site\/wp-content\/uploads\/2018\/04\/detran-ba.jpg?resize=300%2C170&amp;ssl=1 300w, https:\/\/i0.wp.com\/blogdoeloiltoncajuhy.com.br\/site\/wp-content\/uploads\/2018\/04\/detran-ba.jpg?resize=768%2C436&amp;ssl=1 768w, https:\/\/i0.wp.com\/blogdoeloiltoncajuhy.com.br\/site\/wp-content\/uploads\/2018\/04\/detran-ba.jpg?resize=250%2C142&amp;ssl=1 250w\" sizes=\"(max-width: 683px) 100vw, 683px\" \/><\/a><\/figure>\n\n\n\n<p>O Departamento Estadual de Tr\u00e2nsito (Detran-BA) abrir\u00e1, nesta sexta-feira (3), processo seletivo para contrata\u00e7\u00e3o em Regime Especial de Direito Administrativo (Reda). De acordo com o \u00f3rg\u00e3o, ser\u00e3o disponibilizadas 540 vagas para fun\u00e7\u00f5es de n\u00edveis superior e m\u00e9dio.<\/p>\n\n\n\n<p>As inscri\u00e7\u00f5es poder\u00e3o ser feitas pela\u00a0<a rel=\"noreferrer noopener\" href=\"http:\/\/www.selecao.ba.gov.br\/\" target=\"_blank\">internet<\/a>, at\u00e9 o dia 7 de junho \u00e0s 23h59. O edital completo tamb\u00e9m j\u00e1 est\u00e1 dispon\u00edvel e pode ser conferido pelos interessados na\u00a0<a rel=\"noreferrer noopener\" href=\"https:\/\/detran.ba.gov.br\/upload\/editais\/editais-1664746.pdf\" target=\"_blank\">p\u00e1gina do Detran-BA<\/a>.<\/p>\n\n\n\n<p>O contrato ser\u00e1 de at\u00e9 tr\u00eas anos e s\u00f3 poder\u00e1 ser renovado uma \u00fanica vez com o mesmo prazo. A remunera\u00e7\u00e3o para n\u00edvel superior \u00e9 de R$ 2.838,97 e para n\u00edvel m\u00e9dio, de R$ 2.066,69.<\/p>\n\n\n\n<p>Para n\u00edvel m\u00e9dio, ser\u00e3o disponibilizadas vagas para atendente administrativo e vistoriador. Al\u00e9m disso, h\u00e1 vagas espec\u00edficas para de Administra\u00e7\u00e3o e Direito, e outros diplomados poder\u00e3o concorrer a vagas para examinadores.<\/p>\n\n\n\n<p>Conforme o \u00f3rg\u00e3o, o processo ser\u00e1 realizado em uma \u00fanica etapa, atrav\u00e9s de avalia\u00e7\u00e3o curricular por car\u00e1ter eliminat\u00f3rio e classificat\u00f3rio. O resultado ser\u00e1 publicado no Di\u00e1rio Oficial do Estado no dia 2 de julho, junto com a homologa\u00e7\u00e3o do processo seletivo.<\/p>\n","protected":false},"excerpt":{"rendered":"<p>As inscri\u00e7\u00f5es ser\u00e3o abertas nesta sexta-feira (3) e h\u00e1 vagas para diversos munic\u00edpios. As contrata\u00e7\u00f5es ser\u00e3o feitas por Reda. O Departamento Estadual de Tr\u00e2nsito (Detran-BA) abrir\u00e1, nesta sexta-feira (3), processo seletivo para contrata\u00e7\u00e3o em Regime Especial de Direito Administrativo (Reda). De acordo com o \u00f3rg\u00e3o, ser\u00e3o disponibilizadas 540 vagas para fun\u00e7\u00f5es de n\u00edveis superior e [&hellip;]<\/p>\n","protected":false},"author":2,"featured_media":24740,"comment_status":"open","ping_status":"open","sticky":false,"template":"","format":"standard","meta":{"_acf_changed":false,"_monsterinsights_skip_tracking":false,"_monsterinsights_sitenote_active":false,"_monsterinsights_sitenote_note":"","_monsterinsights_sitenote_category":0,"_jetpack_memberships_contains_paid_content":false,"footnotes":"","jetpack_publicize_message":"","jetpack_publicize_feature_enabled":true,"jetpack_social_post_already_shared":true,"jetpack_social_options":{"image_generator_settings":{"template":"highway","default_image_id":0,"font":"","enabled":false},"version":2}},"categories":[5],"tags":[],"class_list":["post-65536","post","type-post","status-publish","format-standard","has-post-thumbnail","hentry","category-cotidiano"],"acf":[],"jetpack_publicize_connections":[],"jetpack_featured_media_url":"https:\/\/i0.wp.com\/blogdoeloiltoncajuhy.com.br\/site\/wp-content\/uploads\/2018\/04\/detran-ba.jpg?fit=984%2C559&ssl=1","jetpack_sharing_enabled":true,"publishpress_future_workflow_manual_trigger":{"enabledWorkflows":[]},"_links":{"self":[{"href":"https:\/\/blogdoeloiltoncajuhy.com.br\/site\/wp-json\/wp\/v2\/posts\/65536","targetHints":{"allow":["GET"]}}],"collection":[{"href":"https:\/\/blogdoeloiltoncajuhy.com.br\/site\/wp-json\/wp\/v2\/posts"}],"about":[{"href":"https:\/\/blogdoeloiltoncajuhy.com.br\/site\/wp-json\/wp\/v2\/types\/post"}],"author":[{"embeddable":true,"href":"https:\/\/blogdoeloiltoncajuhy.com.br\/site\/wp-json\/wp\/v2\/users\/2"}],"replies":[{"embeddable":true,"href":"https:\/\/blogdoeloiltoncajuhy.com.br\/site\/wp-json\/wp\/v2\/comments?post=65536"}],"version-history":[{"count":2,"href":"https:\/\/blogdoeloiltoncajuhy.com.br\/site\/wp-json\/wp\/v2\/posts\/65536\/revisions"}],"predecessor-version":[{"id":65538,"href":"https:\/\/blogdoeloiltoncajuhy.com.br\/site\/wp-json\/wp\/v2\/posts\/65536\/revisions\/65538"}],"wp:featuredmedia":[{"embeddable":true,"href":"https:\/\/blogdoeloiltoncajuhy.com.br\/site\/wp-json\/wp\/v2\/media\/24740"}],"wp:attachment":[{"href":"https:\/\/blogdoeloiltoncajuhy.com.br\/site\/wp-json\/wp\/v2\/media?parent=65536"}],"wp:term":[{"taxonomy":"category","embeddable":true,"href":"https:\/\/blogdoeloiltoncajuhy.com.br\/site\/wp-json\/wp\/v2\/categories?post=65536"},{"taxonomy":"post_tag","embeddable":true,"href":"https:\/\/blogdoeloiltoncajuhy.com.br\/site\/wp-json\/wp\/v2\/tags?post=65536"}],"curies":[{"name":"wp","href":"https:\/\/api.w.org\/{rel}","templated":true}]}}