{"id":65528,"date":"2022-06-02T19:51:12","date_gmt":"2022-06-02T22:51:12","guid":{"rendered":"http:\/\/blogdoeloiltoncajuhy.com.br\/site\/?p=65528"},"modified":"2022-06-02T19:51:14","modified_gmt":"2022-06-02T22:51:14","slug":"mais-um-homicidio-em-bonfim-jovem-e-morto-a-tiros-no-brisas-do-monte","status":"publish","type":"post","link":"https:\/\/blogdoeloiltoncajuhy.com.br\/site\/mais-um-homicidio-em-bonfim-jovem-e-morto-a-tiros-no-brisas-do-monte\/","title":{"rendered":"Mais um homic\u00eddio em Bonfim: Jovem \u00e9 morto a tiros no Brisas do Monte"},"content":{"rendered":"\n<figure class=\"wp-block-image aligncenter size-large is-resized\"><a href=\"https:\/\/i0.wp.com\/blogdoeloiltoncajuhy.com.br\/site\/wp-content\/uploads\/2022\/06\/Bonfim_Joao-Victor-morto.jpeg\"><img data-recalc-dims=\"1\" fetchpriority=\"high\" decoding=\"async\" src=\"https:\/\/i0.wp.com\/blogdoeloiltoncajuhy.com.br\/site\/wp-content\/uploads\/2022\/06\/Bonfim_Joao-Victor-morto.jpeg?resize=512%2C512\" alt=\"\" class=\"wp-image-65529\" width=\"512\" height=\"512\" srcset=\"https:\/\/i0.wp.com\/blogdoeloiltoncajuhy.com.br\/site\/wp-content\/uploads\/2022\/06\/Bonfim_Joao-Victor-morto.jpeg?resize=1024%2C1024&amp;ssl=1 1024w, https:\/\/i0.wp.com\/blogdoeloiltoncajuhy.com.br\/site\/wp-content\/uploads\/2022\/06\/Bonfim_Joao-Victor-morto.jpeg?resize=300%2C300&amp;ssl=1 300w, https:\/\/i0.wp.com\/blogdoeloiltoncajuhy.com.br\/site\/wp-content\/uploads\/2022\/06\/Bonfim_Joao-Victor-morto.jpeg?resize=150%2C150&amp;ssl=1 150w, https:\/\/i0.wp.com\/blogdoeloiltoncajuhy.com.br\/site\/wp-content\/uploads\/2022\/06\/Bonfim_Joao-Victor-morto.jpeg?resize=768%2C768&amp;ssl=1 768w, https:\/\/i0.wp.com\/blogdoeloiltoncajuhy.com.br\/site\/wp-content\/uploads\/2022\/06\/Bonfim_Joao-Victor-morto.jpeg?w=1070&amp;ssl=1 1070w\" sizes=\"(max-width: 512px) 100vw, 512px\" \/><\/a><figcaption><sub>Foto: Redes Sociais<\/sub><\/figcaption><\/figure>\n\n\n\n<p>A escalada de assassinatos segue em Senhor do Bonfim. Por volta das 18h desta quinta-feira (02), um jovem foi morto a tiros no Residencial Brisas do Monte.<\/p>\n\n\n\n<p>De acordo com informa\u00e7\u00f5es da Pol\u00edcia Militar, a v\u00edtima foi identificada como <strong>Jo\u00e3o Victor In\u00e1cio dos Santos<\/strong>, de idade n\u00e3o informada. A PM tamb\u00e9m ainda desconhece o autor e a motiva\u00e7\u00e3o do crime.<\/p>\n\n\n\n<p>Ainda segundo a pol\u00edcia, Jo\u00e3o Victor foi alvejado por arma de fogo e foi a \u00f3bito no local. O caso j\u00e1 foi comunicado \u00e0 Delegacia de Pol\u00edcia e ao Departamento de Pol\u00edcia T\u00e9cnica (DPT).<\/p>\n\n\n\n<p>A Pol\u00edcia Militar ainda encontra-se em dilig\u00eancia e, a qualquer momento, poderemos trazer mais informa\u00e7\u00f5es.<\/p>\n\n\n\n<p>O ciclo de viol\u00eancia ainda registra uma tentativa de homic\u00eddio, ocorrida na noite desta quarta-feira (01), quando um homem foi atingido com v\u00e1rios tiros, no Bairro Novo Horizonte, sendo socorrido para a UPA 24h.<\/p>\n","protected":false},"excerpt":{"rendered":"<p>A escalada de assassinatos segue em Senhor do Bonfim. Por volta das 18h desta quinta-feira (02), um jovem foi morto a tiros no Residencial Brisas do Monte. De acordo com informa\u00e7\u00f5es da Pol\u00edcia Militar, a v\u00edtima foi identificada como Jo\u00e3o Victor In\u00e1cio dos Santos, de idade n\u00e3o informada. A PM tamb\u00e9m ainda desconhece o autor [&hellip;]<\/p>\n","protected":false},"author":2,"featured_media":65529,"comment_status":"open","ping_status":"open","sticky":false,"template":"","format":"standard","meta":{"_acf_changed":false,"_monsterinsights_skip_tracking":false,"_monsterinsights_sitenote_active":false,"_monsterinsights_sitenote_note":"","_monsterinsights_sitenote_category":0,"_jetpack_memberships_contains_paid_content":false,"footnotes":"","jetpack_publicize_message":"","jetpack_publicize_feature_enabled":true,"jetpack_social_post_already_shared":true,"jetpack_social_options":{"image_generator_settings":{"template":"highway","default_image_id":0,"font":"","enabled":false},"version":2}},"categories":[15],"tags":[],"class_list":["post-65528","post","type-post","status-publish","format-standard","has-post-thumbnail","hentry","category-policia"],"acf":[],"jetpack_publicize_connections":[],"jetpack_featured_media_url":"https:\/\/i0.wp.com\/blogdoeloiltoncajuhy.com.br\/site\/wp-content\/uploads\/2022\/06\/Bonfim_Joao-Victor-morto.jpeg?fit=1070%2C1070&ssl=1","jetpack_sharing_enabled":true,"publishpress_future_workflow_manual_trigger":{"enabledWorkflows":[]},"_links":{"self":[{"href":"https:\/\/blogdoeloiltoncajuhy.com.br\/site\/wp-json\/wp\/v2\/posts\/65528","targetHints":{"allow":["GET"]}}],"collection":[{"href":"https:\/\/blogdoeloiltoncajuhy.com.br\/site\/wp-json\/wp\/v2\/posts"}],"about":[{"href":"https:\/\/blogdoeloiltoncajuhy.com.br\/site\/wp-json\/wp\/v2\/types\/post"}],"author":[{"embeddable":true,"href":"https:\/\/blogdoeloiltoncajuhy.com.br\/site\/wp-json\/wp\/v2\/users\/2"}],"replies":[{"embeddable":true,"href":"https:\/\/blogdoeloiltoncajuhy.com.br\/site\/wp-json\/wp\/v2\/comments?post=65528"}],"version-history":[{"count":2,"href":"https:\/\/blogdoeloiltoncajuhy.com.br\/site\/wp-json\/wp\/v2\/posts\/65528\/revisions"}],"predecessor-version":[{"id":65531,"href":"https:\/\/blogdoeloiltoncajuhy.com.br\/site\/wp-json\/wp\/v2\/posts\/65528\/revisions\/65531"}],"wp:featuredmedia":[{"embeddable":true,"href":"https:\/\/blogdoeloiltoncajuhy.com.br\/site\/wp-json\/wp\/v2\/media\/65529"}],"wp:attachment":[{"href":"https:\/\/blogdoeloiltoncajuhy.com.br\/site\/wp-json\/wp\/v2\/media?parent=65528"}],"wp:term":[{"taxonomy":"category","embeddable":true,"href":"https:\/\/blogdoeloiltoncajuhy.com.br\/site\/wp-json\/wp\/v2\/categories?post=65528"},{"taxonomy":"post_tag","embeddable":true,"href":"https:\/\/blogdoeloiltoncajuhy.com.br\/site\/wp-json\/wp\/v2\/tags?post=65528"}],"curies":[{"name":"wp","href":"https:\/\/api.w.org\/{rel}","templated":true}]}}