{"id":65524,"date":"2022-06-02T19:30:47","date_gmt":"2022-06-02T22:30:47","guid":{"rendered":"http:\/\/blogdoeloiltoncajuhy.com.br\/site\/?p=65524"},"modified":"2022-06-02T19:30:49","modified_gmt":"2022-06-02T22:30:49","slug":"prefeitura-de-andorinha-adquire-gerador-eletrico-para-ubs","status":"publish","type":"post","link":"https:\/\/blogdoeloiltoncajuhy.com.br\/site\/prefeitura-de-andorinha-adquire-gerador-eletrico-para-ubs\/","title":{"rendered":"Prefeitura de Andorinha adquire gerador el\u00e9trico para UBS"},"content":{"rendered":"\n<figure class=\"wp-block-image aligncenter size-full is-resized\"><a href=\"https:\/\/i0.wp.com\/blogdoeloiltoncajuhy.com.br\/site\/wp-content\/uploads\/2022\/06\/PMA_Gerador.jpeg\"><img data-recalc-dims=\"1\" fetchpriority=\"high\" decoding=\"async\" src=\"https:\/\/i0.wp.com\/blogdoeloiltoncajuhy.com.br\/site\/wp-content\/uploads\/2022\/06\/PMA_Gerador.jpeg?resize=635%2C635\" alt=\"\" class=\"wp-image-65525\" width=\"635\" height=\"635\" srcset=\"https:\/\/i0.wp.com\/blogdoeloiltoncajuhy.com.br\/site\/wp-content\/uploads\/2022\/06\/PMA_Gerador.jpeg?w=846&amp;ssl=1 846w, https:\/\/i0.wp.com\/blogdoeloiltoncajuhy.com.br\/site\/wp-content\/uploads\/2022\/06\/PMA_Gerador.jpeg?resize=300%2C300&amp;ssl=1 300w, https:\/\/i0.wp.com\/blogdoeloiltoncajuhy.com.br\/site\/wp-content\/uploads\/2022\/06\/PMA_Gerador.jpeg?resize=150%2C150&amp;ssl=1 150w, https:\/\/i0.wp.com\/blogdoeloiltoncajuhy.com.br\/site\/wp-content\/uploads\/2022\/06\/PMA_Gerador.jpeg?resize=768%2C768&amp;ssl=1 768w\" sizes=\"(max-width: 635px) 100vw, 635px\" \/><\/a><\/figure>\n\n\n\n<p>A Prefeitura Andorinha, atendendo a uma necessidade da popula\u00e7\u00e3o, adquiriu um gerador el\u00e9trico para melhorar o atendimento na Unidade B\u00e1sica de Sa\u00fade (UBS). A aquisi\u00e7\u00e3o do equipamento foi feita pela gest\u00e3o com o objetivo de suprir eventuais quedas no fornecimento de energia na Unidade, evitando que o atendimento aos pacientes seja prejudicado.<\/p>\n\n\n\n<p>O gerador foi comprado com recursos pr\u00f3prios e ir\u00e1 beneficiar toda a popula\u00e7\u00e3o andorinhense, pois ir\u00e1 fornecer energia constante a UBS, garantindo que os atendimentos n\u00e3o sejam interrompidos, tendo em vista que a Unidade possui pacientes internados com uso de equipamentos para maior suporte de vida.<\/p>\n\n\n\n<p>\u201cEu quero agradecer ao prefeito Renato Brand\u00e3o por atender a esse nosso pedido para a compra desse equipamento, que ir\u00e1 garantir um melhor atendimento aos nossos pacientes\u201d, disse o secret\u00e1rio de Sa\u00fade Gabriel Alves.<\/p>\n","protected":false},"excerpt":{"rendered":"<p>A Prefeitura Andorinha, atendendo a uma necessidade da popula\u00e7\u00e3o, adquiriu um gerador el\u00e9trico para melhorar o atendimento na Unidade B\u00e1sica de Sa\u00fade (UBS). A aquisi\u00e7\u00e3o do equipamento foi feita pela gest\u00e3o com o objetivo de suprir eventuais quedas no fornecimento de energia na Unidade, evitando que o atendimento aos pacientes seja prejudicado. O gerador foi [&hellip;]<\/p>\n","protected":false},"author":2,"featured_media":65525,"comment_status":"open","ping_status":"open","sticky":false,"template":"","format":"standard","meta":{"_acf_changed":false,"_monsterinsights_skip_tracking":false,"_monsterinsights_sitenote_active":false,"_monsterinsights_sitenote_note":"","_monsterinsights_sitenote_category":0,"_jetpack_memberships_contains_paid_content":false,"footnotes":"","jetpack_publicize_message":"","jetpack_publicize_feature_enabled":true,"jetpack_social_post_already_shared":true,"jetpack_social_options":{"image_generator_settings":{"template":"highway","default_image_id":0,"font":"","enabled":false},"version":2}},"categories":[11],"tags":[],"class_list":["post-65524","post","type-post","status-publish","format-standard","has-post-thumbnail","hentry","category-regional"],"acf":[],"jetpack_publicize_connections":[],"jetpack_featured_media_url":"https:\/\/i0.wp.com\/blogdoeloiltoncajuhy.com.br\/site\/wp-content\/uploads\/2022\/06\/PMA_Gerador.jpeg?fit=846%2C846&ssl=1","jetpack_sharing_enabled":true,"publishpress_future_workflow_manual_trigger":{"enabledWorkflows":[]},"_links":{"self":[{"href":"https:\/\/blogdoeloiltoncajuhy.com.br\/site\/wp-json\/wp\/v2\/posts\/65524","targetHints":{"allow":["GET"]}}],"collection":[{"href":"https:\/\/blogdoeloiltoncajuhy.com.br\/site\/wp-json\/wp\/v2\/posts"}],"about":[{"href":"https:\/\/blogdoeloiltoncajuhy.com.br\/site\/wp-json\/wp\/v2\/types\/post"}],"author":[{"embeddable":true,"href":"https:\/\/blogdoeloiltoncajuhy.com.br\/site\/wp-json\/wp\/v2\/users\/2"}],"replies":[{"embeddable":true,"href":"https:\/\/blogdoeloiltoncajuhy.com.br\/site\/wp-json\/wp\/v2\/comments?post=65524"}],"version-history":[{"count":2,"href":"https:\/\/blogdoeloiltoncajuhy.com.br\/site\/wp-json\/wp\/v2\/posts\/65524\/revisions"}],"predecessor-version":[{"id":65527,"href":"https:\/\/blogdoeloiltoncajuhy.com.br\/site\/wp-json\/wp\/v2\/posts\/65524\/revisions\/65527"}],"wp:featuredmedia":[{"embeddable":true,"href":"https:\/\/blogdoeloiltoncajuhy.com.br\/site\/wp-json\/wp\/v2\/media\/65525"}],"wp:attachment":[{"href":"https:\/\/blogdoeloiltoncajuhy.com.br\/site\/wp-json\/wp\/v2\/media?parent=65524"}],"wp:term":[{"taxonomy":"category","embeddable":true,"href":"https:\/\/blogdoeloiltoncajuhy.com.br\/site\/wp-json\/wp\/v2\/categories?post=65524"},{"taxonomy":"post_tag","embeddable":true,"href":"https:\/\/blogdoeloiltoncajuhy.com.br\/site\/wp-json\/wp\/v2\/tags?post=65524"}],"curies":[{"name":"wp","href":"https:\/\/api.w.org\/{rel}","templated":true}]}}