{"id":65521,"date":"2022-06-02T19:09:43","date_gmt":"2022-06-02T22:09:43","guid":{"rendered":"http:\/\/blogdoeloiltoncajuhy.com.br\/site\/?p=65521"},"modified":"2022-06-02T19:10:16","modified_gmt":"2022-06-02T22:10:16","slug":"senado-inclui-piso-salarial-de-enfermeiros-na-constituicao","status":"publish","type":"post","link":"https:\/\/blogdoeloiltoncajuhy.com.br\/site\/senado-inclui-piso-salarial-de-enfermeiros-na-constituicao\/","title":{"rendered":"Senado inclui piso salarial de enfermeiros na Constitui\u00e7\u00e3o"},"content":{"rendered":"\n<figure class=\"wp-block-image aligncenter size-full is-resized\"><a href=\"https:\/\/i0.wp.com\/blogdoeloiltoncajuhy.com.br\/site\/wp-content\/uploads\/2017\/10\/enfermeiros-idosos-01.jpg\"><img data-recalc-dims=\"1\" fetchpriority=\"high\" decoding=\"async\" src=\"https:\/\/i0.wp.com\/blogdoeloiltoncajuhy.com.br\/site\/wp-content\/uploads\/2017\/10\/enfermeiros-idosos-01.jpg?resize=580%2C401\" alt=\"\" class=\"wp-image-20931\" width=\"580\" height=\"401\" srcset=\"https:\/\/i0.wp.com\/blogdoeloiltoncajuhy.com.br\/site\/wp-content\/uploads\/2017\/10\/enfermeiros-idosos-01.jpg?w=440&amp;ssl=1 440w, https:\/\/i0.wp.com\/blogdoeloiltoncajuhy.com.br\/site\/wp-content\/uploads\/2017\/10\/enfermeiros-idosos-01.jpg?resize=300%2C207&amp;ssl=1 300w, https:\/\/i0.wp.com\/blogdoeloiltoncajuhy.com.br\/site\/wp-content\/uploads\/2017\/10\/enfermeiros-idosos-01.jpg?resize=250%2C173&amp;ssl=1 250w\" sizes=\"(max-width: 580px) 100vw, 580px\" \/><\/a><\/figure>\n\n\n\n<p>O Senado aprovou nesta quinta-feira (02) uma PEC (Proposta de Emenda \u00e0 Constitui\u00e7\u00e3o) que torna o piso salarial para enfermeiros constitucional (PEC 11 de 2022). Ideia \u00e9 dar mais seguran\u00e7a jur\u00eddica para projeto j\u00e1 aprovado sobre o tema.<\/p>\n\n\n\n<p>O texto foi relatado pelo senador Davi Alcolumbre (Uni\u00e3o-AP), que n\u00e3o colocou na Carta Magna uma fonte de recursos para custear os R$ 16,3 bilh\u00f5es em impacto da medida. Segundo ele, a PEC n\u00e3o \u00e9 o instrumento para se tratar disso.<\/p>\n\n\n\n<p>\u201cEnt\u00e3o n\u00e3o \u00e9 o momento de debatermos aqui, nesse relat\u00f3rio que eu apresentei e que est\u00e1 \u00e0 disposi\u00e7\u00e3o dos Srs. e das Sras. Senadores e Senadoras, n\u00e3o \u00e9 o momento de discutirmos nem emendas e nem destaques, porque o que n\u00f3s estamos aqui \u00e9 entregando para os brasileiros, milhares de brasileiros que protegem as nossas vidas, o direito de terem um piso\u201d, afirmou.<\/p>\n\n\n\n<p>O projeto aprovado pelo Congresso que determina o piso salarial para a categoria, mas tamb\u00e9m n\u00e3o indica de onde v\u00e3o sair os recursos. \u00c9 por isso que ainda n\u00e3o foi enviado para a san\u00e7\u00e3o presidencial.<\/p>\n\n\n\n<p>Alcolumbre afirmou que colocar o piso na Constitui\u00e7\u00e3o \u00e9 uma forma de evitar que o Planalto vete a mat\u00e9ria usando argumentos jur\u00eddicos para tal.<\/p>\n\n\n\n<p>\u201cA gente precisava dar seguran\u00e7a jur\u00eddica para esse processo. O PL votado aqui no Senado Federal por unanimidade e na C\u00e2mara dos Deputados garantiu um sonho para esses profissionais, mas em parte n\u00f3s poder\u00edamos estar sancionando uma lei que causaria inseguran\u00e7a jur\u00eddica num pr\u00f3ximo passo, num pr\u00f3ximo per\u00edodo da sua aplica\u00e7\u00e3o\u201d.<\/p>\n\n\n\n<p>A explica\u00e7\u00e3o \u00e9 que a Constitui\u00e7\u00e3o pro\u00edbe que o Congresso legisle sobre Estados e munic\u00edpios. Dessa forma, s\u00f3 o piso das empresas privadas \u00e9 que poderia ser estabelecido.<\/p>\n","protected":false},"excerpt":{"rendered":"<p>O Senado aprovou nesta quinta-feira (02) uma PEC (Proposta de Emenda \u00e0 Constitui\u00e7\u00e3o) que torna o piso salarial para enfermeiros constitucional (PEC 11 de 2022). Ideia \u00e9 dar mais seguran\u00e7a jur\u00eddica para projeto j\u00e1 aprovado sobre o tema. O texto foi relatado pelo senador Davi Alcolumbre (Uni\u00e3o-AP), que n\u00e3o colocou na Carta Magna uma fonte [&hellip;]<\/p>\n","protected":false},"author":2,"featured_media":61108,"comment_status":"open","ping_status":"open","sticky":false,"template":"","format":"standard","meta":{"_acf_changed":false,"_monsterinsights_skip_tracking":false,"_monsterinsights_sitenote_active":false,"_monsterinsights_sitenote_note":"","_monsterinsights_sitenote_category":0,"_jetpack_memberships_contains_paid_content":false,"footnotes":"","jetpack_publicize_message":"","jetpack_publicize_feature_enabled":true,"jetpack_social_post_already_shared":true,"jetpack_social_options":{"image_generator_settings":{"template":"highway","default_image_id":0,"font":"","enabled":false},"version":2}},"categories":[3],"tags":[],"class_list":["post-65521","post","type-post","status-publish","format-standard","has-post-thumbnail","hentry","category-politica"],"acf":[],"jetpack_publicize_connections":[],"jetpack_featured_media_url":"https:\/\/i0.wp.com\/blogdoeloiltoncajuhy.com.br\/site\/wp-content\/uploads\/2021\/11\/Senado-Piso-Nacional-Enfermeiros-25112021.jpeg?fit=678%2C450&ssl=1","jetpack_sharing_enabled":true,"publishpress_future_workflow_manual_trigger":{"enabledWorkflows":[]},"_links":{"self":[{"href":"https:\/\/blogdoeloiltoncajuhy.com.br\/site\/wp-json\/wp\/v2\/posts\/65521","targetHints":{"allow":["GET"]}}],"collection":[{"href":"https:\/\/blogdoeloiltoncajuhy.com.br\/site\/wp-json\/wp\/v2\/posts"}],"about":[{"href":"https:\/\/blogdoeloiltoncajuhy.com.br\/site\/wp-json\/wp\/v2\/types\/post"}],"author":[{"embeddable":true,"href":"https:\/\/blogdoeloiltoncajuhy.com.br\/site\/wp-json\/wp\/v2\/users\/2"}],"replies":[{"embeddable":true,"href":"https:\/\/blogdoeloiltoncajuhy.com.br\/site\/wp-json\/wp\/v2\/comments?post=65521"}],"version-history":[{"count":2,"href":"https:\/\/blogdoeloiltoncajuhy.com.br\/site\/wp-json\/wp\/v2\/posts\/65521\/revisions"}],"predecessor-version":[{"id":65523,"href":"https:\/\/blogdoeloiltoncajuhy.com.br\/site\/wp-json\/wp\/v2\/posts\/65521\/revisions\/65523"}],"wp:featuredmedia":[{"embeddable":true,"href":"https:\/\/blogdoeloiltoncajuhy.com.br\/site\/wp-json\/wp\/v2\/media\/61108"}],"wp:attachment":[{"href":"https:\/\/blogdoeloiltoncajuhy.com.br\/site\/wp-json\/wp\/v2\/media?parent=65521"}],"wp:term":[{"taxonomy":"category","embeddable":true,"href":"https:\/\/blogdoeloiltoncajuhy.com.br\/site\/wp-json\/wp\/v2\/categories?post=65521"},{"taxonomy":"post_tag","embeddable":true,"href":"https:\/\/blogdoeloiltoncajuhy.com.br\/site\/wp-json\/wp\/v2\/tags?post=65521"}],"curies":[{"name":"wp","href":"https:\/\/api.w.org\/{rel}","templated":true}]}}