{"id":65516,"date":"2022-06-02T09:40:10","date_gmt":"2022-06-02T12:40:10","guid":{"rendered":"http:\/\/blogdoeloiltoncajuhy.com.br\/site\/?p=65516"},"modified":"2022-06-02T09:40:11","modified_gmt":"2022-06-02T12:40:11","slug":"feirantes-de-senhor-do-bonfim-recebem-novas-barracas-do-governo-do-estado","status":"publish","type":"post","link":"https:\/\/blogdoeloiltoncajuhy.com.br\/site\/feirantes-de-senhor-do-bonfim-recebem-novas-barracas-do-governo-do-estado\/","title":{"rendered":"Feirantes de Senhor do Bonfim recebem novas barracas do Governo do Estado"},"content":{"rendered":"\n<figure class=\"wp-block-image aligncenter size-full is-resized\"><a href=\"https:\/\/i0.wp.com\/blogdoeloiltoncajuhy.com.br\/site\/wp-content\/uploads\/2022\/06\/Bonfim_Barracas-Feira-Livre-02062022-01.png\"><img data-recalc-dims=\"1\" fetchpriority=\"high\" decoding=\"async\" src=\"https:\/\/i0.wp.com\/blogdoeloiltoncajuhy.com.br\/site\/wp-content\/uploads\/2022\/06\/Bonfim_Barracas-Feira-Livre-02062022-01.png?resize=602%2C401\" alt=\"\" class=\"wp-image-65517\" width=\"602\" height=\"401\" srcset=\"https:\/\/i0.wp.com\/blogdoeloiltoncajuhy.com.br\/site\/wp-content\/uploads\/2022\/06\/Bonfim_Barracas-Feira-Livre-02062022-01.png?w=803&amp;ssl=1 803w, https:\/\/i0.wp.com\/blogdoeloiltoncajuhy.com.br\/site\/wp-content\/uploads\/2022\/06\/Bonfim_Barracas-Feira-Livre-02062022-01.png?resize=300%2C200&amp;ssl=1 300w, https:\/\/i0.wp.com\/blogdoeloiltoncajuhy.com.br\/site\/wp-content\/uploads\/2022\/06\/Bonfim_Barracas-Feira-Livre-02062022-01.png?resize=768%2C512&amp;ssl=1 768w\" sizes=\"(max-width: 602px) 100vw, 602px\" \/><\/a><\/figure>\n\n\n\n<p>A Associa\u00e7\u00e3o de Vendedores Ambulantes e Feira Livre de Senhor do Bonfim (Avafli) recebeu novas barracas destinadas a melhorar o servi\u00e7o prestado \u00e0 popula\u00e7\u00e3o. Ao todo, foram 75 vendedores beneficiados com os equipamentos entregues pelo Deputado Bob\u00f4, obtidos atrav\u00e9s do Governo do Estado, por meio da Companhia de A\u00e7\u00e3o e Desenvolvimento Regional &#8211; CAR.<\/p>\n\n\n\n<p>Segundo Jorge do Nascimento, secret\u00e1rio e tesoureiro da Avafli, as novas barracas v\u00e3o melhorar a higieniza\u00e7\u00e3o dos produtos, a qualifica\u00e7\u00e3o do atendimento ao p\u00fablico e, assim, estimulando as vendas das mercadorias dos feirantes do munic\u00edpio e regi\u00e3o.<\/p>\n\n\n\n<p>Pessoas mais carentes da Feira Livre de Senhor do Bonfim foram as beneficiadas.<\/p>\n\n\n\n<figure class=\"wp-block-image aligncenter size-full\"><a href=\"https:\/\/i0.wp.com\/blogdoeloiltoncajuhy.com.br\/site\/wp-content\/uploads\/2022\/06\/Bonfim_Barracas-Feira-Livre-02062022-02.png\"><img data-recalc-dims=\"1\" decoding=\"async\" width=\"745\" height=\"371\" src=\"https:\/\/i0.wp.com\/blogdoeloiltoncajuhy.com.br\/site\/wp-content\/uploads\/2022\/06\/Bonfim_Barracas-Feira-Livre-02062022-02.png?resize=745%2C371\" alt=\"\" class=\"wp-image-65518\" srcset=\"https:\/\/i0.wp.com\/blogdoeloiltoncajuhy.com.br\/site\/wp-content\/uploads\/2022\/06\/Bonfim_Barracas-Feira-Livre-02062022-02.png?w=745&amp;ssl=1 745w, https:\/\/i0.wp.com\/blogdoeloiltoncajuhy.com.br\/site\/wp-content\/uploads\/2022\/06\/Bonfim_Barracas-Feira-Livre-02062022-02.png?resize=300%2C149&amp;ssl=1 300w\" sizes=\"(max-width: 745px) 100vw, 745px\" \/><\/a><\/figure>\n","protected":false},"excerpt":{"rendered":"<p>A Associa\u00e7\u00e3o de Vendedores Ambulantes e Feira Livre de Senhor do Bonfim (Avafli) recebeu novas barracas destinadas a melhorar o servi\u00e7o prestado \u00e0 popula\u00e7\u00e3o. Ao todo, foram 75 vendedores beneficiados com os equipamentos entregues pelo Deputado Bob\u00f4, obtidos atrav\u00e9s do Governo do Estado, por meio da Companhia de A\u00e7\u00e3o e Desenvolvimento Regional &#8211; CAR. Segundo [&hellip;]<\/p>\n","protected":false},"author":2,"featured_media":65518,"comment_status":"open","ping_status":"open","sticky":false,"template":"","format":"standard","meta":{"_acf_changed":false,"_monsterinsights_skip_tracking":false,"_monsterinsights_sitenote_active":false,"_monsterinsights_sitenote_note":"","_monsterinsights_sitenote_category":0,"_jetpack_memberships_contains_paid_content":false,"footnotes":"","jetpack_publicize_message":"","jetpack_publicize_feature_enabled":true,"jetpack_social_post_already_shared":true,"jetpack_social_options":{"image_generator_settings":{"template":"highway","default_image_id":0,"font":"","enabled":false},"version":2}},"categories":[4],"tags":[],"class_list":["post-65516","post","type-post","status-publish","format-standard","has-post-thumbnail","hentry","category-local"],"acf":[],"jetpack_publicize_connections":[],"jetpack_featured_media_url":"https:\/\/i0.wp.com\/blogdoeloiltoncajuhy.com.br\/site\/wp-content\/uploads\/2022\/06\/Bonfim_Barracas-Feira-Livre-02062022-02.png?fit=745%2C371&ssl=1","jetpack_sharing_enabled":true,"publishpress_future_workflow_manual_trigger":{"enabledWorkflows":[]},"_links":{"self":[{"href":"https:\/\/blogdoeloiltoncajuhy.com.br\/site\/wp-json\/wp\/v2\/posts\/65516","targetHints":{"allow":["GET"]}}],"collection":[{"href":"https:\/\/blogdoeloiltoncajuhy.com.br\/site\/wp-json\/wp\/v2\/posts"}],"about":[{"href":"https:\/\/blogdoeloiltoncajuhy.com.br\/site\/wp-json\/wp\/v2\/types\/post"}],"author":[{"embeddable":true,"href":"https:\/\/blogdoeloiltoncajuhy.com.br\/site\/wp-json\/wp\/v2\/users\/2"}],"replies":[{"embeddable":true,"href":"https:\/\/blogdoeloiltoncajuhy.com.br\/site\/wp-json\/wp\/v2\/comments?post=65516"}],"version-history":[{"count":2,"href":"https:\/\/blogdoeloiltoncajuhy.com.br\/site\/wp-json\/wp\/v2\/posts\/65516\/revisions"}],"predecessor-version":[{"id":65520,"href":"https:\/\/blogdoeloiltoncajuhy.com.br\/site\/wp-json\/wp\/v2\/posts\/65516\/revisions\/65520"}],"wp:featuredmedia":[{"embeddable":true,"href":"https:\/\/blogdoeloiltoncajuhy.com.br\/site\/wp-json\/wp\/v2\/media\/65518"}],"wp:attachment":[{"href":"https:\/\/blogdoeloiltoncajuhy.com.br\/site\/wp-json\/wp\/v2\/media?parent=65516"}],"wp:term":[{"taxonomy":"category","embeddable":true,"href":"https:\/\/blogdoeloiltoncajuhy.com.br\/site\/wp-json\/wp\/v2\/categories?post=65516"},{"taxonomy":"post_tag","embeddable":true,"href":"https:\/\/blogdoeloiltoncajuhy.com.br\/site\/wp-json\/wp\/v2\/tags?post=65516"}],"curies":[{"name":"wp","href":"https:\/\/api.w.org\/{rel}","templated":true}]}}