{"id":65513,"date":"2022-06-02T08:32:01","date_gmt":"2022-06-02T11:32:01","guid":{"rendered":"http:\/\/blogdoeloiltoncajuhy.com.br\/site\/?p=65513"},"modified":"2022-06-02T08:32:02","modified_gmt":"2022-06-02T11:32:02","slug":"brasileiro-comemora-finalizacao-de-obra-da-praca-da-pera","status":"publish","type":"post","link":"https:\/\/blogdoeloiltoncajuhy.com.br\/site\/brasileiro-comemora-finalizacao-de-obra-da-praca-da-pera\/","title":{"rendered":"Brasileiro comemora finaliza\u00e7\u00e3o de obra da Pra\u00e7a da P\u00eara"},"content":{"rendered":"\n<figure class=\"wp-block-image aligncenter size-large\"><a href=\"https:\/\/i0.wp.com\/blogdoeloiltoncajuhy.com.br\/site\/wp-content\/uploads\/2022\/06\/Bonfim-Praca-da-Pera-02062022.jpg\"><img data-recalc-dims=\"1\" fetchpriority=\"high\" decoding=\"async\" width=\"800\" height=\"531\" src=\"https:\/\/i0.wp.com\/blogdoeloiltoncajuhy.com.br\/site\/wp-content\/uploads\/2022\/06\/Bonfim-Praca-da-Pera-02062022.jpg?resize=800%2C531\" alt=\"\" class=\"wp-image-65514\" srcset=\"https:\/\/i0.wp.com\/blogdoeloiltoncajuhy.com.br\/site\/wp-content\/uploads\/2022\/06\/Bonfim-Praca-da-Pera-02062022.jpg?resize=1024%2C680&amp;ssl=1 1024w, https:\/\/i0.wp.com\/blogdoeloiltoncajuhy.com.br\/site\/wp-content\/uploads\/2022\/06\/Bonfim-Praca-da-Pera-02062022.jpg?resize=300%2C199&amp;ssl=1 300w, https:\/\/i0.wp.com\/blogdoeloiltoncajuhy.com.br\/site\/wp-content\/uploads\/2022\/06\/Bonfim-Praca-da-Pera-02062022.jpg?resize=768%2C510&amp;ssl=1 768w, https:\/\/i0.wp.com\/blogdoeloiltoncajuhy.com.br\/site\/wp-content\/uploads\/2022\/06\/Bonfim-Praca-da-Pera-02062022.jpg?w=1280&amp;ssl=1 1280w\" sizes=\"(max-width: 800px) 100vw, 800px\" \/><\/a><\/figure>\n\n\n\n<p>O ex-prefeito Carlos Brasileiro parabenizou o ex-vereador Tavinho, moradores da P\u00eara e de bairros vizinhos pela conclus\u00e3o da Pra\u00e7a Paulo Roosevelt. A obra foi iniciada em seu governo, no final de 2019, n\u00e3o sendo conclu\u00edda em 2020 devido \u00e0 pandemia da Covid-19, que causou falta e aumento exagerado nos valores de materiais de constru\u00e7\u00e3o.<\/p>\n\n\n\n<p>&#8220;Estamos muito felizes pela conclus\u00e3o da obra, pois uma pra\u00e7a sempre ser\u00e1 um espa\u00e7o de lazer, conviv\u00eancia e encontros saud\u00e1veis entre amigos e familiares. \u00c9 melhoria na qualidade de vida dos bonfinenses&#8221;, declarou Brasileiro.<\/p>\n\n\n\n<p>A obra foi realizada com recursos obtidos atrav\u00e9s de Emenda Parlamentar do deputado federal Artur Maia, que atendeu solicita\u00e7\u00e3o do ex-vereador Tavinho.<\/p>\n","protected":false},"excerpt":{"rendered":"<p>O ex-prefeito Carlos Brasileiro parabenizou o ex-vereador Tavinho, moradores da P\u00eara e de bairros vizinhos pela conclus\u00e3o da Pra\u00e7a Paulo Roosevelt. A obra foi iniciada em seu governo, no final de 2019, n\u00e3o sendo conclu\u00edda em 2020 devido \u00e0 pandemia da Covid-19, que causou falta e aumento exagerado nos valores de materiais de constru\u00e7\u00e3o. &#8220;Estamos [&hellip;]<\/p>\n","protected":false},"author":2,"featured_media":65514,"comment_status":"open","ping_status":"open","sticky":false,"template":"","format":"standard","meta":{"_acf_changed":false,"_monsterinsights_skip_tracking":false,"_monsterinsights_sitenote_active":false,"_monsterinsights_sitenote_note":"","_monsterinsights_sitenote_category":0,"_jetpack_memberships_contains_paid_content":false,"footnotes":"","jetpack_publicize_message":"","jetpack_publicize_feature_enabled":true,"jetpack_social_post_already_shared":true,"jetpack_social_options":{"image_generator_settings":{"template":"highway","default_image_id":0,"font":"","enabled":false},"version":2}},"categories":[4],"tags":[],"class_list":["post-65513","post","type-post","status-publish","format-standard","has-post-thumbnail","hentry","category-local"],"acf":[],"jetpack_publicize_connections":[],"jetpack_featured_media_url":"https:\/\/i0.wp.com\/blogdoeloiltoncajuhy.com.br\/site\/wp-content\/uploads\/2022\/06\/Bonfim-Praca-da-Pera-02062022.jpg?fit=1280%2C850&ssl=1","jetpack_sharing_enabled":true,"publishpress_future_workflow_manual_trigger":{"enabledWorkflows":[]},"_links":{"self":[{"href":"https:\/\/blogdoeloiltoncajuhy.com.br\/site\/wp-json\/wp\/v2\/posts\/65513","targetHints":{"allow":["GET"]}}],"collection":[{"href":"https:\/\/blogdoeloiltoncajuhy.com.br\/site\/wp-json\/wp\/v2\/posts"}],"about":[{"href":"https:\/\/blogdoeloiltoncajuhy.com.br\/site\/wp-json\/wp\/v2\/types\/post"}],"author":[{"embeddable":true,"href":"https:\/\/blogdoeloiltoncajuhy.com.br\/site\/wp-json\/wp\/v2\/users\/2"}],"replies":[{"embeddable":true,"href":"https:\/\/blogdoeloiltoncajuhy.com.br\/site\/wp-json\/wp\/v2\/comments?post=65513"}],"version-history":[{"count":1,"href":"https:\/\/blogdoeloiltoncajuhy.com.br\/site\/wp-json\/wp\/v2\/posts\/65513\/revisions"}],"predecessor-version":[{"id":65515,"href":"https:\/\/blogdoeloiltoncajuhy.com.br\/site\/wp-json\/wp\/v2\/posts\/65513\/revisions\/65515"}],"wp:featuredmedia":[{"embeddable":true,"href":"https:\/\/blogdoeloiltoncajuhy.com.br\/site\/wp-json\/wp\/v2\/media\/65514"}],"wp:attachment":[{"href":"https:\/\/blogdoeloiltoncajuhy.com.br\/site\/wp-json\/wp\/v2\/media?parent=65513"}],"wp:term":[{"taxonomy":"category","embeddable":true,"href":"https:\/\/blogdoeloiltoncajuhy.com.br\/site\/wp-json\/wp\/v2\/categories?post=65513"},{"taxonomy":"post_tag","embeddable":true,"href":"https:\/\/blogdoeloiltoncajuhy.com.br\/site\/wp-json\/wp\/v2\/tags?post=65513"}],"curies":[{"name":"wp","href":"https:\/\/api.w.org\/{rel}","templated":true}]}}