{"id":65506,"date":"2022-06-01T12:41:25","date_gmt":"2022-06-01T15:41:25","guid":{"rendered":"http:\/\/blogdoeloiltoncajuhy.com.br\/site\/?p=65506"},"modified":"2022-06-01T12:41:26","modified_gmt":"2022-06-01T15:41:26","slug":"projeto-determina-que-locais-muito-movimentados-tenham-funcionarios-para-lidar-com-autistas","status":"publish","type":"post","link":"https:\/\/blogdoeloiltoncajuhy.com.br\/site\/projeto-determina-que-locais-muito-movimentados-tenham-funcionarios-para-lidar-com-autistas\/","title":{"rendered":"Projeto determina que locais muito movimentados tenham funcion\u00e1rios para lidar com autistas"},"content":{"rendered":"\n<p class=\"has-text-align-center has-medium-font-size\"><em>Autor da proposta ressalta que autistas podem ter crises por causa do excesso de est\u00edmulos<\/em><\/p>\n\n\n\n<figure class=\"wp-block-image aligncenter size-full\"><a href=\"https:\/\/i0.wp.com\/blogdoeloiltoncajuhy.com.br\/site\/wp-content\/uploads\/2022\/06\/Deputado-Alexandre-Frota-01062022.jpg\"><img data-recalc-dims=\"1\" fetchpriority=\"high\" decoding=\"async\" width=\"768\" height=\"512\" src=\"https:\/\/i0.wp.com\/blogdoeloiltoncajuhy.com.br\/site\/wp-content\/uploads\/2022\/06\/Deputado-Alexandre-Frota-01062022.jpg?resize=768%2C512\" alt=\"\" class=\"wp-image-65507\" srcset=\"https:\/\/i0.wp.com\/blogdoeloiltoncajuhy.com.br\/site\/wp-content\/uploads\/2022\/06\/Deputado-Alexandre-Frota-01062022.jpg?w=768&amp;ssl=1 768w, https:\/\/i0.wp.com\/blogdoeloiltoncajuhy.com.br\/site\/wp-content\/uploads\/2022\/06\/Deputado-Alexandre-Frota-01062022.jpg?resize=300%2C200&amp;ssl=1 300w\" sizes=\"(max-width: 768px) 100vw, 768px\" \/><\/a><figcaption><sub>O autor da proposta, deputado Alexandre Frota &#8211; Foto: Paulo S\u00e9rgio\/C\u00e2mara dos Deputados<\/sub><\/figcaption><\/figure>\n\n\n\n<p>O Projeto de Lei 1256\/22 estabelece a obrigatoriedade da perman\u00eancia de funcion\u00e1rios que tenham treinamento para lidar com crises do Transtorno do Espectro Autista (TEA) em locais p\u00fablicos ou privados de grande fluxo de pessoas.<\/p>\n\n\n\n<p>Conforme o texto em an\u00e1lise na C\u00e2mara dos Deputados, o funcion\u00e1rio habilitado a lidar com essas situa\u00e7\u00f5es poder\u00e1 fazer parte da brigada de inc\u00eandio do local ou poder\u00e1 exercer outra fun\u00e7\u00e3o na estrutura organizacional da empresa ou do servi\u00e7o p\u00fablico.<\/p>\n\n\n\n<p>A proposta considera locais de grande fluxo de pessoas, shopping center, est\u00e1dio, sala de cinema e teatro, local para shows, locais de atendimento ao p\u00fablico, metr\u00f4 e todos os demais que recebam grande n\u00famero de pessoas, mesmo que transitoriamente.<\/p>\n\n\n\n<p>Autor do projeto, o deputado Alexandre Frota (PSDB-SP) ressalta que pessoas com o transtorno podem ter crises quando s\u00e3o expostas a v\u00e1rios est\u00edmulos sensoriais e n\u00e3o conseguem lidar com tanta informa\u00e7\u00e3o. &#8220;Diferentemente da birra, a crise n\u00e3o \u00e9 proposital e muito menos uma estrat\u00e9gia para se conseguir algo; mas a resposta de um limite que fora extrapolado; de uma irrita\u00e7\u00e3o extrema&#8221;, compara.<\/p>\n\n\n\n<p>De acordo com o parlamentar, as crises no autismo precisam ser controladas de maneiras determinadas. \u201cPrimeiramente, jamais grite com a crian\u00e7a. O aconselh\u00e1vel \u00e9 que ela seja levada para longe dos est\u00edmulos que motivaram essa situa\u00e7\u00e3o\u201d, orienta.<\/p>\n\n\n\n<p>Frota afirma que diversos cursos ensinam a cuidar e compreender o transtorno autista. &#8220;O cuidado dever\u00e1 ser complementado com a assist\u00eancia do local onde o portador do transtorno estiver frequentando\u201d, acrescenta.<\/p>\n\n\n\n<p>Segundo o projeto, o Sistema \u00danico de Sa\u00fade (SUS) ou mesmo empresas privadas poder\u00e3o disponibilizar os treinamentos para os funcion\u00e1rios.<\/p>\n\n\n\n<p class=\"has-black-color has-text-color has-medium-font-size\"><strong>Censo<\/strong><\/p>\n\n\n\n<p>O autismo \u00e9 uma s\u00edndrome que afeta v\u00e1rios aspectos da comunica\u00e7\u00e3o, al\u00e9m de influenciar tamb\u00e9m no comportamento do indiv\u00edduo.<\/p>\n\n\n\n<p>No Brasil, estima-se que existam 2 milh\u00f5es de pessoas com transtorno. Neste ano, o IBGE incluiu uma pergunta sobre autismo no censo que ser\u00e1 realizado a partir de 1\u00ba de agosto.<\/p>\n\n\n\n<p class=\"has-black-color has-text-color has-medium-font-size\"><strong>Tramita\u00e7\u00e3o<\/strong><\/p>\n\n\n\n<p>A proposta ser\u00e1 analisada em car\u00e1ter conclusivo pelas comiss\u00f5es de Defesa dos Direitos das Pessoas com Defici\u00eancia; e de Constitui\u00e7\u00e3o e Justi\u00e7a e de Cidadania.<\/p>\n","protected":false},"excerpt":{"rendered":"<p>Autor da proposta ressalta que autistas podem ter crises por causa do excesso de est\u00edmulos O Projeto de Lei 1256\/22 estabelece a obrigatoriedade da perman\u00eancia de funcion\u00e1rios que tenham treinamento para lidar com crises do Transtorno do Espectro Autista (TEA) em locais p\u00fablicos ou privados de grande fluxo de pessoas. Conforme o texto em an\u00e1lise [&hellip;]<\/p>\n","protected":false},"author":2,"featured_media":65507,"comment_status":"open","ping_status":"open","sticky":false,"template":"","format":"standard","meta":{"_acf_changed":false,"_monsterinsights_skip_tracking":false,"_monsterinsights_sitenote_active":false,"_monsterinsights_sitenote_note":"","_monsterinsights_sitenote_category":0,"_jetpack_memberships_contains_paid_content":false,"footnotes":"","jetpack_publicize_message":"","jetpack_publicize_feature_enabled":true,"jetpack_social_post_already_shared":true,"jetpack_social_options":{"image_generator_settings":{"template":"highway","default_image_id":0,"font":"","enabled":false},"version":2}},"categories":[15],"tags":[],"class_list":["post-65506","post","type-post","status-publish","format-standard","has-post-thumbnail","hentry","category-policia"],"acf":[],"jetpack_publicize_connections":[],"jetpack_featured_media_url":"https:\/\/i0.wp.com\/blogdoeloiltoncajuhy.com.br\/site\/wp-content\/uploads\/2022\/06\/Deputado-Alexandre-Frota-01062022.jpg?fit=768%2C512&ssl=1","jetpack_sharing_enabled":true,"publishpress_future_workflow_manual_trigger":{"enabledWorkflows":[]},"_links":{"self":[{"href":"https:\/\/blogdoeloiltoncajuhy.com.br\/site\/wp-json\/wp\/v2\/posts\/65506","targetHints":{"allow":["GET"]}}],"collection":[{"href":"https:\/\/blogdoeloiltoncajuhy.com.br\/site\/wp-json\/wp\/v2\/posts"}],"about":[{"href":"https:\/\/blogdoeloiltoncajuhy.com.br\/site\/wp-json\/wp\/v2\/types\/post"}],"author":[{"embeddable":true,"href":"https:\/\/blogdoeloiltoncajuhy.com.br\/site\/wp-json\/wp\/v2\/users\/2"}],"replies":[{"embeddable":true,"href":"https:\/\/blogdoeloiltoncajuhy.com.br\/site\/wp-json\/wp\/v2\/comments?post=65506"}],"version-history":[{"count":2,"href":"https:\/\/blogdoeloiltoncajuhy.com.br\/site\/wp-json\/wp\/v2\/posts\/65506\/revisions"}],"predecessor-version":[{"id":65509,"href":"https:\/\/blogdoeloiltoncajuhy.com.br\/site\/wp-json\/wp\/v2\/posts\/65506\/revisions\/65509"}],"wp:featuredmedia":[{"embeddable":true,"href":"https:\/\/blogdoeloiltoncajuhy.com.br\/site\/wp-json\/wp\/v2\/media\/65507"}],"wp:attachment":[{"href":"https:\/\/blogdoeloiltoncajuhy.com.br\/site\/wp-json\/wp\/v2\/media?parent=65506"}],"wp:term":[{"taxonomy":"category","embeddable":true,"href":"https:\/\/blogdoeloiltoncajuhy.com.br\/site\/wp-json\/wp\/v2\/categories?post=65506"},{"taxonomy":"post_tag","embeddable":true,"href":"https:\/\/blogdoeloiltoncajuhy.com.br\/site\/wp-json\/wp\/v2\/tags?post=65506"}],"curies":[{"name":"wp","href":"https:\/\/api.w.org\/{rel}","templated":true}]}}