{"id":65502,"date":"2022-06-01T11:07:41","date_gmt":"2022-06-01T14:07:41","guid":{"rendered":"http:\/\/blogdoeloiltoncajuhy.com.br\/site\/?p=65502"},"modified":"2022-06-01T11:07:43","modified_gmt":"2022-06-01T14:07:43","slug":"proposta-que-cria-mensalidade-em-universidade-publica-vai-para-a-gaveta-apos-pressao","status":"publish","type":"post","link":"https:\/\/blogdoeloiltoncajuhy.com.br\/site\/proposta-que-cria-mensalidade-em-universidade-publica-vai-para-a-gaveta-apos-pressao\/","title":{"rendered":"Proposta que cria mensalidade em universidade p\u00fablica vai para a gaveta ap\u00f3s press\u00e3o"},"content":{"rendered":"\n<figure class=\"wp-block-image aligncenter size-large\"><a href=\"https:\/\/i0.wp.com\/blogdoeloiltoncajuhy.com.br\/site\/wp-content\/uploads\/2022\/06\/Universidades-publicas-01062022.jpg\"><img data-recalc-dims=\"1\" fetchpriority=\"high\" decoding=\"async\" width=\"800\" height=\"491\" src=\"https:\/\/i0.wp.com\/blogdoeloiltoncajuhy.com.br\/site\/wp-content\/uploads\/2022\/06\/Universidades-publicas-01062022.jpg?resize=800%2C491\" alt=\"\" class=\"wp-image-65503\" srcset=\"https:\/\/i0.wp.com\/blogdoeloiltoncajuhy.com.br\/site\/wp-content\/uploads\/2022\/06\/Universidades-publicas-01062022.jpg?resize=1024%2C628&amp;ssl=1 1024w, https:\/\/i0.wp.com\/blogdoeloiltoncajuhy.com.br\/site\/wp-content\/uploads\/2022\/06\/Universidades-publicas-01062022.jpg?resize=300%2C184&amp;ssl=1 300w, https:\/\/i0.wp.com\/blogdoeloiltoncajuhy.com.br\/site\/wp-content\/uploads\/2022\/06\/Universidades-publicas-01062022.jpg?resize=768%2C471&amp;ssl=1 768w, https:\/\/i0.wp.com\/blogdoeloiltoncajuhy.com.br\/site\/wp-content\/uploads\/2022\/06\/Universidades-publicas-01062022.jpg?resize=1536%2C942&amp;ssl=1 1536w, https:\/\/i0.wp.com\/blogdoeloiltoncajuhy.com.br\/site\/wp-content\/uploads\/2022\/06\/Universidades-publicas-01062022.jpg?w=1761&amp;ssl=1 1761w, https:\/\/i0.wp.com\/blogdoeloiltoncajuhy.com.br\/site\/wp-content\/uploads\/2022\/06\/Universidades-publicas-01062022.jpg?w=1600 1600w\" sizes=\"(max-width: 800px) 100vw, 800px\" \/><\/a><figcaption><sub>Foto: Jorge Araujo\/Folhapress<\/sub><\/figcaption><\/figure>\n\n\n\n<p>Ap\u00f3s acordo, a PEC (proposta de emenda \u00e0 Constitui\u00e7\u00e3o) que prev\u00ea cobran\u00e7a de mensalidade em universidades p\u00fablicas n\u00e3o ser\u00e1 analisada na CCJ (Comiss\u00e3o de Constitui\u00e7\u00e3o e Justi\u00e7a) da C\u00e2mara neste ano, em meio \u00e0 resist\u00eancia, inclusive na base do governo, de votar o tema antes das elei\u00e7\u00f5es.<\/p>\n\n\n\n<p>A PEC, de autoria do deputado General Peternelli (Uni\u00e3o-SP), entrou na semana passada na pauta da CCJ, principal comiss\u00e3o da C\u00e2mara e respons\u00e1vel pelo parecer sobre a admissibilidade de textos que alteram a Constitui\u00e7\u00e3o.<\/p>\n\n\n\n<p>A proposta, por\u00e9m, foi retirada de pauta no colegiado porque o relator, deputado Kim Kataguiri (Uni\u00e3o Brasil-SP), estava de licen\u00e7a.<\/p>\n\n\n\n<p>Durante a reuni\u00e3o na semana passada em que a PEC estava pautada, houve mobiliza\u00e7\u00e3o de estudantes contr\u00e1rios \u00e0 proposta.<\/p>\n\n\n\n<p>Nesta ter\u00e7a-feira (31), o deputado Orlando Silva (PC do B-SP) fez um discurso elogiando o presidente da comiss\u00e3o, Arthur Maia (Uni\u00e3o Brasil-BA), por ter assegurado que a CCJ n\u00e3o apreciaria o m\u00e9rito da PEC enquanto n\u00e3o fossem realizadas as audi\u00eancias p\u00fablicas para debater o tema.<\/p>\n\n\n\n<p>&#8220;Por acordo de diversos l\u00edderes, de diversas bancadas, partidos da oposi\u00e7\u00e3o, partidos do governo, n\u00f3s decidimos retirar os requerimentos de audi\u00eancias p\u00fablicas, sinalizando um entendimento que eu considero maduro por parte dessa Casa que \u00e9 o da retirada de pauta desta proposta de Emenda \u00e0 Constitui\u00e7\u00e3o&#8221;, afirmou Orlando Silva.<\/p>\n\n\n\n<p>Para ele, o texto \u00e9 um equ\u00edvoco &#8220;porque as universidades p\u00fablicas s\u00e3o financiadas com impostos dos cidad\u00e3os brasileiros&#8221;.<\/p>\n\n\n\n<p>&#8220;Elas n\u00e3o s\u00e3o meramente gratuitas, e a institui\u00e7\u00e3o de mensalidades poderia excluir a participa\u00e7\u00e3o de uma parcela importante de estudantes carentes que t\u00eam na universidade p\u00fablica o lugar em que ocupa o seu tempo na sua forma\u00e7\u00e3o, no seu desenvolvimento&#8221;.<\/p>\n\n\n\n<p>Pela proposta, nem sequer os requerimentos de realiza\u00e7\u00e3o de audi\u00eancia p\u00fablica ser\u00e3o apreciados. A avalia\u00e7\u00e3o \u00e9 que o fato de 2022 ser um ano eleitoral compromete a discuss\u00e3o, e, por isso, a PEC vai para a gaveta da CCJ.<\/p>\n\n\n\n<p>A PEC inclui na Constitui\u00e7\u00e3o um dispositivo para prever que as &#8220;institui\u00e7\u00f5es p\u00fablicas de ensino superior devem cobrar mensalidades, cujos recursos devem ser geridos para o pr\u00f3prio custeio, garantindo-se a gratuidade \u00e0queles que n\u00e3o tiverem recursos suficientes, mediante comiss\u00e3o de avalia\u00e7\u00e3o da pr\u00f3pria institui\u00e7\u00e3o e respeitados os valores m\u00ednimo e m\u00e1ximo definidos pelo \u00f3rg\u00e3o ministerial do Poder Executivo&#8221;.<\/p>\n\n\n\n<p>Na justificativa, o deputado General Peternelli cita estudo de 2017 do Banco Mundial que indica que a cobran\u00e7a de mensalidade nas universidades p\u00fablicas brasileiras seria uma forma de diminuir as desigualdades sociais do pa\u00eds.<\/p>\n\n\n\n<p>&#8220;A cobran\u00e7a de taxa para estudantes que possam pagar redunda em benef\u00edcio para a pr\u00f3pria universidade p\u00fablica e em nada desprestigia a educa\u00e7\u00e3o superior, uma vez que os docentes que n\u00e3o puderem pagar continuar\u00e3o usufruindo da gratuidade como &#8211; ali\u00e1s &#8211; j\u00e1 deveria ter sido desde o princ\u00edpio e j\u00e1 estar\u00edamos colhendo melhores benef\u00edcios dessas institui\u00e7\u00f5es&#8221;, argumenta.<\/p>\n\n\n\n<p>Em relat\u00f3rio divulgado em 18 de maio, o deputado Kim Kataguiri votou favoravelmente \u00e0 admissibilidade da PEC.<\/p>\n\n\n\n<p>&#8220;Entendo que a PEC n\u00e3o fere a forma federativa de Estado&#8221;, escreveu, em seu parecer. &#8220;Temos, hoje, institui\u00e7\u00f5es p\u00fablicas de ensino superior federais, estaduais e at\u00e9 municipais. Cada um destes entes poder\u00e1, se assim quiser, disciplinar a cobran\u00e7a de mensalidade, observando a gratuidade garantida aos alunos pobres&#8221;.<\/p>\n\n\n\n<p>Kataguiri afirma que a PEC n\u00e3o elimina o ensino p\u00fablico superior, &#8220;muito menos na modalidade gratuita&#8221;. &#8220;A gratuidade continuar\u00e1 existindo, mas ser\u00e1 restrita aos alunos que dela precisam&#8221;.<\/p>\n","protected":false},"excerpt":{"rendered":"<p>Ap\u00f3s acordo, a PEC (proposta de emenda \u00e0 Constitui\u00e7\u00e3o) que prev\u00ea cobran\u00e7a de mensalidade em universidades p\u00fablicas n\u00e3o ser\u00e1 analisada na CCJ (Comiss\u00e3o de Constitui\u00e7\u00e3o e Justi\u00e7a) da C\u00e2mara neste ano, em meio \u00e0 resist\u00eancia, inclusive na base do governo, de votar o tema antes das elei\u00e7\u00f5es. A PEC, de autoria do deputado General Peternelli [&hellip;]<\/p>\n","protected":false},"author":2,"featured_media":65503,"comment_status":"open","ping_status":"open","sticky":false,"template":"","format":"standard","meta":{"_acf_changed":false,"_monsterinsights_skip_tracking":false,"_monsterinsights_sitenote_active":false,"_monsterinsights_sitenote_note":"","_monsterinsights_sitenote_category":0,"_jetpack_memberships_contains_paid_content":false,"footnotes":"","jetpack_publicize_message":"","jetpack_publicize_feature_enabled":true,"jetpack_social_post_already_shared":true,"jetpack_social_options":{"image_generator_settings":{"template":"highway","default_image_id":0,"font":"","enabled":false},"version":2}},"categories":[3],"tags":[],"class_list":["post-65502","post","type-post","status-publish","format-standard","has-post-thumbnail","hentry","category-politica"],"acf":[],"jetpack_publicize_connections":[],"jetpack_featured_media_url":"https:\/\/i0.wp.com\/blogdoeloiltoncajuhy.com.br\/site\/wp-content\/uploads\/2022\/06\/Universidades-publicas-01062022.jpg?fit=1761%2C1080&ssl=1","jetpack_sharing_enabled":true,"publishpress_future_workflow_manual_trigger":{"enabledWorkflows":[]},"_links":{"self":[{"href":"https:\/\/blogdoeloiltoncajuhy.com.br\/site\/wp-json\/wp\/v2\/posts\/65502","targetHints":{"allow":["GET"]}}],"collection":[{"href":"https:\/\/blogdoeloiltoncajuhy.com.br\/site\/wp-json\/wp\/v2\/posts"}],"about":[{"href":"https:\/\/blogdoeloiltoncajuhy.com.br\/site\/wp-json\/wp\/v2\/types\/post"}],"author":[{"embeddable":true,"href":"https:\/\/blogdoeloiltoncajuhy.com.br\/site\/wp-json\/wp\/v2\/users\/2"}],"replies":[{"embeddable":true,"href":"https:\/\/blogdoeloiltoncajuhy.com.br\/site\/wp-json\/wp\/v2\/comments?post=65502"}],"version-history":[{"count":2,"href":"https:\/\/blogdoeloiltoncajuhy.com.br\/site\/wp-json\/wp\/v2\/posts\/65502\/revisions"}],"predecessor-version":[{"id":65505,"href":"https:\/\/blogdoeloiltoncajuhy.com.br\/site\/wp-json\/wp\/v2\/posts\/65502\/revisions\/65505"}],"wp:featuredmedia":[{"embeddable":true,"href":"https:\/\/blogdoeloiltoncajuhy.com.br\/site\/wp-json\/wp\/v2\/media\/65503"}],"wp:attachment":[{"href":"https:\/\/blogdoeloiltoncajuhy.com.br\/site\/wp-json\/wp\/v2\/media?parent=65502"}],"wp:term":[{"taxonomy":"category","embeddable":true,"href":"https:\/\/blogdoeloiltoncajuhy.com.br\/site\/wp-json\/wp\/v2\/categories?post=65502"},{"taxonomy":"post_tag","embeddable":true,"href":"https:\/\/blogdoeloiltoncajuhy.com.br\/site\/wp-json\/wp\/v2\/tags?post=65502"}],"curies":[{"name":"wp","href":"https:\/\/api.w.org\/{rel}","templated":true}]}}