{"id":65496,"date":"2022-05-31T20:04:53","date_gmt":"2022-05-31T23:04:53","guid":{"rendered":"http:\/\/blogdoeloiltoncajuhy.com.br\/site\/?p=65496"},"modified":"2022-05-31T20:04:55","modified_gmt":"2022-05-31T23:04:55","slug":"ccj-da-camara-aprova-fim-de-sigilo-sobre-crimes-contra-a-administracao-publica","status":"publish","type":"post","link":"https:\/\/blogdoeloiltoncajuhy.com.br\/site\/ccj-da-camara-aprova-fim-de-sigilo-sobre-crimes-contra-a-administracao-publica\/","title":{"rendered":"CCJ da C\u00e2mara aprova fim de sigilo sobre crimes contra a administra\u00e7\u00e3o p\u00fablica"},"content":{"rendered":"\n<p class=\"has-text-align-center has-medium-font-size\"><em>Relator lembra que a publicidade \u00e9 um dos princ\u00edpios da administra\u00e7\u00e3o p\u00fablica<\/em><\/p>\n\n\n\n<figure class=\"wp-block-image aligncenter size-full\"><a href=\"https:\/\/i0.wp.com\/blogdoeloiltoncajuhy.com.br\/site\/wp-content\/uploads\/2022\/05\/Kataguiri-31052022.jpg\"><img data-recalc-dims=\"1\" fetchpriority=\"high\" decoding=\"async\" width=\"768\" height=\"512\" src=\"https:\/\/i0.wp.com\/blogdoeloiltoncajuhy.com.br\/site\/wp-content\/uploads\/2022\/05\/Kataguiri-31052022.jpg?resize=768%2C512\" alt=\"\" class=\"wp-image-65497\" srcset=\"https:\/\/i0.wp.com\/blogdoeloiltoncajuhy.com.br\/site\/wp-content\/uploads\/2022\/05\/Kataguiri-31052022.jpg?w=768&amp;ssl=1 768w, https:\/\/i0.wp.com\/blogdoeloiltoncajuhy.com.br\/site\/wp-content\/uploads\/2022\/05\/Kataguiri-31052022.jpg?resize=300%2C200&amp;ssl=1 300w\" sizes=\"(max-width: 768px) 100vw, 768px\" \/><\/a><figcaption><sub>Kataguiri: &#8220;Crime contra a administra\u00e7\u00e3o p\u00fablica n\u00e3o pode correr em sigilo&#8221; &#8211; Foto: Michel Jesus\/C\u00e2mara dos Deputados<\/sub><\/figcaption><\/figure>\n\n\n\n<p>A Comiss\u00e3o de Constitui\u00e7\u00e3o e Justi\u00e7a e de Cidadania (CCJ) da C\u00e2mara dos Deputados aprovou a admissibilidade da Proposta de Emenda \u00e0 Constitui\u00e7\u00e3o 68\/07, do ex-deputado Luiz Couto (PB), que pro\u00edbe o sigilo processual nos casos de crimes contra a administra\u00e7\u00e3o p\u00fablica. Agora a C\u00e2mara dever\u00e1 constituir comiss\u00e3o especial para analisar a proposta.<\/p>\n\n\n\n<p>O relator, deputado Kim Kataguiri (Uni\u00e3o-SP), recomendou a aprova\u00e7\u00e3o do texto. &#8220;Todo crime cometido contra a administra\u00e7\u00e3o p\u00fablica n\u00e3o pode correr em sigilo na Justi\u00e7a, precisa ser p\u00fablico mesmo. Um dos princ\u00edpios da administra\u00e7\u00e3o p\u00fablica na Constitui\u00e7\u00e3o \u00e9 a publicidade&#8221;, argumentou.<\/p>\n\n\n\n<p>&#8220;Isso vai trazer um grande benef\u00edcio para sociedade brasileira, que vai conhecer todas as investiga\u00e7\u00f5es sobre a administra\u00e7\u00e3o p\u00fablica. Inclusive investiga\u00e7\u00f5es injustas contra inocentes, que t\u00eam o maior interesse em ter a situa\u00e7\u00e3o esclarecida o mais r\u00e1pido poss\u00edvel, para mostrar que n\u00e3o devem e n\u00e3o temem nada&#8221;, observou o parlamentar.<\/p>\n\n\n\n<p class=\"has-black-color has-text-color has-medium-font-size\"><strong>Transpar\u00eancia<\/strong><\/p>\n\n\n\n<p>O deputado F\u00e1bio Trad (PSD-MS) tamb\u00e9m defendeu a proposta. &#8220;\u00c9 preciso impregnar o princ\u00edpio da transpar\u00eancia, do acesso p\u00fablico aos dados do processo. Claro que apenas \u00e0queles submetidos a investiga\u00e7\u00e3o, mas esta circunst\u00e2ncia j\u00e1 est\u00e1 prevista em lei. N\u00e3o devem ser disponibilizados enquanto a investiga\u00e7\u00e3o perdurar&#8221;, ponderou.<\/p>\n\n\n\n<p>&#8220;\u00c9 verdade que h\u00e1 presun\u00e7\u00e3o de inoc\u00eancia, mas o princ\u00edpio da transpar\u00eancia tem que prevalecer. A sociedade precisa saber destes processos em que o er\u00e1rio \u00e9 maculado.&#8221;<\/p>\n\n\n\n<p>O deputado Luiz\u00e3o Goulart (Solidariedade-PR) afirmou que a transpar\u00eancia \u00e9 uma arma contra a corrup\u00e7\u00e3o. &#8220;Quase sempre a maldade \u00e9 feita \u00e0s escondidas. Quanto mais transpar\u00eancia, mais clareza teremos nos processos de crimes contra a administra\u00e7\u00e3o p\u00fablica, para a sociedade acompanhar e fazer o ju\u00edzo de valor. Quando a sociedade n\u00e3o tem como fiscalizar, muitas injusti\u00e7as se cometem e muitos crimes se encobrem&#8221;.<\/p>\n\n\n\n<p class=\"has-black-color has-text-color has-medium-font-size\"><strong>Crimes<\/strong><\/p>\n\n\n\n<p>Os crimes contra administra\u00e7\u00e3o p\u00fablica podem ser praticados tanto por funcion\u00e1rios p\u00fablicos como por particulares. Al\u00e9m da corrup\u00e7\u00e3o, o C\u00f3digo Penal inclui o peculato, emprego irregular de verbas, viol\u00eancia arbitr\u00e1ria, abandono de fun\u00e7\u00e3o, usurpa\u00e7\u00e3o de fun\u00e7\u00e3o p\u00fablica, tr\u00e1fico de influ\u00eancia, descaminho, contrabando, fraude de concorr\u00eancia, entre outros tipos penais.<\/p>\n","protected":false},"excerpt":{"rendered":"<p>Relator lembra que a publicidade \u00e9 um dos princ\u00edpios da administra\u00e7\u00e3o p\u00fablica A Comiss\u00e3o de Constitui\u00e7\u00e3o e Justi\u00e7a e de Cidadania (CCJ) da C\u00e2mara dos Deputados aprovou a admissibilidade da Proposta de Emenda \u00e0 Constitui\u00e7\u00e3o 68\/07, do ex-deputado Luiz Couto (PB), que pro\u00edbe o sigilo processual nos casos de crimes contra a administra\u00e7\u00e3o p\u00fablica. Agora [&hellip;]<\/p>\n","protected":false},"author":2,"featured_media":65497,"comment_status":"open","ping_status":"open","sticky":false,"template":"","format":"standard","meta":{"_acf_changed":false,"_monsterinsights_skip_tracking":false,"_monsterinsights_sitenote_active":false,"_monsterinsights_sitenote_note":"","_monsterinsights_sitenote_category":0,"_jetpack_memberships_contains_paid_content":false,"footnotes":"","jetpack_publicize_message":"","jetpack_publicize_feature_enabled":true,"jetpack_social_post_already_shared":true,"jetpack_social_options":{"image_generator_settings":{"template":"highway","default_image_id":0,"font":"","enabled":false},"version":2}},"categories":[3],"tags":[],"class_list":["post-65496","post","type-post","status-publish","format-standard","has-post-thumbnail","hentry","category-politica"],"acf":[],"jetpack_publicize_connections":[],"jetpack_featured_media_url":"https:\/\/i0.wp.com\/blogdoeloiltoncajuhy.com.br\/site\/wp-content\/uploads\/2022\/05\/Kataguiri-31052022.jpg?fit=768%2C512&ssl=1","jetpack_sharing_enabled":true,"publishpress_future_workflow_manual_trigger":{"enabledWorkflows":[]},"_links":{"self":[{"href":"https:\/\/blogdoeloiltoncajuhy.com.br\/site\/wp-json\/wp\/v2\/posts\/65496","targetHints":{"allow":["GET"]}}],"collection":[{"href":"https:\/\/blogdoeloiltoncajuhy.com.br\/site\/wp-json\/wp\/v2\/posts"}],"about":[{"href":"https:\/\/blogdoeloiltoncajuhy.com.br\/site\/wp-json\/wp\/v2\/types\/post"}],"author":[{"embeddable":true,"href":"https:\/\/blogdoeloiltoncajuhy.com.br\/site\/wp-json\/wp\/v2\/users\/2"}],"replies":[{"embeddable":true,"href":"https:\/\/blogdoeloiltoncajuhy.com.br\/site\/wp-json\/wp\/v2\/comments?post=65496"}],"version-history":[{"count":2,"href":"https:\/\/blogdoeloiltoncajuhy.com.br\/site\/wp-json\/wp\/v2\/posts\/65496\/revisions"}],"predecessor-version":[{"id":65499,"href":"https:\/\/blogdoeloiltoncajuhy.com.br\/site\/wp-json\/wp\/v2\/posts\/65496\/revisions\/65499"}],"wp:featuredmedia":[{"embeddable":true,"href":"https:\/\/blogdoeloiltoncajuhy.com.br\/site\/wp-json\/wp\/v2\/media\/65497"}],"wp:attachment":[{"href":"https:\/\/blogdoeloiltoncajuhy.com.br\/site\/wp-json\/wp\/v2\/media?parent=65496"}],"wp:term":[{"taxonomy":"category","embeddable":true,"href":"https:\/\/blogdoeloiltoncajuhy.com.br\/site\/wp-json\/wp\/v2\/categories?post=65496"},{"taxonomy":"post_tag","embeddable":true,"href":"https:\/\/blogdoeloiltoncajuhy.com.br\/site\/wp-json\/wp\/v2\/tags?post=65496"}],"curies":[{"name":"wp","href":"https:\/\/api.w.org\/{rel}","templated":true}]}}