{"id":65476,"date":"2022-05-31T11:03:19","date_gmt":"2022-05-31T14:03:19","guid":{"rendered":"http:\/\/blogdoeloiltoncajuhy.com.br\/site\/?p=65476"},"modified":"2022-05-31T11:03:20","modified_gmt":"2022-05-31T14:03:20","slug":"filha-de-milton-goncalves-revela-que-ator-teve-uma-morte-tranquila-ele-espalhava-alegria-por-onde-passava","status":"publish","type":"post","link":"https:\/\/blogdoeloiltoncajuhy.com.br\/site\/filha-de-milton-goncalves-revela-que-ator-teve-uma-morte-tranquila-ele-espalhava-alegria-por-onde-passava\/","title":{"rendered":"Filha de Milton Gon\u00e7alves revela que ator teve uma morte tranquila: &#8216;Ele espalhava alegria por onde passava&#8217;"},"content":{"rendered":"\n<p class=\"has-text-align-center has-medium-font-size\"><em>Catarina Gon\u00e7alves, filha do ator e diretor Milton Gon\u00e7alves, contou ao <strong>g1<\/strong> que estava ao lado do pai quando ele faleceu. Para ela, o maior ensinamento que ele deixou foi o de ter fome de conhecimento.<\/em><\/p>\n\n\n\n<figure class=\"wp-block-image aligncenter size-full\"><a href=\"https:\/\/i0.wp.com\/blogdoeloiltoncajuhy.com.br\/site\/wp-content\/uploads\/2022\/05\/Milton-Goncalves-31052022-01.webp\"><img data-recalc-dims=\"1\" fetchpriority=\"high\" decoding=\"async\" width=\"800\" height=\"543\" src=\"https:\/\/i0.wp.com\/blogdoeloiltoncajuhy.com.br\/site\/wp-content\/uploads\/2022\/05\/Milton-Goncalves-31052022-01.webp?resize=800%2C543\" alt=\"\" class=\"wp-image-65477\" srcset=\"https:\/\/i0.wp.com\/blogdoeloiltoncajuhy.com.br\/site\/wp-content\/uploads\/2022\/05\/Milton-Goncalves-31052022-01.webp?w=984&amp;ssl=1 984w, https:\/\/i0.wp.com\/blogdoeloiltoncajuhy.com.br\/site\/wp-content\/uploads\/2022\/05\/Milton-Goncalves-31052022-01.webp?resize=300%2C204&amp;ssl=1 300w, https:\/\/i0.wp.com\/blogdoeloiltoncajuhy.com.br\/site\/wp-content\/uploads\/2022\/05\/Milton-Goncalves-31052022-01.webp?resize=768%2C521&amp;ssl=1 768w\" sizes=\"(max-width: 800px) 100vw, 800px\" \/><\/a><figcaption><sub>Milton Gon\u00e7alves em &#8216;Anjo de Mim&#8217;, de 1996 \u2014 Foto: Acervo TV Globo<\/sub><\/figcaption><\/figure>\n\n\n\n<p>Catarina Gon\u00e7alves, filha do ator e diretor Milton Gon\u00e7alves, \u00edcone da TV brasileira, que morreu na \u00faltima segunda-feira (30) aos 88 anos, disse que o pai teve uma morte calma e bonita, &#8220;sem dramas&#8221;.<\/p>\n\n\n\n<p>Presente ao lado de Milton no momento de sua morte, Catarina contou ao <strong>g1<\/strong> que o pai vinha apresentando sinais de cansa\u00e7o nos \u00faltimos meses. Segundo ela, os sintomas s\u00e3o consequ\u00eancias de problemas de sa\u00fade decorrentes de um AVC sofrido em 2020. Na ocasi\u00e3o, o ator ficou tr\u00eas meses internado e precisou de aparelhos para respirar.<\/p>\n\n\n\n<p>&#8220;De uns meses para c\u00e1, ele come\u00e7ou a ficar muito cansado. O AVC foi tomando conta e ele apresentava alguns sinais, como a press\u00e3o baixando. Nos \u00faltimos dias, ele passou mal, mas nada de muito grave&#8221;, explicou.<\/p>\n\n\n\n<figure class=\"wp-block-pullquote has-medium-font-size\"><blockquote><p><strong>&#8220;A morte dele foi muito calma, muito bonita. Eu estava ao lado dele e foi como se ele estivesse indo dormir. Foi muito calmo. Apesar dele ser um grande ator dram\u00e1tico, n\u00e3o teve nada de drama nesse momento. Foi muito calmo&#8221;, comentou Catarina.<\/strong><\/p><\/blockquote><\/figure>\n\n\n\n<figure class=\"wp-block-image aligncenter size-full\"><a href=\"https:\/\/i0.wp.com\/blogdoeloiltoncajuhy.com.br\/site\/wp-content\/uploads\/2022\/05\/Ruth-de-Souza-Milton-Goncalves.webp\"><img data-recalc-dims=\"1\" decoding=\"async\" width=\"800\" height=\"543\" src=\"https:\/\/i0.wp.com\/blogdoeloiltoncajuhy.com.br\/site\/wp-content\/uploads\/2022\/05\/Ruth-de-Souza-Milton-Goncalves.webp?resize=800%2C543\" alt=\"\" class=\"wp-image-65478\" srcset=\"https:\/\/i0.wp.com\/blogdoeloiltoncajuhy.com.br\/site\/wp-content\/uploads\/2022\/05\/Ruth-de-Souza-Milton-Goncalves.webp?w=984&amp;ssl=1 984w, https:\/\/i0.wp.com\/blogdoeloiltoncajuhy.com.br\/site\/wp-content\/uploads\/2022\/05\/Ruth-de-Souza-Milton-Goncalves.webp?resize=300%2C204&amp;ssl=1 300w, https:\/\/i0.wp.com\/blogdoeloiltoncajuhy.com.br\/site\/wp-content\/uploads\/2022\/05\/Ruth-de-Souza-Milton-Goncalves.webp?resize=768%2C521&amp;ssl=1 768w\" sizes=\"(max-width: 800px) 100vw, 800px\" \/><\/a><figcaption><sub>&#8216;O Bem-Amado&#8217;: Ruth de Souza e Milton Gon\u00e7alves \u2014 Foto: Divulga\u00e7\u00e3o\/Globo<\/sub><\/figcaption><\/figure>\n\n\n\n<p>Milton Gon\u00e7alves foi um dos maiores atores de sua gera\u00e7\u00e3o e ficou conhecido por trabalhos marcantes em novelas como &#8220;O bem-amado&#8221; (1973) e as primeiras vers\u00f5es de &#8220;Pecado capital&#8221; (1975) e &#8220;Sinh\u00e1 Mo\u00e7a&#8221; (1986).<\/p>\n\n\n\n<p>Para Catarina, o principal legado que o pai deixa para as pr\u00f3ximas gera\u00e7\u00f5es \u00e9 a import\u00e2ncia em manter a vontade de aprender. Segundo ela, mesmo aos 88 anos, ele ainda tinha &#8220;fome de conhecimento&#8221;.<\/p>\n\n\n\n<p>O corpo do ator e diretor Milton Gon\u00e7alves est\u00e1 sendo velado no Theatro Municipal, no Centro do Rio, nesta ter\u00e7a-feira (31). A cerim\u00f4nia \u00e9 aberta ao p\u00fablico. Ap\u00f3s o vel\u00f3rio, \u00e0s 13h, o corpo do ator ser\u00e1 levado para o Cemit\u00e9rio S\u00e3o Francisco Xavier, no Caju, onde ser\u00e1 cremado.<\/p>\n\n\n\n<figure class=\"wp-block-image aligncenter size-full\"><a href=\"https:\/\/i0.wp.com\/blogdoeloiltoncajuhy.com.br\/site\/wp-content\/uploads\/2022\/05\/Milton-Goncalves-31052022-02.webp\"><img data-recalc-dims=\"1\" decoding=\"async\" width=\"800\" height=\"528\" src=\"https:\/\/i0.wp.com\/blogdoeloiltoncajuhy.com.br\/site\/wp-content\/uploads\/2022\/05\/Milton-Goncalves-31052022-02.webp?resize=800%2C528\" alt=\"\" class=\"wp-image-65479\" srcset=\"https:\/\/i0.wp.com\/blogdoeloiltoncajuhy.com.br\/site\/wp-content\/uploads\/2022\/05\/Milton-Goncalves-31052022-02.webp?w=984&amp;ssl=1 984w, https:\/\/i0.wp.com\/blogdoeloiltoncajuhy.com.br\/site\/wp-content\/uploads\/2022\/05\/Milton-Goncalves-31052022-02.webp?resize=300%2C198&amp;ssl=1 300w, https:\/\/i0.wp.com\/blogdoeloiltoncajuhy.com.br\/site\/wp-content\/uploads\/2022\/05\/Milton-Goncalves-31052022-02.webp?resize=768%2C507&amp;ssl=1 768w\" sizes=\"(max-width: 800px) 100vw, 800px\" \/><\/a><figcaption><sub>Milton Gon\u00e7alves grava vinheta de fim de ano da Globo em 1997 \u2014 Foto: Acervo TV Globo<\/sub><\/figcaption><\/figure>\n\n\n\n<p>Milton Gon\u00e7alves morreu em casa, no Rio de Janeiro, nesta segunda-feira (30), aos 88 anos. Al\u00e9m da brilhante trajet\u00f3ria art\u00edstica, Milton tamb\u00e9m venceu preconceitos e lutou pelo reconhecimento do trabalho dos negros, como lembrou o filho e tamb\u00e9m ator Mauricio Gon\u00e7alves.<\/p>\n\n\n\n<p>Nascido em 9 de dezembro de 1933, na pequena cidade de Monte Santo, em Minas Gerais, Milton Gon\u00e7alves fez mais de 40 novelas s\u00f3 na Globo, onde tamb\u00e9m atuou em programas humor\u00edsticos e miniss\u00e9ries de sucesso, como as primeiras vers\u00f5es de &#8220;Irm\u00e3os Coragem&#8221; (1970); &#8220;A Grande Fam\u00edlia&#8221; (1972); e &#8220;Escrava Isaura&#8221; (1976).<\/p>\n\n\n\n<p>A \u00faltima novela que o ator Milton Gon\u00e7alves participou na TV Globo foi &#8220;O Tempo N\u00e3o Para&#8221; (2018), quando interpretou o catador de materiais recicl\u00e1veis Eliseu.<\/p>\n","protected":false},"excerpt":{"rendered":"<p>Catarina Gon\u00e7alves, filha do ator e diretor Milton Gon\u00e7alves, contou ao g1 que estava ao lado do pai quando ele faleceu. Para ela, o maior ensinamento que ele deixou foi o de ter fome de conhecimento. Catarina Gon\u00e7alves, filha do ator e diretor Milton Gon\u00e7alves, \u00edcone da TV brasileira, que morreu na \u00faltima segunda-feira (30) [&hellip;]<\/p>\n","protected":false},"author":2,"featured_media":65479,"comment_status":"open","ping_status":"open","sticky":false,"template":"","format":"standard","meta":{"_acf_changed":false,"_monsterinsights_skip_tracking":false,"_monsterinsights_sitenote_active":false,"_monsterinsights_sitenote_note":"","_monsterinsights_sitenote_category":0,"_jetpack_memberships_contains_paid_content":false,"footnotes":"","jetpack_publicize_message":"","jetpack_publicize_feature_enabled":true,"jetpack_social_post_already_shared":true,"jetpack_social_options":{"image_generator_settings":{"template":"highway","default_image_id":0,"font":"","enabled":false},"version":2}},"categories":[8],"tags":[],"class_list":["post-65476","post","type-post","status-publish","format-standard","has-post-thumbnail","hentry","category-cultura"],"acf":[],"jetpack_publicize_connections":[],"jetpack_featured_media_url":"https:\/\/i0.wp.com\/blogdoeloiltoncajuhy.com.br\/site\/wp-content\/uploads\/2022\/05\/Milton-Goncalves-31052022-02.webp?fit=984%2C649&ssl=1","jetpack_sharing_enabled":true,"publishpress_future_workflow_manual_trigger":{"enabledWorkflows":[]},"_links":{"self":[{"href":"https:\/\/blogdoeloiltoncajuhy.com.br\/site\/wp-json\/wp\/v2\/posts\/65476","targetHints":{"allow":["GET"]}}],"collection":[{"href":"https:\/\/blogdoeloiltoncajuhy.com.br\/site\/wp-json\/wp\/v2\/posts"}],"about":[{"href":"https:\/\/blogdoeloiltoncajuhy.com.br\/site\/wp-json\/wp\/v2\/types\/post"}],"author":[{"embeddable":true,"href":"https:\/\/blogdoeloiltoncajuhy.com.br\/site\/wp-json\/wp\/v2\/users\/2"}],"replies":[{"embeddable":true,"href":"https:\/\/blogdoeloiltoncajuhy.com.br\/site\/wp-json\/wp\/v2\/comments?post=65476"}],"version-history":[{"count":2,"href":"https:\/\/blogdoeloiltoncajuhy.com.br\/site\/wp-json\/wp\/v2\/posts\/65476\/revisions"}],"predecessor-version":[{"id":65481,"href":"https:\/\/blogdoeloiltoncajuhy.com.br\/site\/wp-json\/wp\/v2\/posts\/65476\/revisions\/65481"}],"wp:featuredmedia":[{"embeddable":true,"href":"https:\/\/blogdoeloiltoncajuhy.com.br\/site\/wp-json\/wp\/v2\/media\/65479"}],"wp:attachment":[{"href":"https:\/\/blogdoeloiltoncajuhy.com.br\/site\/wp-json\/wp\/v2\/media?parent=65476"}],"wp:term":[{"taxonomy":"category","embeddable":true,"href":"https:\/\/blogdoeloiltoncajuhy.com.br\/site\/wp-json\/wp\/v2\/categories?post=65476"},{"taxonomy":"post_tag","embeddable":true,"href":"https:\/\/blogdoeloiltoncajuhy.com.br\/site\/wp-json\/wp\/v2\/tags?post=65476"}],"curies":[{"name":"wp","href":"https:\/\/api.w.org\/{rel}","templated":true}]}}