{"id":65468,"date":"2022-05-31T08:58:23","date_gmt":"2022-05-31T11:58:23","guid":{"rendered":"http:\/\/blogdoeloiltoncajuhy.com.br\/site\/?p=65468"},"modified":"2022-05-31T08:58:24","modified_gmt":"2022-05-31T11:58:24","slug":"bahia-tem-768-vagas-em-concursos-publicos-com-salarios-de-ate-r-6-mil-adab-tem-vagas-para-senhor-do-bonfim","status":"publish","type":"post","link":"https:\/\/blogdoeloiltoncajuhy.com.br\/site\/bahia-tem-768-vagas-em-concursos-publicos-com-salarios-de-ate-r-6-mil-adab-tem-vagas-para-senhor-do-bonfim\/","title":{"rendered":"Bahia tem 768 vagas em concursos p\u00fablicos com sal\u00e1rios de at\u00e9 R$ 6 mil; Adab tem vagas para Senhor do Bonfim"},"content":{"rendered":"\n<figure class=\"wp-block-image aligncenter size-full\"><a href=\"https:\/\/i0.wp.com\/blogdoeloiltoncajuhy.com.br\/site\/wp-content\/uploads\/2022\/05\/Ibama_Jo_Galvao_Shutterstockcom.jpg\"><img data-recalc-dims=\"1\" fetchpriority=\"high\" decoding=\"async\" width=\"800\" height=\"450\" src=\"https:\/\/i0.wp.com\/blogdoeloiltoncajuhy.com.br\/site\/wp-content\/uploads\/2022\/05\/Ibama_Jo_Galvao_Shutterstockcom.jpg?resize=800%2C450\" alt=\"\" class=\"wp-image-65469\" srcset=\"https:\/\/i0.wp.com\/blogdoeloiltoncajuhy.com.br\/site\/wp-content\/uploads\/2022\/05\/Ibama_Jo_Galvao_Shutterstockcom.jpg?w=940&amp;ssl=1 940w, https:\/\/i0.wp.com\/blogdoeloiltoncajuhy.com.br\/site\/wp-content\/uploads\/2022\/05\/Ibama_Jo_Galvao_Shutterstockcom.jpg?resize=300%2C169&amp;ssl=1 300w, https:\/\/i0.wp.com\/blogdoeloiltoncajuhy.com.br\/site\/wp-content\/uploads\/2022\/05\/Ibama_Jo_Galvao_Shutterstockcom.jpg?resize=768%2C432&amp;ssl=1 768w\" sizes=\"(max-width: 800px) 100vw, 800px\" \/><\/a><figcaption><sub>O Ibama, por exemplo, oferece oportunidades para diversos n\u00edveis de escolaridade em todo o pa\u00eds (Foto: Jo Galvao\/Shutterstock\/Reprodu\u00e7\u00e3o)<\/sub><\/figcaption><\/figure>\n\n\n\n<p>Numa realidade de desemprego e poucas oportunidades, a realiza\u00e7\u00e3o dos concursos do Instituto Brasileiro do Meio Ambiente e dos Recursos Naturais Renov\u00e1veis (Ibama) e da Ag\u00eancia Estadual de Defesa Agropecu\u00e1ria da Bahia (Adab) abrem oportunidades para quem deseja ingressar num cargo p\u00fablico. No total, ser\u00e3o 768 vagas, para diversos n\u00edveis de escolaridade e remunera\u00e7\u00e3o que pode chegar at\u00e9 R$ 6.060,00.<\/p>\n\n\n\n<p>No caso do Ibama, a sele\u00e7\u00e3o atender\u00e1 ao crit\u00e9rio de simplificada emergencial e contratar\u00e1 novos funcion\u00e1rios tempor\u00e1rios que ocupem as posi\u00e7\u00f5es de Brigadista, Chefe de Esquadr\u00e3o, Chefe de Brigada, Supervisor de Brigadas Estadual e Supervisor de Brigadas Federal para atuar no Prevfogo. Os sal\u00e1rios variam de R$ 1.212,00 a R$ 6.060,00, com escolaridade do fundamental ao superior e faixa et\u00e1ria de 18 a 59 anos.<\/p>\n\n\n\n<p>Os aprovados receber\u00e3o ainda aux\u00edlio-alimenta\u00e7\u00e3o, aux\u00edlio pr\u00e9-escolar (quando couber), aux\u00edlio-transporte (quando couber) e seguro acidente e ter\u00e3o um v\u00ednculo de seis meses, podendo ser lotados em cidades e\/ou localidades de estados como: Acre, Amap\u00e1, Bahia, Cear\u00e1, Goi\u00e1s, Maranh\u00e3o, Mato Grosso do Sul, Mato Grosso, Minas Gerais, Par\u00e1, Pernambuco, Piau\u00ed, Rond\u00f4nia e Rio de Janeiro.&nbsp;<a href=\"https:\/\/www.gov.br\/ibama\/pt-br\/acesso-a-informacao\/editais-e-convites\/editais-de-contratacao-de-brigadas-federais-de-incendio\" target=\"_blank\" rel=\"noreferrer noopener\">Clique aqui para acessar o edital<\/a><strong>.<\/strong><\/p>\n\n\n\n<p>De acordo com o professor do curso preparat\u00f3rio Impacto, Marcus Vinicius Mendes, o Marc\u00e3o, a banca organizadora do certame do Ibama \u00e9 a Cebraspe, conhecida por ser extremamente rigorosa. \u201cO crit\u00e9rio dela \u00e9: um erro elimina um acerto, ent\u00e3o, o candidato tem que ter certeza nas respostas para n\u00e3o perder pontos nas quest\u00f5es certas\u201d, orienta.<\/p>\n\n\n\n<p>O professor, no entanto, salienta que apesar do crit\u00e9rio rigoroso, as provas s\u00e3o bem objetivas nas perguntas e n\u00e3o possuem como caracter\u00edsticas a presen\u00e7a de pegadinhas.<\/p>\n\n\n\n<p class=\"has-black-color has-text-color has-medium-font-size\"><strong>M\u00e9dio e superior<\/strong><\/p>\n\n\n\n<p>A sele\u00e7\u00e3o para a Adab preencher\u00e1 184 vagas para profissionais de n\u00edveis m\u00e9dio e superior, com oportunidades reservadas para pessoas com defici\u00eancia (PcD) e para candidatos negros. Os aprovados tamb\u00e9m ter\u00e3o contratos tempor\u00e1rios por um per\u00edodo de at\u00e9 36 meses, com possibilidade de renova\u00e7\u00e3o por igual per\u00edodo, apenas uma vez. O concurso ficar\u00e1 v\u00e1lido por um ano a partir da data da publica\u00e7\u00e3o da homologa\u00e7\u00e3o, havendo a possibilidade de prorroga\u00e7\u00e3o por igual per\u00edodo.<\/p>\n\n\n\n<p>Para os candidatos com n\u00edvel m\u00e9dio, ser\u00e3o disponibilizadas 80 vagas destinadas \u00e0 fun\u00e7\u00e3o de Auxiliar de Fiscaliza\u00e7\u00e3o. J\u00e1 para n\u00edvel superior, ser\u00e3o 83 vagas para a fun\u00e7\u00e3o de M\u00e9dico Veterin\u00e1rio e 21 vagas para Engenheiro Agr\u00f4nomo.<\/p>\n\n\n\n<p>Aos profissionais de n\u00edvel superior, ser\u00e1 exigida a comprova\u00e7\u00e3o de gradua\u00e7\u00e3o na \u00e1rea e o registro no respectivo conselho profissional. As inscri\u00e7\u00f5es poder\u00e3o ser feitas entre os dias 30 de maio e 03 de junho de 2022 no site:\u00a0<strong><a rel=\"noreferrer noopener\" href=\"http:\/\/selecao.ba.gov.br\/%C2%A0\" target=\"_blank\"><strong>http:\/\/selecao.ba.gov.br\/\u00a0<\/strong><\/a><\/strong><\/p>\n\n\n\n<p>A atua\u00e7\u00e3o ser\u00e1 uma jornada de 40 horas semanais, com remunera\u00e7\u00e3o de R$ 2.460,45 para a fun\u00e7\u00e3o de n\u00edvel m\u00e9dio e de R$ 2.996,90 para as fun\u00e7\u00f5es de n\u00edvel superior. Tamb\u00e9m ser\u00e1 concedido aux\u00edlio-transporte e aux\u00edlio-alimenta\u00e7\u00e3o no valor de R$ 12,00 por dia \u00fatil trabalhado.<\/p>\n\n\n\n<p class=\"has-black-color has-text-color has-medium-font-size\"><strong>Ibama<\/strong><\/p>\n\n\n\n<p>Os candidatos devem atentar para as inscri\u00e7\u00f5es que ocorrem em datas e hor\u00e1rios espec\u00edficos para cada tipo de ocupa\u00e7\u00e3o. Vale salientar que n\u00e3o h\u00e1 taxa de inscri\u00e7\u00e3o.<\/p>\n\n\n\n<p>Edital 3\/2022<br>\u2022 Iatet\u00ea\/BA \u2013 de 16 a 31 de maio de 2022;<\/p>\n\n\n\n<p>Edital 8\/2022<br>\u2022 Itaet\u00ea\/BA \u2013 16 de maio a 03 de junho de 2022;<br>\u2022 Salvador\/BA \u2013 16 de maio a 03 de junho de 2022;<\/p>\n\n\n\n<p class=\"has-black-color has-text-color has-medium-font-size\"><strong>Programa Prevfogo:<\/strong><\/p>\n\n\n\n<p>\u2022 Brigadista: R$ 1.212,00 mensais;<br>\u2022 Chefe de Esquadr\u00e3o: R$ 1.818,00 mensais;<br>\u2022 Chefe de Brigada: R$ 2.424,00 mensais;<br>\u2022 Supervisor de Brigadas Estadual: R$ 4.848,00;<br>\u2022 Supervisor de Brigadas Federal: R$ 6.060,00.<\/p>\n\n\n\n<p class=\"has-black-color has-text-color has-medium-font-size\"><strong>ADAB<\/strong><\/p>\n\n\n\n<p><strong>Cidades de lota\u00e7\u00e3o<\/strong><br>\u2022 Abar\u00e9;<br>\u2022 Alagoinhas;<br>\u2022 Amargosa;<br>\u2022 Barreiras;<br>\u2022 Correntina;<br>\u2022 Cruz das Almas;<br>\u2022 Encruzilhada;<br>\u2022 Formosa do Rio Preto;<br>\u2022 Gandu;<br>\u2022 Gl\u00f3ria;<br>\u2022 Guanambi;<br>\u2022 Ibotirama;<br>\u2022 Irec\u00ea;<br>\u2022 Itaberaba;<br>\u2022 Itabuna;<br>\u2022 Jequi\u00e9;<br>\u2022 Juazeiro;<br>\u2022 Luis Eduardo Magalh\u00e3es;<br>\u2022 Mucug\u00ea;<br>\u2022 Mucuri;<br>\u2022 Remanso;<br>\u2022 Rio Real;<br>\u2022 Santa Rita de C\u00e1ssia;<br>\u2022 Sim\u00f5es Filho;<br>\u2022 Teixeira de Freitas;<br>\u2022 Urandi;<br>\u2022 Bom Jesus da Lapa;<br>\u2022 Eun\u00e1polis;<br>\u2022 Santa Maria da Vitoria;<br>\u2022 Andara\u00ed;<br>\u2022 Barra;<br>\u2022 Brumado;<br>\u2022 Caetit\u00e9;<br>\u2022 Cocos;<br>\u2022 Concei\u00e7\u00e3o de Feira;<br>\u2022 Conde\u00faba;<br>\u2022 Feira de Santana;<br>\u2022 Ilh\u00e9us;<br>\u2022 Ipia\u00fa;<br>\u2022 Inhambupe;<br>\u2022 Ipir\u00e1;<br>\u2022 Itamaraju;<br>\u2022 Itapetinga;<br>\u2022 Jacobina;<br>\u2022 Jaguaquara;<br>\u2022 Jeremoabo;<br>\u2022 Maca\u00fabas;<br>\u2022 Marac\u00e1s;<br>\u2022 Miguel Calmon;<br>\u2022 Paramirim;<br>\u2022 Paulo Afonso;<br>\u2022 Pintadas;<br>\u2022 Prado;<br>\u2022 Riach\u00e3o do Jacu\u00edpe;<br>\u2022 Ribeira do Pombal;<br>\u2022 Ruy Barbosa;<br>\u2022 Salvador;<br>\u2022 Santa B\u00e1rbara;<br>\u2022 Santana;<br>\u2022 S\u00e3o Gon\u00e7alo dos Campos;<br>\u2022 Seabra;<br>\u2022 <strong>Senhor do Bonfim<\/strong>;<br>\u2022 Serrinha;<br>\u2022 Valen\u00e7a;<br>\u2022 Vit\u00f3ria da Conquista;<br>\u2022 Xique-xique.<\/p>\n","protected":false},"excerpt":{"rendered":"<p>Numa realidade de desemprego e poucas oportunidades, a realiza\u00e7\u00e3o dos concursos do Instituto Brasileiro do Meio Ambiente e dos Recursos Naturais Renov\u00e1veis (Ibama) e da Ag\u00eancia Estadual de Defesa Agropecu\u00e1ria da Bahia (Adab) abrem oportunidades para quem deseja ingressar num cargo p\u00fablico. No total, ser\u00e3o 768 vagas, para diversos n\u00edveis de escolaridade e remunera\u00e7\u00e3o que [&hellip;]<\/p>\n","protected":false},"author":2,"featured_media":65469,"comment_status":"open","ping_status":"open","sticky":false,"template":"","format":"standard","meta":{"_acf_changed":false,"_monsterinsights_skip_tracking":false,"_monsterinsights_sitenote_active":false,"_monsterinsights_sitenote_note":"","_monsterinsights_sitenote_category":0,"_jetpack_memberships_contains_paid_content":false,"footnotes":"","jetpack_publicize_message":"","jetpack_publicize_feature_enabled":true,"jetpack_social_post_already_shared":true,"jetpack_social_options":{"image_generator_settings":{"template":"highway","default_image_id":0,"font":"","enabled":false},"version":2}},"categories":[5],"tags":[],"class_list":["post-65468","post","type-post","status-publish","format-standard","has-post-thumbnail","hentry","category-cotidiano"],"acf":[],"jetpack_publicize_connections":[],"jetpack_featured_media_url":"https:\/\/i0.wp.com\/blogdoeloiltoncajuhy.com.br\/site\/wp-content\/uploads\/2022\/05\/Ibama_Jo_Galvao_Shutterstockcom.jpg?fit=940%2C529&ssl=1","jetpack_sharing_enabled":true,"publishpress_future_workflow_manual_trigger":{"enabledWorkflows":[]},"_links":{"self":[{"href":"https:\/\/blogdoeloiltoncajuhy.com.br\/site\/wp-json\/wp\/v2\/posts\/65468","targetHints":{"allow":["GET"]}}],"collection":[{"href":"https:\/\/blogdoeloiltoncajuhy.com.br\/site\/wp-json\/wp\/v2\/posts"}],"about":[{"href":"https:\/\/blogdoeloiltoncajuhy.com.br\/site\/wp-json\/wp\/v2\/types\/post"}],"author":[{"embeddable":true,"href":"https:\/\/blogdoeloiltoncajuhy.com.br\/site\/wp-json\/wp\/v2\/users\/2"}],"replies":[{"embeddable":true,"href":"https:\/\/blogdoeloiltoncajuhy.com.br\/site\/wp-json\/wp\/v2\/comments?post=65468"}],"version-history":[{"count":1,"href":"https:\/\/blogdoeloiltoncajuhy.com.br\/site\/wp-json\/wp\/v2\/posts\/65468\/revisions"}],"predecessor-version":[{"id":65470,"href":"https:\/\/blogdoeloiltoncajuhy.com.br\/site\/wp-json\/wp\/v2\/posts\/65468\/revisions\/65470"}],"wp:featuredmedia":[{"embeddable":true,"href":"https:\/\/blogdoeloiltoncajuhy.com.br\/site\/wp-json\/wp\/v2\/media\/65469"}],"wp:attachment":[{"href":"https:\/\/blogdoeloiltoncajuhy.com.br\/site\/wp-json\/wp\/v2\/media?parent=65468"}],"wp:term":[{"taxonomy":"category","embeddable":true,"href":"https:\/\/blogdoeloiltoncajuhy.com.br\/site\/wp-json\/wp\/v2\/categories?post=65468"},{"taxonomy":"post_tag","embeddable":true,"href":"https:\/\/blogdoeloiltoncajuhy.com.br\/site\/wp-json\/wp\/v2\/tags?post=65468"}],"curies":[{"name":"wp","href":"https:\/\/api.w.org\/{rel}","templated":true}]}}