{"id":65464,"date":"2022-05-31T08:32:02","date_gmt":"2022-05-31T11:32:02","guid":{"rendered":"http:\/\/blogdoeloiltoncajuhy.com.br\/site\/?p=65464"},"modified":"2022-05-31T08:32:04","modified_gmt":"2022-05-31T11:32:04","slug":"campanha-alerta-que-ansiedade-pode-causar-tontura","status":"publish","type":"post","link":"https:\/\/blogdoeloiltoncajuhy.com.br\/site\/campanha-alerta-que-ansiedade-pode-causar-tontura\/","title":{"rendered":"Campanha alerta que ansiedade pode causar tontura"},"content":{"rendered":"\n<p>Em 22 de abril passado, foi celebrado o Dia Nacional da Tontura, data criada com o objetivo de incentivar o correto diagn\u00f3stico e tratamento do sintoma. Segundo a Organiza\u00e7\u00e3o Mundial de Sa\u00fade (OMS), a tontura est\u00e1 presente em cerca de 30% da popula\u00e7\u00e3o global e pode estar relacionada a causas diversas e diferentes quadros de doen\u00e7as.<\/p>\n\n\n\n<figure class=\"wp-block-image aligncenter size-full\"><a href=\"https:\/\/i0.wp.com\/blogdoeloiltoncajuhy.com.br\/site\/wp-content\/uploads\/2022\/05\/tontura-31052022.jpg\"><img data-recalc-dims=\"1\" fetchpriority=\"high\" decoding=\"async\" width=\"800\" height=\"533\" src=\"https:\/\/i0.wp.com\/blogdoeloiltoncajuhy.com.br\/site\/wp-content\/uploads\/2022\/05\/tontura-31052022.jpg?resize=800%2C533\" alt=\"\" class=\"wp-image-65465\" srcset=\"https:\/\/i0.wp.com\/blogdoeloiltoncajuhy.com.br\/site\/wp-content\/uploads\/2022\/05\/tontura-31052022.jpg?w=800&amp;ssl=1 800w, https:\/\/i0.wp.com\/blogdoeloiltoncajuhy.com.br\/site\/wp-content\/uploads\/2022\/05\/tontura-31052022.jpg?resize=300%2C200&amp;ssl=1 300w, https:\/\/i0.wp.com\/blogdoeloiltoncajuhy.com.br\/site\/wp-content\/uploads\/2022\/05\/tontura-31052022.jpg?resize=768%2C512&amp;ssl=1 768w\" sizes=\"(max-width: 800px) 100vw, 800px\" \/><\/a><figcaption><sub>Mulher tonta sofrendo ataque de vertigem em p\u00e9 na sala de estar em casa &#8211; Foto: Divulga\u00e7\u00e3o<\/sub><\/figcaption><\/figure>\n\n\n\n<p>Para despertar a aten\u00e7\u00e3o da popula\u00e7\u00e3o para o problema, o Departamento de Otoneurologia da Associa\u00e7\u00e3o Brasileira de Otorrinolaringologia e Cirurgia C\u00e9rvico-Facial (ABORL-CCF) promoveu de 18 a 22 de abril, a quinta edi\u00e7\u00e3o da Semana da Tontura com o slogan \u201cTontura \u00e9 coisa s\u00e9ria&#8221;. O foco deste ano \u00e9 discutir com a popula\u00e7\u00e3o e com a classe m\u00e9dica o tema \u201cAnsiedade causa tontura?\u201d.<\/p>\n\n\n\n<p>\u201cA campanha de 2022 aborda a rela\u00e7\u00e3o e a influ\u00eancia da ansiedade com a tontura. Diante do per\u00edodo de isolamento social e o conv\u00edvio di\u00e1rio com a pandemia, as dificuldades emocionais se agravaram e percebemos que quadros de pacientes com ansiedade e tontura se tornaram mais frequentes em consult\u00f3rio nos \u00faltimos dois anos\u201d, explica o otorrinolaringologista da ABORL-CCF, Guilherme Paiva Gabriel, coordenador da Campanha da Tontura.<\/p>\n\n\n\n<p>Dados divulgados em mar\u00e7o deste ano pela Organiza\u00e7\u00e3o Mundial da Sa\u00fade (OMS) sinalizaram que no primeiro ano da pandemia do coronav\u00edrus, a preval\u00eancia global de ansiedade e depress\u00e3o aumentou em 25%.<\/p>\n\n\n\n<p>No Brasil, um estudo feito por pesquisadores da USP mostrou alta preval\u00eancia de ansiedade e outros sintomas, como depress\u00e3o e estresse p\u00f3s-traum\u00e1tico, ap\u00f3s a covid-19. Os pacientes que se recuperaram de formas moderadas e graves da doen\u00e7a apresentaram altera\u00e7\u00f5es cognitivas e psicol\u00f3gicas a longo prazo, sendo comum a observa\u00e7\u00e3o de transtornos de ansiedade generalizada em at\u00e9 15,5% deles.<\/p>\n\n\n\n<p>\u201cA ansiedade \u00e9 definida como uma emo\u00e7\u00e3o que re\u00fane sentimentos de tens\u00e3o e preocupa\u00e7\u00e3o, al\u00e9m de altera\u00e7\u00f5es f\u00edsicas no organismo. Ela pode piorar em per\u00edodos de maior demanda cognitiva ou emocional, como uma doen\u00e7a ou evento traum\u00e1tico. E pessoas com perfil ansioso podem sofrer com uma gama de sintomas, entre os quais est\u00e3o as sensa\u00e7\u00f5es de tontura persistente\u201d, esclarece o m\u00e9dico.<\/p>\n\n\n\n<p class=\"has-black-color has-text-color has-medium-font-size\"><strong>A import\u00e2ncia do diagn\u00f3stico<\/strong><\/p>\n\n\n\n<p>O especialista da ABORL-CCF alerta que a ansiedade pode funcionar como gatilho para diversas doen\u00e7as, incluindo alguns problemas que afetam o labirinto, que \u00e9 a estrutura interna do ouvido muito relacionada \u00e0 manuten\u00e7\u00e3o do equil\u00edbrio corporal.<\/p>\n\n\n\n<p>\u201cO nosso labirinto \u00e9 muito sens\u00edvel. V\u00e1rios fatores estressores como a ansiedade podem atrapalhar o seu funcionamento correto e causar crises que se apresentam com tontura\u201d, afirma Dr. Guilherme. O sintoma tamb\u00e9m pode indicar uma s\u00e9rie de outras enfermidades cardiovasculares, neurol\u00f3gicas, nutricionais, tumorais, entre outras.<\/p>\n\n\n\n<p>Presente em 42% da popula\u00e7\u00e3o adulta de S\u00e3o Paulo, segundo estudo publicado pela Revista Brasileira de Otorrinolaringologia, a tontura, por muitas vezes, n\u00e3o costuma ser um motivo para pacientes buscarem aux\u00edlio m\u00e9dico. Por\u00e9m, pessoas que sofrem com o sintoma podem ter limita\u00e7\u00f5es de suas atividades e a qualidade de vida impactada.<\/p>\n\n\n\n<p>Os especialistas esclarecem que cada caso tem a sua particularidade. O diagn\u00f3stico depender\u00e1 do entendimento dos sintomas do paciente. Em algumas situa\u00e7\u00f5es \u00e9 necess\u00e1ria a realiza\u00e7\u00e3o de exames de sangue, de imagem e testes vestibulares (do labirinto) e auditivos. Sem o correto diagn\u00f3stico, \u00e9 dif\u00edcil acertar o tratamento.<\/p>\n\n\n\n<p>\u201cPor isso, \u00e9 importante que a classe m\u00e9dica e a popula\u00e7\u00e3o geral sejam conscientizadas de que tontura \u00e9 um sintoma que deve ser tratado e investigado com cuidado. O m\u00e9dico otorrinolaringologista \u00e9 o especialista nas doen\u00e7as do labirinto e poder\u00e1 contar com avalia\u00e7\u00e3o de psiquiatras, cl\u00ednicos gerais, cardiologistas, geriatras e neurologistas atuando no tratamento das rela\u00e7\u00f5es da tontura e da ansiedade em cada paciente\u201d, informa o profissional.<\/p>\n","protected":false},"excerpt":{"rendered":"<p>Em 22 de abril passado, foi celebrado o Dia Nacional da Tontura, data criada com o objetivo de incentivar o correto diagn\u00f3stico e tratamento do sintoma. Segundo a Organiza\u00e7\u00e3o Mundial de Sa\u00fade (OMS), a tontura est\u00e1 presente em cerca de 30% da popula\u00e7\u00e3o global e pode estar relacionada a causas diversas e diferentes quadros de [&hellip;]<\/p>\n","protected":false},"author":2,"featured_media":65465,"comment_status":"open","ping_status":"open","sticky":false,"template":"","format":"standard","meta":{"_acf_changed":false,"_monsterinsights_skip_tracking":false,"_monsterinsights_sitenote_active":false,"_monsterinsights_sitenote_note":"","_monsterinsights_sitenote_category":0,"_jetpack_memberships_contains_paid_content":false,"footnotes":"","jetpack_publicize_message":"","jetpack_publicize_feature_enabled":true,"jetpack_social_post_already_shared":true,"jetpack_social_options":{"image_generator_settings":{"template":"highway","default_image_id":0,"font":"","enabled":false},"version":2}},"categories":[7],"tags":[],"class_list":["post-65464","post","type-post","status-publish","format-standard","has-post-thumbnail","hentry","category-saude"],"acf":[],"jetpack_publicize_connections":[],"jetpack_featured_media_url":"https:\/\/i0.wp.com\/blogdoeloiltoncajuhy.com.br\/site\/wp-content\/uploads\/2022\/05\/tontura-31052022.jpg?fit=800%2C533&ssl=1","jetpack_sharing_enabled":true,"publishpress_future_workflow_manual_trigger":{"enabledWorkflows":[]},"_links":{"self":[{"href":"https:\/\/blogdoeloiltoncajuhy.com.br\/site\/wp-json\/wp\/v2\/posts\/65464","targetHints":{"allow":["GET"]}}],"collection":[{"href":"https:\/\/blogdoeloiltoncajuhy.com.br\/site\/wp-json\/wp\/v2\/posts"}],"about":[{"href":"https:\/\/blogdoeloiltoncajuhy.com.br\/site\/wp-json\/wp\/v2\/types\/post"}],"author":[{"embeddable":true,"href":"https:\/\/blogdoeloiltoncajuhy.com.br\/site\/wp-json\/wp\/v2\/users\/2"}],"replies":[{"embeddable":true,"href":"https:\/\/blogdoeloiltoncajuhy.com.br\/site\/wp-json\/wp\/v2\/comments?post=65464"}],"version-history":[{"count":2,"href":"https:\/\/blogdoeloiltoncajuhy.com.br\/site\/wp-json\/wp\/v2\/posts\/65464\/revisions"}],"predecessor-version":[{"id":65467,"href":"https:\/\/blogdoeloiltoncajuhy.com.br\/site\/wp-json\/wp\/v2\/posts\/65464\/revisions\/65467"}],"wp:featuredmedia":[{"embeddable":true,"href":"https:\/\/blogdoeloiltoncajuhy.com.br\/site\/wp-json\/wp\/v2\/media\/65465"}],"wp:attachment":[{"href":"https:\/\/blogdoeloiltoncajuhy.com.br\/site\/wp-json\/wp\/v2\/media?parent=65464"}],"wp:term":[{"taxonomy":"category","embeddable":true,"href":"https:\/\/blogdoeloiltoncajuhy.com.br\/site\/wp-json\/wp\/v2\/categories?post=65464"},{"taxonomy":"post_tag","embeddable":true,"href":"https:\/\/blogdoeloiltoncajuhy.com.br\/site\/wp-json\/wp\/v2\/tags?post=65464"}],"curies":[{"name":"wp","href":"https:\/\/api.w.org\/{rel}","templated":true}]}}