{"id":65459,"date":"2022-05-31T08:08:01","date_gmt":"2022-05-31T11:08:01","guid":{"rendered":"http:\/\/blogdoeloiltoncajuhy.com.br\/site\/?p=65459"},"modified":"2022-05-31T08:08:03","modified_gmt":"2022-05-31T11:08:03","slug":"realizada-com-sucesso-feira-da-economia-solidaria-em-senhor-do-bonfim","status":"publish","type":"post","link":"https:\/\/blogdoeloiltoncajuhy.com.br\/site\/realizada-com-sucesso-feira-da-economia-solidaria-em-senhor-do-bonfim\/","title":{"rendered":"Realizada com sucesso Feira da Economia Solid\u00e1ria em Senhor do Bonfim"},"content":{"rendered":"\n<p>Voltada para o fortalecimento dos empreendimentos, a Feira da Economia Solid\u00e1ria da Bahia -100 edi\u00e7\u00f5es, promovida pela Secretaria do Trabalho, Emprego, Renda e Esporte do Governo da Bahia- SETRE, e executada pelo Centro P\u00fablico de Economia Solid\u00e1ria (CESOL) Piemonte da Diamantina e Munic\u00edpios, atingiu seu objetivo com sucesso.<\/p>\n\n\n\n<figure class=\"wp-block-image aligncenter size-large\"><a href=\"https:\/\/i0.wp.com\/blogdoeloiltoncajuhy.com.br\/site\/wp-content\/uploads\/2022\/05\/Feira-solidaria-2022-01.jpg\"><img data-recalc-dims=\"1\" fetchpriority=\"high\" decoding=\"async\" width=\"800\" height=\"450\" src=\"https:\/\/i0.wp.com\/blogdoeloiltoncajuhy.com.br\/site\/wp-content\/uploads\/2022\/05\/Feira-solidaria-2022-01.jpg?resize=800%2C450\" alt=\"\" class=\"wp-image-65460\" srcset=\"https:\/\/i0.wp.com\/blogdoeloiltoncajuhy.com.br\/site\/wp-content\/uploads\/2022\/05\/Feira-solidaria-2022-01.jpg?resize=1024%2C576&amp;ssl=1 1024w, https:\/\/i0.wp.com\/blogdoeloiltoncajuhy.com.br\/site\/wp-content\/uploads\/2022\/05\/Feira-solidaria-2022-01.jpg?resize=300%2C169&amp;ssl=1 300w, https:\/\/i0.wp.com\/blogdoeloiltoncajuhy.com.br\/site\/wp-content\/uploads\/2022\/05\/Feira-solidaria-2022-01.jpg?resize=768%2C432&amp;ssl=1 768w, https:\/\/i0.wp.com\/blogdoeloiltoncajuhy.com.br\/site\/wp-content\/uploads\/2022\/05\/Feira-solidaria-2022-01.jpg?resize=1536%2C864&amp;ssl=1 1536w, https:\/\/i0.wp.com\/blogdoeloiltoncajuhy.com.br\/site\/wp-content\/uploads\/2022\/05\/Feira-solidaria-2022-01.jpg?w=1552&amp;ssl=1 1552w\" sizes=\"(max-width: 800px) 100vw, 800px\" \/><\/a><\/figure>\n\n\n\n<p>A feira foi realizada em Senhor do Bonfim, na Pra\u00e7a Edualdo Oliveira, atr\u00e1s do pr\u00e9dio da prefeitura e contou com a presen\u00e7a de cerca de 20 empreendedores solid\u00e1rios atendidos pelo CESOL.<\/p>\n\n\n\n<p>Durante dois dias (26 e 27 de maio), o p\u00fablico teve a oportunidade de conhecer alimentos, bebidas, confec\u00e7\u00f5es, artesanatos, entre outros produtos da economia solid\u00e1ria, tudo produzido por grupos, associa\u00e7\u00f5es e cooperativas.<\/p>\n\n\n\n<p>\u2013 Legal! Muito bom. Cada barraca tem uma novidade \u2013 disse encantada a aposentada Edussemira Carvalho, moradora da Fazenda Maria Preta, regi\u00e3o de Igara.<\/p>\n\n\n\n<p>Outra que ficou deslumbrada foi a jovem Marilia Nascimento. \u2013 \u00c9 inovadora, estou deslumbrada com a variedade de produtos da agricultura familiar \u2013 ressaltou.<\/p>\n\n\n\n<figure class=\"wp-block-image aligncenter size-large\"><a href=\"https:\/\/i0.wp.com\/blogdoeloiltoncajuhy.com.br\/site\/wp-content\/uploads\/2022\/05\/Feira-solidaria-2022-02.jpg\"><img data-recalc-dims=\"1\" decoding=\"async\" width=\"800\" height=\"450\" src=\"https:\/\/i0.wp.com\/blogdoeloiltoncajuhy.com.br\/site\/wp-content\/uploads\/2022\/05\/Feira-solidaria-2022-02.jpg?resize=800%2C450\" alt=\"\" class=\"wp-image-65461\" srcset=\"https:\/\/i0.wp.com\/blogdoeloiltoncajuhy.com.br\/site\/wp-content\/uploads\/2022\/05\/Feira-solidaria-2022-02.jpg?resize=1024%2C576&amp;ssl=1 1024w, https:\/\/i0.wp.com\/blogdoeloiltoncajuhy.com.br\/site\/wp-content\/uploads\/2022\/05\/Feira-solidaria-2022-02.jpg?resize=300%2C169&amp;ssl=1 300w, https:\/\/i0.wp.com\/blogdoeloiltoncajuhy.com.br\/site\/wp-content\/uploads\/2022\/05\/Feira-solidaria-2022-02.jpg?resize=768%2C432&amp;ssl=1 768w, https:\/\/i0.wp.com\/blogdoeloiltoncajuhy.com.br\/site\/wp-content\/uploads\/2022\/05\/Feira-solidaria-2022-02.jpg?resize=1536%2C864&amp;ssl=1 1536w, https:\/\/i0.wp.com\/blogdoeloiltoncajuhy.com.br\/site\/wp-content\/uploads\/2022\/05\/Feira-solidaria-2022-02.jpg?w=1552&amp;ssl=1 1552w\" sizes=\"(max-width: 800px) 100vw, 800px\" \/><\/a><\/figure>\n\n\n\n<p>A programa\u00e7\u00e3o cultural da feira foi animada pelo sanfoneiro Joza e a quadrilha Alegria que Contagia da Escola Estadual Teixeira de Freitas.<\/p>\n\n\n\n<p>\u2013 Com a feira, o CESOL possibilita que os empreendedores divulguem e fa\u00e7am vendas diretas ao consumidor, com pre\u00e7os atrativos, al\u00e9m de ser uma grande amostra do potencial empreendedor do nosso Territ\u00f3rio \u2013 destacou Nilo Ramos, coordenador geral do CESOL.<\/p>\n\n\n\n<p>O evento contou com a presen\u00e7a de representantes do SETAF, IDESA, gabinete do deputado Bob\u00f4, Associa\u00e7\u00e3o Comercial, empres\u00e1rios, estudantes da rede p\u00fablica estadual e municipal, vereadores, imprensa e equipe do CESOL.<\/p>\n\n\n\n<p>O investimento do Governo do Estado na realiza\u00e7\u00e3o de 100 edi\u00e7\u00f5es da Feira de Economia Solid\u00e1ria da Bahia \u00e9 de R$ 2 milh\u00f5es para ampliar o faturamento dos grupos socioprodutivos apoiados pelos 15 CESOL\u2019s distribu\u00eddos nos territ\u00f3rios de identidade da Bahia.<\/p>\n","protected":false},"excerpt":{"rendered":"<p>Voltada para o fortalecimento dos empreendimentos, a Feira da Economia Solid\u00e1ria da Bahia -100 edi\u00e7\u00f5es, promovida pela Secretaria do Trabalho, Emprego, Renda e Esporte do Governo da Bahia- SETRE, e executada pelo Centro P\u00fablico de Economia Solid\u00e1ria (CESOL) Piemonte da Diamantina e Munic\u00edpios, atingiu seu objetivo com sucesso. A feira foi realizada em Senhor do [&hellip;]<\/p>\n","protected":false},"author":2,"featured_media":65460,"comment_status":"open","ping_status":"open","sticky":false,"template":"","format":"standard","meta":{"_acf_changed":false,"_monsterinsights_skip_tracking":false,"_monsterinsights_sitenote_active":false,"_monsterinsights_sitenote_note":"","_monsterinsights_sitenote_category":0,"_jetpack_memberships_contains_paid_content":false,"footnotes":"","jetpack_publicize_message":"","jetpack_publicize_feature_enabled":true,"jetpack_social_post_already_shared":true,"jetpack_social_options":{"image_generator_settings":{"template":"highway","default_image_id":0,"font":"","enabled":false},"version":2}},"categories":[4],"tags":[],"class_list":["post-65459","post","type-post","status-publish","format-standard","has-post-thumbnail","hentry","category-local"],"acf":[],"jetpack_publicize_connections":[],"jetpack_featured_media_url":"https:\/\/i0.wp.com\/blogdoeloiltoncajuhy.com.br\/site\/wp-content\/uploads\/2022\/05\/Feira-solidaria-2022-01.jpg?fit=1552%2C873&ssl=1","jetpack_sharing_enabled":true,"publishpress_future_workflow_manual_trigger":{"enabledWorkflows":[]},"_links":{"self":[{"href":"https:\/\/blogdoeloiltoncajuhy.com.br\/site\/wp-json\/wp\/v2\/posts\/65459","targetHints":{"allow":["GET"]}}],"collection":[{"href":"https:\/\/blogdoeloiltoncajuhy.com.br\/site\/wp-json\/wp\/v2\/posts"}],"about":[{"href":"https:\/\/blogdoeloiltoncajuhy.com.br\/site\/wp-json\/wp\/v2\/types\/post"}],"author":[{"embeddable":true,"href":"https:\/\/blogdoeloiltoncajuhy.com.br\/site\/wp-json\/wp\/v2\/users\/2"}],"replies":[{"embeddable":true,"href":"https:\/\/blogdoeloiltoncajuhy.com.br\/site\/wp-json\/wp\/v2\/comments?post=65459"}],"version-history":[{"count":2,"href":"https:\/\/blogdoeloiltoncajuhy.com.br\/site\/wp-json\/wp\/v2\/posts\/65459\/revisions"}],"predecessor-version":[{"id":65463,"href":"https:\/\/blogdoeloiltoncajuhy.com.br\/site\/wp-json\/wp\/v2\/posts\/65459\/revisions\/65463"}],"wp:featuredmedia":[{"embeddable":true,"href":"https:\/\/blogdoeloiltoncajuhy.com.br\/site\/wp-json\/wp\/v2\/media\/65460"}],"wp:attachment":[{"href":"https:\/\/blogdoeloiltoncajuhy.com.br\/site\/wp-json\/wp\/v2\/media?parent=65459"}],"wp:term":[{"taxonomy":"category","embeddable":true,"href":"https:\/\/blogdoeloiltoncajuhy.com.br\/site\/wp-json\/wp\/v2\/categories?post=65459"},{"taxonomy":"post_tag","embeddable":true,"href":"https:\/\/blogdoeloiltoncajuhy.com.br\/site\/wp-json\/wp\/v2\/tags?post=65459"}],"curies":[{"name":"wp","href":"https:\/\/api.w.org\/{rel}","templated":true}]}}