{"id":65441,"date":"2022-05-30T22:12:56","date_gmt":"2022-05-31T01:12:56","guid":{"rendered":"http:\/\/blogdoeloiltoncajuhy.com.br\/site\/?p=65441"},"modified":"2022-05-31T22:36:30","modified_gmt":"2022-06-01T01:36:30","slug":"bonfim-neguinho-da-telemar-morre-em-grave-acidente-de-carro-na-br-407","status":"publish","type":"post","link":"https:\/\/blogdoeloiltoncajuhy.com.br\/site\/bonfim-neguinho-da-telemar-morre-em-grave-acidente-de-carro-na-br-407\/","title":{"rendered":"Bonfim: &#8216;Neguinho da Telemar&#8217; morre em grave acidente de carro na BR 407"},"content":{"rendered":"\n<p><em>Atualizado em 31 de maio de 2022 \u00e0s 22h36.<\/em><\/p>\n\n\n\n<p>Um grave acidente automobil\u00edstico foi registrado na noite desta segunda-feira (30), na Rodovia Lomanto Jr., BR 407, trecho do Povoado de Tanquinho, interior de Senhor do Bonfim.<\/p>\n\n\n\n<figure class=\"wp-block-image aligncenter size-full is-resized\"><a href=\"https:\/\/i0.wp.com\/blogdoeloiltoncajuhy.com.br\/site\/wp-content\/uploads\/2022\/05\/Neguinho-da-Telemar-30052022.jpeg\"><img data-recalc-dims=\"1\" fetchpriority=\"high\" decoding=\"async\" src=\"https:\/\/i0.wp.com\/blogdoeloiltoncajuhy.com.br\/site\/wp-content\/uploads\/2022\/05\/Neguinho-da-Telemar-30052022.jpeg?resize=420%2C506\" alt=\"\" class=\"wp-image-65442\" width=\"420\" height=\"506\" srcset=\"https:\/\/i0.wp.com\/blogdoeloiltoncajuhy.com.br\/site\/wp-content\/uploads\/2022\/05\/Neguinho-da-Telemar-30052022.jpeg?w=325&amp;ssl=1 325w, https:\/\/i0.wp.com\/blogdoeloiltoncajuhy.com.br\/site\/wp-content\/uploads\/2022\/05\/Neguinho-da-Telemar-30052022.jpeg?resize=249%2C300&amp;ssl=1 249w\" sizes=\"(max-width: 420px) 100vw, 420px\" \/><\/a><figcaption><sub>Foto: Redes Sociais<\/sub><\/figcaption><\/figure>\n\n\n\n<p>Neste acidente, morreu <strong>Antonio Carlos Vieira da Silva<\/strong>, de 69 anos, mais conhecido como <strong>&#8216;Neguinho da Telemar&#8217;<\/strong>. Funcion\u00e1rio aposentado da antiga Telemar (hoje Oi), Neguinho era uma figura bastante conhecida em nossa cidade. Morador das Casas Populares, foi candidato a vereador nas elei\u00e7\u00f5es de 2012. Ultimamente ficava mais tempo em sua ch\u00e1cara na Fazenda Anacleto, regi\u00e3o de Tanquinho.<\/p>\n\n\n\n<p>E justamente quando retornava para Senhor do Bonfim se envolveu no acidente, quando uma ca\u00e7amba bateu na lateral do seu carro, um EcoSport, cor vermelha, por volta das 19h50. Equipes do Samu e Corpo de Bombeiros tiveram muito trabalho para retir\u00e1-lo do interior do ve\u00edculo. Ele foi resgatado pela porta do passageiro, ainda com vida, mas morreu ao dar entrada na UPA 24h e sofrer duas paradas card\u00edacas.<\/p>\n\n\n\n<p>A Pol\u00edcia Rodovi\u00e1ria Federal (PRF), que tamb\u00e9m esteve no local, vai investigar as causas do acidente. O corpo de Neguinho permaneceu na UPA 24h at\u00e9 as 10h desta ter\u00e7a-feira (31), sendo encaminhado para o Instituto M\u00e9dico Legal (IML), e foi liberado para sepultamento a tarde.<\/p>\n\n\n\n<p>O vel\u00f3rio teve in\u00edcio \u00e0s 17h no Memorial Vila Nova e o enterro ser\u00e1 nesta quarta-feira, 1\u00b0 de junho, \u00e0s 11h, no cemit\u00e9rio Jardim Saudade.<\/p>\n\n\n\n<figure class=\"wp-block-image aligncenter size-large\"><a href=\"https:\/\/i0.wp.com\/blogdoeloiltoncajuhy.com.br\/site\/wp-content\/uploads\/2022\/05\/Neguinho-da-Telemar-carro-02-30052022.jpeg\"><img data-recalc-dims=\"1\" decoding=\"async\" width=\"800\" height=\"600\" src=\"https:\/\/i0.wp.com\/blogdoeloiltoncajuhy.com.br\/site\/wp-content\/uploads\/2022\/05\/Neguinho-da-Telemar-carro-02-30052022.jpeg?resize=800%2C600\" alt=\"\" class=\"wp-image-65448\" srcset=\"https:\/\/i0.wp.com\/blogdoeloiltoncajuhy.com.br\/site\/wp-content\/uploads\/2022\/05\/Neguinho-da-Telemar-carro-02-30052022.jpeg?resize=1024%2C768&amp;ssl=1 1024w, https:\/\/i0.wp.com\/blogdoeloiltoncajuhy.com.br\/site\/wp-content\/uploads\/2022\/05\/Neguinho-da-Telemar-carro-02-30052022.jpeg?resize=300%2C225&amp;ssl=1 300w, https:\/\/i0.wp.com\/blogdoeloiltoncajuhy.com.br\/site\/wp-content\/uploads\/2022\/05\/Neguinho-da-Telemar-carro-02-30052022.jpeg?resize=768%2C576&amp;ssl=1 768w, https:\/\/i0.wp.com\/blogdoeloiltoncajuhy.com.br\/site\/wp-content\/uploads\/2022\/05\/Neguinho-da-Telemar-carro-02-30052022.jpeg?w=1040&amp;ssl=1 1040w\" sizes=\"(max-width: 800px) 100vw, 800px\" \/><\/a><figcaption><sub>Foto: Redes Sociais<\/sub><\/figcaption><\/figure>\n","protected":false},"excerpt":{"rendered":"<p>Atualizado em 31 de maio de 2022 \u00e0s 22h36. Um grave acidente automobil\u00edstico foi registrado na noite desta segunda-feira (30), na Rodovia Lomanto Jr., BR 407, trecho do Povoado de Tanquinho, interior de Senhor do Bonfim. Neste acidente, morreu Antonio Carlos Vieira da Silva, de 69 anos, mais conhecido como &#8216;Neguinho da Telemar&#8217;. Funcion\u00e1rio aposentado [&hellip;]<\/p>\n","protected":false},"author":2,"featured_media":65447,"comment_status":"open","ping_status":"open","sticky":false,"template":"","format":"standard","meta":{"_acf_changed":false,"_monsterinsights_skip_tracking":false,"_monsterinsights_sitenote_active":false,"_monsterinsights_sitenote_note":"","_monsterinsights_sitenote_category":0,"_jetpack_memberships_contains_paid_content":false,"footnotes":"","jetpack_publicize_message":"","jetpack_publicize_feature_enabled":true,"jetpack_social_post_already_shared":true,"jetpack_social_options":{"image_generator_settings":{"template":"highway","default_image_id":0,"font":"","enabled":false},"version":2}},"categories":[15],"tags":[],"class_list":["post-65441","post","type-post","status-publish","format-standard","has-post-thumbnail","hentry","category-policia"],"acf":[],"jetpack_publicize_connections":[],"jetpack_featured_media_url":"https:\/\/i0.wp.com\/blogdoeloiltoncajuhy.com.br\/site\/wp-content\/uploads\/2022\/05\/Neguinho-da-Telemar-carro-01-30052022.jpeg?fit=1040%2C780&ssl=1","jetpack_sharing_enabled":true,"publishpress_future_workflow_manual_trigger":{"enabledWorkflows":[]},"_links":{"self":[{"href":"https:\/\/blogdoeloiltoncajuhy.com.br\/site\/wp-json\/wp\/v2\/posts\/65441","targetHints":{"allow":["GET"]}}],"collection":[{"href":"https:\/\/blogdoeloiltoncajuhy.com.br\/site\/wp-json\/wp\/v2\/posts"}],"about":[{"href":"https:\/\/blogdoeloiltoncajuhy.com.br\/site\/wp-json\/wp\/v2\/types\/post"}],"author":[{"embeddable":true,"href":"https:\/\/blogdoeloiltoncajuhy.com.br\/site\/wp-json\/wp\/v2\/users\/2"}],"replies":[{"embeddable":true,"href":"https:\/\/blogdoeloiltoncajuhy.com.br\/site\/wp-json\/wp\/v2\/comments?post=65441"}],"version-history":[{"count":6,"href":"https:\/\/blogdoeloiltoncajuhy.com.br\/site\/wp-json\/wp\/v2\/posts\/65441\/revisions"}],"predecessor-version":[{"id":65501,"href":"https:\/\/blogdoeloiltoncajuhy.com.br\/site\/wp-json\/wp\/v2\/posts\/65441\/revisions\/65501"}],"wp:featuredmedia":[{"embeddable":true,"href":"https:\/\/blogdoeloiltoncajuhy.com.br\/site\/wp-json\/wp\/v2\/media\/65447"}],"wp:attachment":[{"href":"https:\/\/blogdoeloiltoncajuhy.com.br\/site\/wp-json\/wp\/v2\/media?parent=65441"}],"wp:term":[{"taxonomy":"category","embeddable":true,"href":"https:\/\/blogdoeloiltoncajuhy.com.br\/site\/wp-json\/wp\/v2\/categories?post=65441"},{"taxonomy":"post_tag","embeddable":true,"href":"https:\/\/blogdoeloiltoncajuhy.com.br\/site\/wp-json\/wp\/v2\/tags?post=65441"}],"curies":[{"name":"wp","href":"https:\/\/api.w.org\/{rel}","templated":true}]}}