{"id":65435,"date":"2022-05-30T12:57:29","date_gmt":"2022-05-30T15:57:29","guid":{"rendered":"http:\/\/blogdoeloiltoncajuhy.com.br\/site\/?p=65435"},"modified":"2022-05-30T12:57:31","modified_gmt":"2022-05-30T15:57:31","slug":"falta-de-antibioticos-na-maioria-das-cidades-brasileiras-desafia-gestao-e-tratamento-de-pacientes-com-quadros-respiratorios","status":"publish","type":"post","link":"https:\/\/blogdoeloiltoncajuhy.com.br\/site\/falta-de-antibioticos-na-maioria-das-cidades-brasileiras-desafia-gestao-e-tratamento-de-pacientes-com-quadros-respiratorios\/","title":{"rendered":"Falta de antibi\u00f3ticos na maioria das cidades brasileiras desafia gest\u00e3o e tratamento de pacientes com quadros respirat\u00f3rios"},"content":{"rendered":"\n<p class=\"has-text-align-center has-medium-font-size\"><em>Com a falta de antibi\u00f3ticos, muitos estados brasileiros v\u00eam suspendendo cirurgias e at\u00e9 obrigando a interrup\u00e7\u00e3o dos tratamentos.<\/em><\/p>\n\n\n\n<figure class=\"wp-block-image aligncenter size-large is-resized\"><a href=\"https:\/\/i0.wp.com\/blogdoeloiltoncajuhy.com.br\/site\/wp-content\/uploads\/2022\/05\/Medicamentos_Antibioticos-30052022-scaled.jpg\"><img data-recalc-dims=\"1\" fetchpriority=\"high\" decoding=\"async\" src=\"https:\/\/i0.wp.com\/blogdoeloiltoncajuhy.com.br\/site\/wp-content\/uploads\/2022\/05\/Medicamentos_Antibioticos-30052022.jpg?resize=768%2C512\" alt=\"\" class=\"wp-image-65436\" width=\"768\" height=\"512\" srcset=\"https:\/\/i0.wp.com\/blogdoeloiltoncajuhy.com.br\/site\/wp-content\/uploads\/2022\/05\/Medicamentos_Antibioticos-30052022-scaled.jpg?resize=1024%2C683&amp;ssl=1 1024w, https:\/\/i0.wp.com\/blogdoeloiltoncajuhy.com.br\/site\/wp-content\/uploads\/2022\/05\/Medicamentos_Antibioticos-30052022-scaled.jpg?resize=300%2C200&amp;ssl=1 300w, https:\/\/i0.wp.com\/blogdoeloiltoncajuhy.com.br\/site\/wp-content\/uploads\/2022\/05\/Medicamentos_Antibioticos-30052022-scaled.jpg?resize=768%2C513&amp;ssl=1 768w, https:\/\/i0.wp.com\/blogdoeloiltoncajuhy.com.br\/site\/wp-content\/uploads\/2022\/05\/Medicamentos_Antibioticos-30052022-scaled.jpg?resize=1536%2C1025&amp;ssl=1 1536w, https:\/\/i0.wp.com\/blogdoeloiltoncajuhy.com.br\/site\/wp-content\/uploads\/2022\/05\/Medicamentos_Antibioticos-30052022-scaled.jpg?resize=2048%2C1367&amp;ssl=1 2048w, https:\/\/i0.wp.com\/blogdoeloiltoncajuhy.com.br\/site\/wp-content\/uploads\/2022\/05\/Medicamentos_Antibioticos-30052022-scaled.jpg?w=1600 1600w, https:\/\/i0.wp.com\/blogdoeloiltoncajuhy.com.br\/site\/wp-content\/uploads\/2022\/05\/Medicamentos_Antibioticos-30052022-scaled.jpg?w=2400 2400w\" sizes=\"(max-width: 768px) 100vw, 768px\" \/><\/a><\/figure>\n\n\n\n<p>Hospitais da rede p\u00fablica e privada e farm\u00e1cias de diversas cidades e estados do Brasil t\u00eam relatado falta de medicamentos para o tratamento de v\u00e1rias doen\u00e7as. Em virtude da alta demanda, motivada pela chegada do frio e pelo aumento dos casos gripais, rem\u00e9dios para s\u00edndromes respirat\u00f3rias, principalmente para crian\u00e7as, desapareceram de muitas prateleiras e de estoques hospitalares nas \u00faltimas semanas.<\/p>\n\n\n\n<p>Por\u00e9m, a falta de medicamentos j\u00e1 ocorre desde fevereiro. Rem\u00e9dios mais b\u00e1sicos, como o antit\u00e9rmico Dipirona ou o antibi\u00f3tico Amoxilina, por exemplo, al\u00e9m dos de alto custo para o tratamento de doen\u00e7as como l\u00fapus, Guillain-Barr\u00e9 e Crohn, tamb\u00e9m est\u00e3o em falta.<\/p>\n\n\n\n<p>No fim de maio deste ano, uma pesquisa feita pelo Sindhosp, o Sindicato dos Hospitais, Cl\u00ednicas e Laborat\u00f3rios do Estado de S\u00e3o Paulo, apontou que 55% dos hospitais brasileiros est\u00e3o tendo problemas com o recebimento de medicamentos, um cen\u00e1rio tamb\u00e9m agravado pelo aumento dos pre\u00e7os. S\u00f3 em S\u00e3o Paulo, s\u00e3o cerca de 40 subst\u00e2ncias que n\u00e3o est\u00e3o dispon\u00edveis nas unidades de sa\u00fade, entre elas, medicamentos considerados simples e de grande import\u00e2ncia para o funcionamento do servi\u00e7o p\u00fablico. Os fabricantes se defendem dizendo que faltam insumos para a produ\u00e7\u00e3o.<\/p>\n\n\n\n<p>Distrito Federal, Tocantins, Sergipe, Esp\u00edrito Santo, Belo Horizonte e Paran\u00e1, entre outros, s\u00e3o estados que j\u00e1 relataram a ocorr\u00eancia do problema. No Paran\u00e1, segundo o Sindicato do Com\u00e9rcio Varejista de Produtos Farmac\u00eauticos (Sindifarma), est\u00e3o em falta em torno de 500 rem\u00e9dios.<\/p>\n\n\n\n<p>De acordo com a Abrafarma (Associa\u00e7\u00e3o Brasileira das Redes de Farm\u00e1cias e Drogarias), quase 95% dos medicamentos vendidos no Brasil dependem de mat\u00e9ria-prima que vem, principalmente, da China. Ocorre que a na\u00e7\u00e3o asi\u00e1tica teve as exporta\u00e7\u00f5es afetadas porque est\u00e1, mais uma vez, em lockdown para conter uma nova onda de casos de Covid-19. A \u00cdndia, outro importante exportador, tamb\u00e9m enfrenta um momento parecido. A guerra na Ucr\u00e2nia e os protestos de equipes de portos e aeroportos, registrados com mais intensidade desde mar\u00e7o deste ano, est\u00e3o levando a \u00e1rea da Sa\u00fade a enfrentar severas dificuldades.<\/p>\n\n\n\n<p>Com a falta de antibi\u00f3ticos, muitos estados brasileiros v\u00eam suspendendo cirurgias e at\u00e9 obrigando a interrup\u00e7\u00e3o dos tratamentos. Outra s\u00e9ria consequ\u00eancia \u00e9 que, em alguns casos, o m\u00e9dico acaba prescrevendo ao paciente outro medicamento na tentativa de continuar o tratamento, mas isso implica no risco de a medica\u00e7\u00e3o gerar resist\u00eancia por parte dos microrganismos que atuam no corpo humano, ou mesmo a inefic\u00e1cia do tratamento.<\/p>\n\n\n\n<p>\u201cO antibi\u00f3tico alternativo n\u00e3o necessariamente ser\u00e1 o ideal para combater uma infec\u00e7\u00e3o, seja por efeitos colaterais que ele pode gerar, ou pelos efeitos mais potentes do que aquela infec\u00e7\u00e3o precisaria\u201d, explica Juliano Bison, coordenador da Mobius Life, empresa que comercializa produtos destinados ao segmento de medicina diagn\u00f3stica.<\/p>\n\n\n\n<p>Juliano ainda destaca que as dificuldades causadas pelo desabastecimento atingem todos os departamentos dos hospitais, causando expressivo incremento nos custos em tratamentos inespec\u00edficos. Isso porque, \u201cquanto maior o tempo de perman\u00eancia dos pacientes internados e menor a quantidade de pacientes atendidos, maior \u00e9 a dificuldade para a condu\u00e7\u00e3o de uma gest\u00e3o t\u00e9cnica e financeira eficiente por parte dos m\u00e9dicos e dos hospitais\u201d, explica.<\/p>\n\n\n\n<p class=\"has-black-color has-text-color has-medium-font-size\"><strong>Tecnologias de diagn\u00f3stico contribuem para driblar crise de abastecimento<\/strong><\/p>\n\n\n\n<p>Nesse cen\u00e1rio de crise, tecnologias de diagn\u00f3stico para auxiliar no direcionamento do tratamento, identificando quais pacientes est\u00e3o portando infec\u00e7\u00f5es e qual o tipo, consequentemente, evitando tratamentos desnecess\u00e1rios, ainda mais no cen\u00e1rio de escassez atual.<\/p>\n\n\n\n<p>Com o advento da biologia molecular e a ampla utiliza\u00e7\u00e3o da metodologia de PCR na gest\u00e3o da Covid-19, por exemplo, algumas institui\u00e7\u00f5es t\u00eam utilizado essa tecnologia atualmente.<\/p>\n\n\n\n<p>\u201cCom essas ferramentas, os benef\u00edcios atingem todas as dimens\u00f5es: para o paciente, a certeza de que est\u00e1 sendo tratado o que de fato foi diagnosticado. Para o m\u00e9dico, a seguran\u00e7a na prescri\u00e7\u00e3o de medicamentos e procedimentos e para gest\u00e3o hospitalar e efici\u00eancia no atendimento e aloca\u00e7\u00e3o dos recursos\u201d, conclui Juliano.<\/p>\n\n\n\n<p class=\"has-black-color has-text-color has-medium-font-size\"><strong>OMS j\u00e1 alertava para a falta de antibi\u00f3ticos e amea\u00e7a de superbact\u00e9rias<\/strong><\/p>\n\n\n\n<p>Em janeiro de 2020, a Organiza\u00e7\u00e3o Mundial da Sa\u00fade (OMS) fez um alerta para uma poss\u00edvel falta de novos antibi\u00f3ticos, fato que poderia favorecer a dissemina\u00e7\u00e3o de bact\u00e9rias resistentes a medicamentos, respons\u00e1veis por dezenas de milhares de \u00f3bitos anualmente. Na \u00e9poca, a OMS publicou dois relat\u00f3rios sobre o assunto. Segundo eles, \u201ca amea\u00e7a de resist\u00eancia antimicrobiana nunca foi t\u00e3o imediata, e a necessidade de solu\u00e7\u00f5es, mais urgente.<\/p>\n\n\n\n<p>&#8220;Existem muitas iniciativas em andamento para reduzir a resist\u00eancia, mas tamb\u00e9m precisamos que os pa\u00edses e a ind\u00fastria farmac\u00eautica se envolvam e forne\u00e7am financiamento e novos medicamentos inovadores&#8221;, alertou Tedros Ghebreyesus, diretor da OMS, em comunicado enviado \u00e0 imprensa.<\/p>\n\n\n\n<p>A resist\u00eancia aos antibi\u00f3ticos foi considerada uma amea\u00e7a pela organiza\u00e7\u00e3o, que teme que o mundo caminhe para uma era em que infec\u00e7\u00f5es comuns possam matar novamente. Enfermidades curadas com relativa facilidade, at\u00e9 pouco tempo, podem voltar a matar cerca de 10 milh\u00f5es de pessoas at\u00e9 2050, segundo a OMS. Mais de 30 mil pessoas morrem, todos os anos, na Europa, em virtude de infec\u00e7\u00f5es resistentes a antibi\u00f3ticos. Nos Estados Unidos, o n\u00famero \u00e9 estimado em quase 35 mil.<\/p>\n","protected":false},"excerpt":{"rendered":"<p>Com a falta de antibi\u00f3ticos, muitos estados brasileiros v\u00eam suspendendo cirurgias e at\u00e9 obrigando a interrup\u00e7\u00e3o dos tratamentos. Hospitais da rede p\u00fablica e privada e farm\u00e1cias de diversas cidades e estados do Brasil t\u00eam relatado falta de medicamentos para o tratamento de v\u00e1rias doen\u00e7as. Em virtude da alta demanda, motivada pela chegada do frio e [&hellip;]<\/p>\n","protected":false},"author":2,"featured_media":65436,"comment_status":"open","ping_status":"open","sticky":false,"template":"","format":"standard","meta":{"_acf_changed":false,"_monsterinsights_skip_tracking":false,"_monsterinsights_sitenote_active":false,"_monsterinsights_sitenote_note":"","_monsterinsights_sitenote_category":0,"_jetpack_memberships_contains_paid_content":false,"footnotes":"","jetpack_publicize_message":"","jetpack_publicize_feature_enabled":true,"jetpack_social_post_already_shared":true,"jetpack_social_options":{"image_generator_settings":{"template":"highway","default_image_id":0,"font":"","enabled":false},"version":2}},"categories":[7],"tags":[],"class_list":["post-65435","post","type-post","status-publish","format-standard","has-post-thumbnail","hentry","category-saude"],"acf":[],"jetpack_publicize_connections":[],"jetpack_featured_media_url":"https:\/\/i0.wp.com\/blogdoeloiltoncajuhy.com.br\/site\/wp-content\/uploads\/2022\/05\/Medicamentos_Antibioticos-30052022-scaled.jpg?fit=2560%2C1709&ssl=1","jetpack_sharing_enabled":true,"publishpress_future_workflow_manual_trigger":{"enabledWorkflows":[]},"_links":{"self":[{"href":"https:\/\/blogdoeloiltoncajuhy.com.br\/site\/wp-json\/wp\/v2\/posts\/65435","targetHints":{"allow":["GET"]}}],"collection":[{"href":"https:\/\/blogdoeloiltoncajuhy.com.br\/site\/wp-json\/wp\/v2\/posts"}],"about":[{"href":"https:\/\/blogdoeloiltoncajuhy.com.br\/site\/wp-json\/wp\/v2\/types\/post"}],"author":[{"embeddable":true,"href":"https:\/\/blogdoeloiltoncajuhy.com.br\/site\/wp-json\/wp\/v2\/users\/2"}],"replies":[{"embeddable":true,"href":"https:\/\/blogdoeloiltoncajuhy.com.br\/site\/wp-json\/wp\/v2\/comments?post=65435"}],"version-history":[{"count":2,"href":"https:\/\/blogdoeloiltoncajuhy.com.br\/site\/wp-json\/wp\/v2\/posts\/65435\/revisions"}],"predecessor-version":[{"id":65438,"href":"https:\/\/blogdoeloiltoncajuhy.com.br\/site\/wp-json\/wp\/v2\/posts\/65435\/revisions\/65438"}],"wp:featuredmedia":[{"embeddable":true,"href":"https:\/\/blogdoeloiltoncajuhy.com.br\/site\/wp-json\/wp\/v2\/media\/65436"}],"wp:attachment":[{"href":"https:\/\/blogdoeloiltoncajuhy.com.br\/site\/wp-json\/wp\/v2\/media?parent=65435"}],"wp:term":[{"taxonomy":"category","embeddable":true,"href":"https:\/\/blogdoeloiltoncajuhy.com.br\/site\/wp-json\/wp\/v2\/categories?post=65435"},{"taxonomy":"post_tag","embeddable":true,"href":"https:\/\/blogdoeloiltoncajuhy.com.br\/site\/wp-json\/wp\/v2\/tags?post=65435"}],"curies":[{"name":"wp","href":"https:\/\/api.w.org\/{rel}","templated":true}]}}