{"id":65422,"date":"2022-05-30T08:37:39","date_gmt":"2022-05-30T11:37:39","guid":{"rendered":"http:\/\/blogdoeloiltoncajuhy.com.br\/site\/?p=65422"},"modified":"2022-05-30T08:37:40","modified_gmt":"2022-05-30T11:37:40","slug":"secretaria-de-saude-da-bahia-emite-alerta-sobre-sintomas-da-variola-dos-macacos-nenhum-caso-foi-registrado-no-estado","status":"publish","type":"post","link":"https:\/\/blogdoeloiltoncajuhy.com.br\/site\/secretaria-de-saude-da-bahia-emite-alerta-sobre-sintomas-da-variola-dos-macacos-nenhum-caso-foi-registrado-no-estado\/","title":{"rendered":"Secretaria de Sa\u00fade da Bahia emite alerta sobre sintomas da var\u00edola dos macacos; nenhum caso foi registrado no estado"},"content":{"rendered":"\n<p class=\"has-text-align-center has-medium-font-size\"><em>Doen\u00e7a \u00e9 altamente transmiss\u00edvel e pode levar ao \u00f3bito, conforme explica infectologista.<\/em><\/p>\n\n\n\n<figure class=\"wp-block-image aligncenter size-full\"><a href=\"https:\/\/i0.wp.com\/blogdoeloiltoncajuhy.com.br\/site\/wp-content\/uploads\/2022\/05\/Antonio-Bandeira-30052022.png\"><img data-recalc-dims=\"1\" fetchpriority=\"high\" decoding=\"async\" width=\"800\" height=\"326\" src=\"https:\/\/i0.wp.com\/blogdoeloiltoncajuhy.com.br\/site\/wp-content\/uploads\/2022\/05\/Antonio-Bandeira-30052022.png?resize=800%2C326\" alt=\"\" class=\"wp-image-65423\" srcset=\"https:\/\/i0.wp.com\/blogdoeloiltoncajuhy.com.br\/site\/wp-content\/uploads\/2022\/05\/Antonio-Bandeira-30052022.png?w=810&amp;ssl=1 810w, https:\/\/i0.wp.com\/blogdoeloiltoncajuhy.com.br\/site\/wp-content\/uploads\/2022\/05\/Antonio-Bandeira-30052022.png?resize=300%2C122&amp;ssl=1 300w, https:\/\/i0.wp.com\/blogdoeloiltoncajuhy.com.br\/site\/wp-content\/uploads\/2022\/05\/Antonio-Bandeira-30052022.png?resize=768%2C313&amp;ssl=1 768w\" sizes=\"(max-width: 800px) 100vw, 800px\" \/><\/a><figcaption><sub>Sesab emite alerta para sintomas da Var\u00edola do Macaco<\/sub><\/figcaption><\/figure>\n\n\n\n<p>A Secretaria Estadual da Sa\u00fade (Sesab) emitiu um alerta para os munic\u00edpios baianos sobre os sintomas da var\u00edola dos macacos. At\u00e9 a manh\u00e3 desta segunda-feira (30), nenhum caso da doen\u00e7a havia sido registrado no estado.<\/p>\n\n\n\n<p>Apesar de ser trasmitida pelos primatas, a var\u00edola dos macacos tamb\u00e9m pode ser propagada por outros tipos de animais como, por exemplo, esquilos e roedores. Ela causa um quadro semelhante a var\u00edola humana, conforme explica o infectologista Ant\u00f4nio Bandeira, que atua como t\u00e9cnico de vigil\u00e2ncia epidemiol\u00f3gica da Sesab.<\/p>\n\n\n\n<p>&#8220;Basicamente o que vai chamar aten\u00e7\u00e3o \u00e9 o indiv\u00edduo que viajou \u2013 ou vem de fora \u2013 e apresenta o que a gente chama de les\u00f5es vesiculares pustulosas. Ela come\u00e7a na cabe\u00e7a, passa para o tronco e depois tem uma distribui\u00e7\u00e3o centr\u00edfuga para os membros. \u00c9 associada sempre a febre, dor de cabe\u00e7a, dor nas costas e no corpo. Mas o que vai realmente chamar a aten\u00e7\u00e3o s\u00e3o essas feridas no corpo&#8221;.<\/p>\n\n\n\n<p>Para evitar o cont\u00e1gio, \u00e9 preciso fazer uso de m\u00e1scara e higienizar as m\u00e3os. Ant\u00f4nio Bandeira ainda destacou que a var\u00edola dos macacos \u00e9 altamente transmiss\u00edvel e pode levar ao \u00f3bito.<\/p>\n\n\n\n<figure class=\"wp-block-image aligncenter size-full is-resized\"><a href=\"https:\/\/i0.wp.com\/blogdoeloiltoncajuhy.com.br\/site\/wp-content\/uploads\/2022\/05\/variola-dos-macacos-30052022.webp\"><img data-recalc-dims=\"1\" decoding=\"async\" src=\"https:\/\/i0.wp.com\/blogdoeloiltoncajuhy.com.br\/site\/wp-content\/uploads\/2022\/05\/variola-dos-macacos-30052022.webp?resize=738%2C416\" alt=\"\" class=\"wp-image-65424\" width=\"738\" height=\"416\" srcset=\"https:\/\/i0.wp.com\/blogdoeloiltoncajuhy.com.br\/site\/wp-content\/uploads\/2022\/05\/variola-dos-macacos-30052022.webp?w=984&amp;ssl=1 984w, https:\/\/i0.wp.com\/blogdoeloiltoncajuhy.com.br\/site\/wp-content\/uploads\/2022\/05\/variola-dos-macacos-30052022.webp?resize=300%2C169&amp;ssl=1 300w, https:\/\/i0.wp.com\/blogdoeloiltoncajuhy.com.br\/site\/wp-content\/uploads\/2022\/05\/variola-dos-macacos-30052022.webp?resize=768%2C433&amp;ssl=1 768w\" sizes=\"(max-width: 738px) 100vw, 738px\" \/><\/a><figcaption><sub>Sesab emite alerta para cidades baianas sobre sintomas da var\u00edola dos macacos \u2014 Foto: Getty Images\/via BBC<\/sub><\/figcaption><\/figure>\n\n\n\n<p>Segundo o infectologista, h\u00e1 uma preocupa\u00e7\u00e3o muito grande do \u00f3rg\u00e3o estadual em rela\u00e7\u00e3o \u00e0 doen\u00e7a.<\/p>\n\n\n\n<p>&#8220;A qualquer momento pode acontecer um caso de var\u00edola dos macacos [aqui no estado], at\u00e9 porque no mundo tem crescido muito e a Bahia \u00e9 um destino tur\u00edstico muito forte. Pessoas de fora chegam aqui o tempo todo e temos com os pa\u00edses europeus uma grande comunica\u00e7\u00e3o. Temos voos diretos, inclusive, para Portugal e Espanha, e isso facilita muito [a entrada da doen\u00e7a]&#8221;, disse.<\/p>\n\n\n\n<p>Al\u00e9m da Bahia, os estados do Esp\u00edrito Santo, Mato Grosso do Sul e Santa Catarina tamb\u00e9m emitiram estado de alerta para a doen\u00e7a, principalmente nos aeroportos.<\/p>\n","protected":false},"excerpt":{"rendered":"<p>Doen\u00e7a \u00e9 altamente transmiss\u00edvel e pode levar ao \u00f3bito, conforme explica infectologista. A Secretaria Estadual da Sa\u00fade (Sesab) emitiu um alerta para os munic\u00edpios baianos sobre os sintomas da var\u00edola dos macacos. At\u00e9 a manh\u00e3 desta segunda-feira (30), nenhum caso da doen\u00e7a havia sido registrado no estado. Apesar de ser trasmitida pelos primatas, a var\u00edola [&hellip;]<\/p>\n","protected":false},"author":2,"featured_media":65424,"comment_status":"open","ping_status":"open","sticky":false,"template":"","format":"standard","meta":{"_acf_changed":false,"_monsterinsights_skip_tracking":false,"_monsterinsights_sitenote_active":false,"_monsterinsights_sitenote_note":"","_monsterinsights_sitenote_category":0,"_jetpack_memberships_contains_paid_content":false,"footnotes":"","jetpack_publicize_message":"","jetpack_publicize_feature_enabled":true,"jetpack_social_post_already_shared":true,"jetpack_social_options":{"image_generator_settings":{"template":"highway","default_image_id":0,"font":"","enabled":false},"version":2}},"categories":[7],"tags":[],"class_list":["post-65422","post","type-post","status-publish","format-standard","has-post-thumbnail","hentry","category-saude"],"acf":[],"jetpack_publicize_connections":[],"jetpack_featured_media_url":"https:\/\/i0.wp.com\/blogdoeloiltoncajuhy.com.br\/site\/wp-content\/uploads\/2022\/05\/variola-dos-macacos-30052022.webp?fit=984%2C555&ssl=1","jetpack_sharing_enabled":true,"publishpress_future_workflow_manual_trigger":{"enabledWorkflows":[]},"_links":{"self":[{"href":"https:\/\/blogdoeloiltoncajuhy.com.br\/site\/wp-json\/wp\/v2\/posts\/65422","targetHints":{"allow":["GET"]}}],"collection":[{"href":"https:\/\/blogdoeloiltoncajuhy.com.br\/site\/wp-json\/wp\/v2\/posts"}],"about":[{"href":"https:\/\/blogdoeloiltoncajuhy.com.br\/site\/wp-json\/wp\/v2\/types\/post"}],"author":[{"embeddable":true,"href":"https:\/\/blogdoeloiltoncajuhy.com.br\/site\/wp-json\/wp\/v2\/users\/2"}],"replies":[{"embeddable":true,"href":"https:\/\/blogdoeloiltoncajuhy.com.br\/site\/wp-json\/wp\/v2\/comments?post=65422"}],"version-history":[{"count":2,"href":"https:\/\/blogdoeloiltoncajuhy.com.br\/site\/wp-json\/wp\/v2\/posts\/65422\/revisions"}],"predecessor-version":[{"id":65426,"href":"https:\/\/blogdoeloiltoncajuhy.com.br\/site\/wp-json\/wp\/v2\/posts\/65422\/revisions\/65426"}],"wp:featuredmedia":[{"embeddable":true,"href":"https:\/\/blogdoeloiltoncajuhy.com.br\/site\/wp-json\/wp\/v2\/media\/65424"}],"wp:attachment":[{"href":"https:\/\/blogdoeloiltoncajuhy.com.br\/site\/wp-json\/wp\/v2\/media?parent=65422"}],"wp:term":[{"taxonomy":"category","embeddable":true,"href":"https:\/\/blogdoeloiltoncajuhy.com.br\/site\/wp-json\/wp\/v2\/categories?post=65422"},{"taxonomy":"post_tag","embeddable":true,"href":"https:\/\/blogdoeloiltoncajuhy.com.br\/site\/wp-json\/wp\/v2\/tags?post=65422"}],"curies":[{"name":"wp","href":"https:\/\/api.w.org\/{rel}","templated":true}]}}