{"id":65414,"date":"2022-05-30T08:07:56","date_gmt":"2022-05-30T11:07:56","guid":{"rendered":"http:\/\/blogdoeloiltoncajuhy.com.br\/site\/?p=65414"},"modified":"2022-05-30T13:01:42","modified_gmt":"2022-05-30T16:01:42","slug":"otto-alencar-defende-fim-dos-cortes-no-orcamento-da-saude-e-reajuste-da-tabela-sus","status":"publish","type":"post","link":"https:\/\/blogdoeloiltoncajuhy.com.br\/site\/otto-alencar-defende-fim-dos-cortes-no-orcamento-da-saude-e-reajuste-da-tabela-sus\/","title":{"rendered":"Otto Alencar defende fim dos cortes no or\u00e7amento da sa\u00fade e reajuste da tabela SUS"},"content":{"rendered":"\n<p class=\"has-text-align-center has-medium-font-size\"><em>Recursos prometidos pelo governo federal ao Hospital Santo Ant\u00f4nio n\u00e3o chegam e unidade pode fechar; senador quer mais investimentos na \u00e1rea para garantir atendimentos<\/em><\/p>\n\n\n\n<figure class=\"wp-block-image aligncenter size-large\"><a href=\"https:\/\/i0.wp.com\/blogdoeloiltoncajuhy.com.br\/site\/wp-content\/uploads\/2022\/05\/Otto_Jeronimo-30052022-01.jpeg\"><img data-recalc-dims=\"1\" fetchpriority=\"high\" decoding=\"async\" width=\"800\" height=\"533\" src=\"https:\/\/i0.wp.com\/blogdoeloiltoncajuhy.com.br\/site\/wp-content\/uploads\/2022\/05\/Otto_Jeronimo-30052022-01.jpeg?resize=800%2C533\" alt=\"\" class=\"wp-image-65415\" srcset=\"https:\/\/i0.wp.com\/blogdoeloiltoncajuhy.com.br\/site\/wp-content\/uploads\/2022\/05\/Otto_Jeronimo-30052022-01.jpeg?resize=1024%2C682&amp;ssl=1 1024w, https:\/\/i0.wp.com\/blogdoeloiltoncajuhy.com.br\/site\/wp-content\/uploads\/2022\/05\/Otto_Jeronimo-30052022-01.jpeg?resize=300%2C200&amp;ssl=1 300w, https:\/\/i0.wp.com\/blogdoeloiltoncajuhy.com.br\/site\/wp-content\/uploads\/2022\/05\/Otto_Jeronimo-30052022-01.jpeg?resize=768%2C512&amp;ssl=1 768w, https:\/\/i0.wp.com\/blogdoeloiltoncajuhy.com.br\/site\/wp-content\/uploads\/2022\/05\/Otto_Jeronimo-30052022-01.jpeg?w=1280&amp;ssl=1 1280w\" sizes=\"(max-width: 800px) 100vw, 800px\" \/><\/a><\/figure>\n\n\n\n<p>Em Itapetinga, neste domingo (29\/5), para a edi\u00e7\u00e3o do Programa de Governo Participativo, PGP do M\u00e9dio Sudoeste, o senador Otto Alencar (PSD-BA), defendeu o fim dos seguidos cortes promovidos pelo governo federal no or\u00e7amento da sa\u00fade p\u00fablica, mais investimentos na \u00e1rea, em hospitais filantr\u00f3picos e o reajuste na tabela do Sistema \u00danico de Sa\u00fade (SUS).<\/p>\n\n\n\n<p>Segundo Otto Alencar, pr\u00e9-candidato \u00e0 reelei\u00e7\u00e3o \u2013 ele esteve na Regi\u00e3o do M\u00e9dio Sudoeste participando da Caravana Mais Bahia, com os pr\u00e9-candidatos a governador Jer\u00f4nimo Rodrigues (PT) e a vice-governador Geraldo J\u00fanior (MDB) -, os cortes amea\u00e7am o fechamento de unidades hospitalares essenciais para o atendimento da popula\u00e7\u00e3o pobre da Bahia e do Brasil que depende do SUS, caso do Hospital Santo Ant\u00f4nio das Obras Sociais Irm\u00e3 Dulce.<\/p>\n\n\n\n<p>H\u00e1 60 dias, o hospital recebeu a visita do presidente da Rep\u00fablica, Jair Bolsonaro, que prometeu socorro financeiro. Os recursos ainda n\u00e3o chegaram. \u201cDe 1975 a 1986 trabalhei com uma pessoa que me deu um sentimento muito grande de caridade e solidariedade, trabalhei com Irma Dulce, quando ela estava viva. Secret\u00e1rio de Sa\u00fade da Bahia ajudei a transformar o hospital. \u00c9 de cortar o cora\u00e7\u00e3o saber que o Hospital Santo Ant\u00f4nio pode ser fechado, como me disse sua sobrinha Maria Rita, porque o socorro n\u00e3o chega\u201d, revelou.<\/p>\n\n\n\n<figure class=\"wp-block-image aligncenter size-large\"><a href=\"https:\/\/i0.wp.com\/blogdoeloiltoncajuhy.com.br\/site\/wp-content\/uploads\/2022\/05\/Otto_Jeronimo-Geraldo-30052022-esta.png\"><img data-recalc-dims=\"1\" decoding=\"async\" width=\"800\" height=\"434\" src=\"https:\/\/i0.wp.com\/blogdoeloiltoncajuhy.com.br\/site\/wp-content\/uploads\/2022\/05\/Otto_Jeronimo-Geraldo-30052022-esta-1024x556.png?resize=800%2C434\" alt=\"\" class=\"wp-image-65416\" srcset=\"https:\/\/i0.wp.com\/blogdoeloiltoncajuhy.com.br\/site\/wp-content\/uploads\/2022\/05\/Otto_Jeronimo-Geraldo-30052022-esta.png?resize=1024%2C556&amp;ssl=1 1024w, https:\/\/i0.wp.com\/blogdoeloiltoncajuhy.com.br\/site\/wp-content\/uploads\/2022\/05\/Otto_Jeronimo-Geraldo-30052022-esta.png?resize=300%2C163&amp;ssl=1 300w, https:\/\/i0.wp.com\/blogdoeloiltoncajuhy.com.br\/site\/wp-content\/uploads\/2022\/05\/Otto_Jeronimo-Geraldo-30052022-esta.png?resize=768%2C417&amp;ssl=1 768w, https:\/\/i0.wp.com\/blogdoeloiltoncajuhy.com.br\/site\/wp-content\/uploads\/2022\/05\/Otto_Jeronimo-Geraldo-30052022-esta.png?w=1118&amp;ssl=1 1118w\" sizes=\"(max-width: 800px) 100vw, 800px\" \/><\/a><\/figure>\n\n\n\n<p><strong>Sa\u00fade relegada<\/strong> &#8211; Para Otto Alencar, a sa\u00fade p\u00fablica no Brasil est\u00e1 relegada pelo governo federal, desde 2016. \u201cS\u00f3 n\u00e3o ficou relegada na pandemia porque criamos a CPI da Covid no Senado Federal e exigimos garantir vacina no bra\u00e7o para os baianos e brasileiros\u201d, ressaltou.<\/p>\n\n\n\n<p>Ele citou que, neste per\u00edodo, o governo da Bahia construiu 16 hospitais em v\u00e1rias regi\u00f5es do Estado e investiu milh\u00f5es no setor, enquanto o governo federal n\u00e3o fez nenhuma unidade.<\/p>\n\n\n\n<p>Neste ano, os cortes do governo federal no or\u00e7amento da sa\u00fade foram de mais de R$ 40 bilh\u00f5es. Nas universidades p\u00fablicas, de R$ 3 bilh\u00f5es. \u201cCortar recursos da sa\u00fade e da educa\u00e7\u00e3o \u00e9 um absurdo. Exatamente em um momento que o SUS tem de lidar com uma demanda regular de doen\u00e7as, demanda reprimida dos anos da pandemia e necessidades adicionais da Covid-19\u201d, salientou.<\/p>\n\n\n\n<p><strong>Tabela SUS<\/strong> \u2013 De acordo com o senador, \u00e9 grave tamb\u00e9m o n\u00e3o reajuste na tabela de servi\u00e7os do SUS. \u201cH\u00e1 cinco anos n\u00e3o se reajusta o valor dos servi\u00e7os, um parto, uma cirurgia, um exame, um procedimento cir\u00fargico. Uma consulta paga pelo SUS \u00e9 R$ 10,00. \u00c9 muito pouco. O governo teima em n\u00e3o reajustar os servi\u00e7os das Santas Casas e outros hospitais filantr\u00f3picos que prestam servi\u00e7os pelo SUS\u201d, afirmou.<\/p>\n\n\n\n<p><strong>Chuvas<\/strong> \u2013 Os recursos federais para as prefeituras das cidades baianas atingidas pelas chuvas, em janeiro deste ano, tamb\u00e9m n\u00e3o chegaram e a agricultura familiar s\u00f3 conta com incentivos do Governo do Estado da Bahia. \u201cO governo do Estado investiu R$ 2,5 bilh\u00f5es\u201d, afirmou. Presidente da Comiss\u00e3o de Assuntos Econ\u00f4micos (CAE) do Senado Federal, Otto Alencar tem denunciado constantemente o cerco e discrimina\u00e7\u00e3o do governo federal ao Estado da Bahia.<\/p>\n\n\n\n<p><strong><em>Fotos:<\/em><\/strong> Adriel Francisco<\/p>\n","protected":false},"excerpt":{"rendered":"<p>Recursos prometidos pelo governo federal ao Hospital Santo Ant\u00f4nio n\u00e3o chegam e unidade pode fechar; senador quer mais investimentos na \u00e1rea para garantir atendimentos Em Itapetinga, neste domingo (29\/5), para a edi\u00e7\u00e3o do Programa de Governo Participativo, PGP do M\u00e9dio Sudoeste, o senador Otto Alencar (PSD-BA), defendeu o fim dos seguidos cortes promovidos pelo governo [&hellip;]<\/p>\n","protected":false},"author":2,"featured_media":65416,"comment_status":"open","ping_status":"open","sticky":false,"template":"","format":"standard","meta":{"_acf_changed":false,"_monsterinsights_skip_tracking":false,"_monsterinsights_sitenote_active":false,"_monsterinsights_sitenote_note":"","_monsterinsights_sitenote_category":0,"_jetpack_memberships_contains_paid_content":false,"footnotes":"","jetpack_publicize_message":"","jetpack_publicize_feature_enabled":true,"jetpack_social_post_already_shared":true,"jetpack_social_options":{"image_generator_settings":{"template":"highway","default_image_id":0,"font":"","enabled":false},"version":2}},"categories":[3],"tags":[],"class_list":["post-65414","post","type-post","status-publish","format-standard","has-post-thumbnail","hentry","category-politica"],"acf":[],"jetpack_publicize_connections":[],"jetpack_featured_media_url":"https:\/\/i0.wp.com\/blogdoeloiltoncajuhy.com.br\/site\/wp-content\/uploads\/2022\/05\/Otto_Jeronimo-Geraldo-30052022-esta.png?fit=1118%2C607&ssl=1","jetpack_sharing_enabled":true,"publishpress_future_workflow_manual_trigger":{"enabledWorkflows":[]},"_links":{"self":[{"href":"https:\/\/blogdoeloiltoncajuhy.com.br\/site\/wp-json\/wp\/v2\/posts\/65414","targetHints":{"allow":["GET"]}}],"collection":[{"href":"https:\/\/blogdoeloiltoncajuhy.com.br\/site\/wp-json\/wp\/v2\/posts"}],"about":[{"href":"https:\/\/blogdoeloiltoncajuhy.com.br\/site\/wp-json\/wp\/v2\/types\/post"}],"author":[{"embeddable":true,"href":"https:\/\/blogdoeloiltoncajuhy.com.br\/site\/wp-json\/wp\/v2\/users\/2"}],"replies":[{"embeddable":true,"href":"https:\/\/blogdoeloiltoncajuhy.com.br\/site\/wp-json\/wp\/v2\/comments?post=65414"}],"version-history":[{"count":4,"href":"https:\/\/blogdoeloiltoncajuhy.com.br\/site\/wp-json\/wp\/v2\/posts\/65414\/revisions"}],"predecessor-version":[{"id":65440,"href":"https:\/\/blogdoeloiltoncajuhy.com.br\/site\/wp-json\/wp\/v2\/posts\/65414\/revisions\/65440"}],"wp:featuredmedia":[{"embeddable":true,"href":"https:\/\/blogdoeloiltoncajuhy.com.br\/site\/wp-json\/wp\/v2\/media\/65416"}],"wp:attachment":[{"href":"https:\/\/blogdoeloiltoncajuhy.com.br\/site\/wp-json\/wp\/v2\/media?parent=65414"}],"wp:term":[{"taxonomy":"category","embeddable":true,"href":"https:\/\/blogdoeloiltoncajuhy.com.br\/site\/wp-json\/wp\/v2\/categories?post=65414"},{"taxonomy":"post_tag","embeddable":true,"href":"https:\/\/blogdoeloiltoncajuhy.com.br\/site\/wp-json\/wp\/v2\/tags?post=65414"}],"curies":[{"name":"wp","href":"https:\/\/api.w.org\/{rel}","templated":true}]}}