{"id":65397,"date":"2022-05-29T21:19:05","date_gmt":"2022-05-30T00:19:05","guid":{"rendered":"http:\/\/blogdoeloiltoncajuhy.com.br\/site\/?p=65397"},"modified":"2022-05-29T21:19:07","modified_gmt":"2022-05-30T00:19:07","slug":"bebe-de-quase-dois-meses-morre-ao-ser-atirada-da-janela-pelo-pai-em-mg","status":"publish","type":"post","link":"https:\/\/blogdoeloiltoncajuhy.com.br\/site\/bebe-de-quase-dois-meses-morre-ao-ser-atirada-da-janela-pelo-pai-em-mg\/","title":{"rendered":"Beb\u00ea de quase dois meses morre ao ser atirada da janela pelo pai em MG"},"content":{"rendered":"\n<p class=\"has-text-align-center has-medium-font-size\"><em>Isabel de Aguilar Loesch de 57 dias, caiu de uma altura de 5 metros, ela chegou a ser socorrida por vizinhos, mas morreu ao dar entrada na UPA de Te\u00f3filo Otoni. Segundo a PM, o pai da crian\u00e7a discutia com a m\u00e3e da beb\u00ea e aproveitou um momento de distra\u00e7\u00e3o dela para cometer o crime.<\/em><\/p>\n\n\n\n<figure class=\"wp-block-image aligncenter size-full\"><a href=\"https:\/\/i0.wp.com\/blogdoeloiltoncajuhy.com.br\/site\/wp-content\/uploads\/2022\/05\/MG_Isabel-de-Aguilar.webp\"><img data-recalc-dims=\"1\" fetchpriority=\"high\" decoding=\"async\" width=\"800\" height=\"450\" src=\"https:\/\/i0.wp.com\/blogdoeloiltoncajuhy.com.br\/site\/wp-content\/uploads\/2022\/05\/MG_Isabel-de-Aguilar.webp?resize=800%2C450\" alt=\"\" class=\"wp-image-65398\" srcset=\"https:\/\/i0.wp.com\/blogdoeloiltoncajuhy.com.br\/site\/wp-content\/uploads\/2022\/05\/MG_Isabel-de-Aguilar.webp?w=984&amp;ssl=1 984w, https:\/\/i0.wp.com\/blogdoeloiltoncajuhy.com.br\/site\/wp-content\/uploads\/2022\/05\/MG_Isabel-de-Aguilar.webp?resize=300%2C169&amp;ssl=1 300w, https:\/\/i0.wp.com\/blogdoeloiltoncajuhy.com.br\/site\/wp-content\/uploads\/2022\/05\/MG_Isabel-de-Aguilar.webp?resize=768%2C432&amp;ssl=1 768w\" sizes=\"(max-width: 800px) 100vw, 800px\" \/><\/a><figcaption><sub>Isabel de Aguilar Loesch de 57 dias \u2014 Foto: Arquivo pessoal\/Redes sociais<\/sub><\/figcaption><\/figure>\n\n\n\n<p>Uma menina de 57 dias de vida, morreu na noite deste s\u00e1bado (28), ao ser arremessada da janela de casa pelo pai, um jovem de 26 anos. Isabel de Aguilar Loesch, caiu de uma altura de 5 metros. O crime aconteceu no bairro Tabajaras em Te\u00f3filo Otoni.<\/p>\n\n\n\n<p>Segundo a Pol\u00edcia Militar, vizinhos contaram que os pais da crian\u00e7a discutiam quando a menina foi arremessada. Ela foi socorrida pelos moradores, mas morreu ao dar entrara na UPA da cidade.<\/p>\n\n\n\n<p>A m\u00e3e da menina, uma mulher de 36 anos, disse aos policiais que n\u00e3o convive com pai da filha, e que ele vem \u00e0 resid\u00eancia para ver a crian\u00e7a. Contou tamb\u00e9m que, no momento da discuss\u00e3o fazia um arroz doce, e quando foi verificar a panela no fog\u00e3o, voltou e viu a menina ca\u00edda na rua. O suspeito fugiu depois de cometer o crime.<\/p>\n\n\n\n<p>De acordo com a PM, a av\u00f3 da crian\u00e7a disse que, durante a gravidez, a filha tinha sido agredida com um soco na barriga, e que os desentendimentos eram constantes entre eles.<\/p>\n\n\n\n<p>Em choque, a m\u00e3e da v\u00edtima n\u00e3o conseguiu dar mais informa\u00e7\u00f5es sobre os fatos.<\/p>\n\n\n\n<p>Pouco depois da fuga, o suspeito ligou para a pol\u00edcia dizendo que queria se entregar e estava arrependido. Ele foi preso em flagrante e n\u00e3o quis dar a sua vers\u00e3o.<\/p>\n\n\n\n<p>Isabel completaria dois meses nesta segunda-feira (30). O corpo dela foi levado para o IML de cidade. A causa da morte foi traumatismo cr\u00e2nio encef\u00e1lico.<\/p>\n","protected":false},"excerpt":{"rendered":"<p>Isabel de Aguilar Loesch de 57 dias, caiu de uma altura de 5 metros, ela chegou a ser socorrida por vizinhos, mas morreu ao dar entrada na UPA de Te\u00f3filo Otoni. Segundo a PM, o pai da crian\u00e7a discutia com a m\u00e3e da beb\u00ea e aproveitou um momento de distra\u00e7\u00e3o dela para cometer o crime. [&hellip;]<\/p>\n","protected":false},"author":2,"featured_media":65398,"comment_status":"open","ping_status":"open","sticky":false,"template":"","format":"standard","meta":{"_acf_changed":false,"_monsterinsights_skip_tracking":false,"_monsterinsights_sitenote_active":false,"_monsterinsights_sitenote_note":"","_monsterinsights_sitenote_category":0,"_jetpack_memberships_contains_paid_content":false,"footnotes":"","jetpack_publicize_message":"","jetpack_publicize_feature_enabled":true,"jetpack_social_post_already_shared":true,"jetpack_social_options":{"image_generator_settings":{"template":"highway","default_image_id":0,"font":"","enabled":false},"version":2}},"categories":[15],"tags":[],"class_list":["post-65397","post","type-post","status-publish","format-standard","has-post-thumbnail","hentry","category-policia"],"acf":[],"jetpack_publicize_connections":[],"jetpack_featured_media_url":"https:\/\/i0.wp.com\/blogdoeloiltoncajuhy.com.br\/site\/wp-content\/uploads\/2022\/05\/MG_Isabel-de-Aguilar.webp?fit=984%2C553&ssl=1","jetpack_sharing_enabled":true,"publishpress_future_workflow_manual_trigger":{"enabledWorkflows":[]},"_links":{"self":[{"href":"https:\/\/blogdoeloiltoncajuhy.com.br\/site\/wp-json\/wp\/v2\/posts\/65397","targetHints":{"allow":["GET"]}}],"collection":[{"href":"https:\/\/blogdoeloiltoncajuhy.com.br\/site\/wp-json\/wp\/v2\/posts"}],"about":[{"href":"https:\/\/blogdoeloiltoncajuhy.com.br\/site\/wp-json\/wp\/v2\/types\/post"}],"author":[{"embeddable":true,"href":"https:\/\/blogdoeloiltoncajuhy.com.br\/site\/wp-json\/wp\/v2\/users\/2"}],"replies":[{"embeddable":true,"href":"https:\/\/blogdoeloiltoncajuhy.com.br\/site\/wp-json\/wp\/v2\/comments?post=65397"}],"version-history":[{"count":2,"href":"https:\/\/blogdoeloiltoncajuhy.com.br\/site\/wp-json\/wp\/v2\/posts\/65397\/revisions"}],"predecessor-version":[{"id":65400,"href":"https:\/\/blogdoeloiltoncajuhy.com.br\/site\/wp-json\/wp\/v2\/posts\/65397\/revisions\/65400"}],"wp:featuredmedia":[{"embeddable":true,"href":"https:\/\/blogdoeloiltoncajuhy.com.br\/site\/wp-json\/wp\/v2\/media\/65398"}],"wp:attachment":[{"href":"https:\/\/blogdoeloiltoncajuhy.com.br\/site\/wp-json\/wp\/v2\/media?parent=65397"}],"wp:term":[{"taxonomy":"category","embeddable":true,"href":"https:\/\/blogdoeloiltoncajuhy.com.br\/site\/wp-json\/wp\/v2\/categories?post=65397"},{"taxonomy":"post_tag","embeddable":true,"href":"https:\/\/blogdoeloiltoncajuhy.com.br\/site\/wp-json\/wp\/v2\/tags?post=65397"}],"curies":[{"name":"wp","href":"https:\/\/api.w.org\/{rel}","templated":true}]}}