{"id":65393,"date":"2022-05-29T15:32:36","date_gmt":"2022-05-29T18:32:36","guid":{"rendered":"http:\/\/blogdoeloiltoncajuhy.com.br\/site\/?p=65393"},"modified":"2022-05-29T15:32:37","modified_gmt":"2022-05-29T18:32:37","slug":"penalva-rebate-fala-de-jeronimo-sobre-indices-na-educacao-e-seguranca-da-bahia-e-muito-despreparado-para-assumir-o-governo","status":"publish","type":"post","link":"https:\/\/blogdoeloiltoncajuhy.com.br\/site\/penalva-rebate-fala-de-jeronimo-sobre-indices-na-educacao-e-seguranca-da-bahia-e-muito-despreparado-para-assumir-o-governo\/","title":{"rendered":"Penalva rebate fala de Jer\u00f4nimo sobre \u00edndices na educa\u00e7\u00e3o e seguran\u00e7a da Bahia: \u201c\u00e9 muito despreparado para assumir o governo\u201d"},"content":{"rendered":"\n<figure class=\"wp-block-image aligncenter size-full is-resized\"><a href=\"https:\/\/i0.wp.com\/blogdoeloiltoncajuhy.com.br\/site\/wp-content\/uploads\/2022\/05\/IMG-20220529-WA0039.jpg\"><img data-recalc-dims=\"1\" fetchpriority=\"high\" decoding=\"async\" src=\"https:\/\/i0.wp.com\/blogdoeloiltoncajuhy.com.br\/site\/wp-content\/uploads\/2022\/05\/IMG-20220529-WA0039.jpg?resize=294%2C331\" alt=\"\" class=\"wp-image-65394\" width=\"294\" height=\"331\" srcset=\"https:\/\/i0.wp.com\/blogdoeloiltoncajuhy.com.br\/site\/wp-content\/uploads\/2022\/05\/IMG-20220529-WA0039.jpg?w=828&amp;ssl=1 828w, https:\/\/i0.wp.com\/blogdoeloiltoncajuhy.com.br\/site\/wp-content\/uploads\/2022\/05\/IMG-20220529-WA0039.jpg?resize=267%2C300&amp;ssl=1 267w, https:\/\/i0.wp.com\/blogdoeloiltoncajuhy.com.br\/site\/wp-content\/uploads\/2022\/05\/IMG-20220529-WA0039.jpg?resize=768%2C864&amp;ssl=1 768w\" sizes=\"(max-width: 294px) 100vw, 294px\" \/><\/a><\/figure>\n\n\n\n<p>O vereador e pr\u00e9-candidato a deputado estadual, Emerson Penalva (PDT), rebateu na \u00faltima sexta-feira (27), uma fala do pr\u00e9-candidato ao Governo da Bahia, Jer\u00f4nimo Rodrigues (PT). O petista culpou os baixos \u00edndices na educa\u00e7\u00e3o e seguran\u00e7a p\u00fablica do estado \u00e0s gest\u00f5es anteriores a Rui Costa (PT) e Jaques Wagner (PT).<\/p>\n\n\n\n<p>Mesmo ap\u00f3s quase 16 anos de gest\u00f5es do PT no estado, Jer\u00f4nimo Rodrigues atribui os \u00edndices ruins do estado em educa\u00e7\u00e3o e seguran\u00e7a p\u00fablica a uma \u201cheran\u00e7a\u201d das gest\u00f5es carlistas que antecederam os governos petistas. \u201cOu \u00e9 falta de conhecimento, ou de conte\u00fado pol\u00edtico, ou ent\u00e3o ele mostra que n\u00e3o tem nenhuma condi\u00e7\u00e3o de assumir o Governo do estado\u201d, pontua Penalva sobre a declara\u00e7\u00e3o de Jer\u00f4nimo.<\/p>\n\n\n\n<p>O vereador de Salvador destaca ainda que seguindo a mesma l\u00f3gica do pr\u00e9-candidato petista, \u201co governo Bolsonaro est\u00e1 ruim devido a heran\u00e7a deixada por Lula\u201d. Penalva ainda questiona Jer\u00f4nimo: \u201cOs petistas querem a volta de Lula pois segundo eles Lula conseguiu em 15 anos com o PT, fazer coisas boas pelo Brasil. E esse mesmo grupo em 16 anos \u00e0 frente do Governo da Bahia n\u00e3o conseguiu fazer nada pelo estado?\u201d.<\/p>\n\n\n\n<p>Penalva reitera que se Lula conseguiu resolver certos problemas no pa\u00eds em 15 anos como os governos de Rui Costa e Jaques Wagner, n\u00e3o conseguiram sanar os baixos \u00edndices na educa\u00e7\u00e3o e seguran\u00e7a p\u00fablica na Bahia, para ele, s\u00f3 h\u00e1 uma resposta: \u201cIsso s\u00f3 comprova a incompet\u00eancia do PT, s\u00f3 quem tem compet\u00eancia no partido, \u00e9 Lula\u201d, concluiu.<\/p>\n","protected":false},"excerpt":{"rendered":"<p>O vereador e pr\u00e9-candidato a deputado estadual, Emerson Penalva (PDT), rebateu na \u00faltima sexta-feira (27), uma fala do pr\u00e9-candidato ao Governo da Bahia, Jer\u00f4nimo Rodrigues (PT). O petista culpou os baixos \u00edndices na educa\u00e7\u00e3o e seguran\u00e7a p\u00fablica do estado \u00e0s gest\u00f5es anteriores a Rui Costa (PT) e Jaques Wagner (PT). Mesmo ap\u00f3s quase 16 anos [&hellip;]<\/p>\n","protected":false},"author":2,"featured_media":65394,"comment_status":"open","ping_status":"open","sticky":false,"template":"","format":"standard","meta":{"_acf_changed":false,"_monsterinsights_skip_tracking":false,"_monsterinsights_sitenote_active":false,"_monsterinsights_sitenote_note":"","_monsterinsights_sitenote_category":0,"_jetpack_memberships_contains_paid_content":false,"footnotes":"","jetpack_publicize_message":"","jetpack_publicize_feature_enabled":true,"jetpack_social_post_already_shared":true,"jetpack_social_options":{"image_generator_settings":{"template":"highway","default_image_id":0,"font":"","enabled":false},"version":2}},"categories":[3],"tags":[],"class_list":["post-65393","post","type-post","status-publish","format-standard","has-post-thumbnail","hentry","category-politica"],"acf":[],"jetpack_publicize_connections":[],"jetpack_featured_media_url":"https:\/\/i0.wp.com\/blogdoeloiltoncajuhy.com.br\/site\/wp-content\/uploads\/2022\/05\/IMG-20220529-WA0039.jpg?fit=828%2C932&ssl=1","jetpack_sharing_enabled":true,"publishpress_future_workflow_manual_trigger":{"enabledWorkflows":[]},"_links":{"self":[{"href":"https:\/\/blogdoeloiltoncajuhy.com.br\/site\/wp-json\/wp\/v2\/posts\/65393","targetHints":{"allow":["GET"]}}],"collection":[{"href":"https:\/\/blogdoeloiltoncajuhy.com.br\/site\/wp-json\/wp\/v2\/posts"}],"about":[{"href":"https:\/\/blogdoeloiltoncajuhy.com.br\/site\/wp-json\/wp\/v2\/types\/post"}],"author":[{"embeddable":true,"href":"https:\/\/blogdoeloiltoncajuhy.com.br\/site\/wp-json\/wp\/v2\/users\/2"}],"replies":[{"embeddable":true,"href":"https:\/\/blogdoeloiltoncajuhy.com.br\/site\/wp-json\/wp\/v2\/comments?post=65393"}],"version-history":[{"count":2,"href":"https:\/\/blogdoeloiltoncajuhy.com.br\/site\/wp-json\/wp\/v2\/posts\/65393\/revisions"}],"predecessor-version":[{"id":65396,"href":"https:\/\/blogdoeloiltoncajuhy.com.br\/site\/wp-json\/wp\/v2\/posts\/65393\/revisions\/65396"}],"wp:featuredmedia":[{"embeddable":true,"href":"https:\/\/blogdoeloiltoncajuhy.com.br\/site\/wp-json\/wp\/v2\/media\/65394"}],"wp:attachment":[{"href":"https:\/\/blogdoeloiltoncajuhy.com.br\/site\/wp-json\/wp\/v2\/media?parent=65393"}],"wp:term":[{"taxonomy":"category","embeddable":true,"href":"https:\/\/blogdoeloiltoncajuhy.com.br\/site\/wp-json\/wp\/v2\/categories?post=65393"},{"taxonomy":"post_tag","embeddable":true,"href":"https:\/\/blogdoeloiltoncajuhy.com.br\/site\/wp-json\/wp\/v2\/tags?post=65393"}],"curies":[{"name":"wp","href":"https:\/\/api.w.org\/{rel}","templated":true}]}}