{"id":65379,"date":"2022-05-27T22:25:14","date_gmt":"2022-05-28T01:25:14","guid":{"rendered":"http:\/\/blogdoeloiltoncajuhy.com.br\/site\/?p=65379"},"modified":"2022-05-27T23:08:43","modified_gmt":"2022-05-28T02:08:43","slug":"adolescente-de-14-anos-e-morta-a-tiros-no-brisas-do-monte-em-bonfim","status":"publish","type":"post","link":"https:\/\/blogdoeloiltoncajuhy.com.br\/site\/adolescente-de-14-anos-e-morta-a-tiros-no-brisas-do-monte-em-bonfim\/","title":{"rendered":"Adolescente de 14 anos \u00e9 morta a tiros no Brisas do Monte em Bonfim"},"content":{"rendered":"\n<figure class=\"wp-block-image aligncenter size-full\"><a href=\"https:\/\/i0.wp.com\/blogdoeloiltoncajuhy.com.br\/site\/wp-content\/uploads\/2018\/11\/assalto_2018.jpg\"><img data-recalc-dims=\"1\" fetchpriority=\"high\" decoding=\"async\" width=\"800\" height=\"442\" src=\"https:\/\/i0.wp.com\/blogdoeloiltoncajuhy.com.br\/site\/wp-content\/uploads\/2018\/11\/assalto_2018.jpg?resize=800%2C442\" alt=\"\" class=\"wp-image-29277\" srcset=\"https:\/\/i0.wp.com\/blogdoeloiltoncajuhy.com.br\/site\/wp-content\/uploads\/2018\/11\/assalto_2018.jpg?w=961&amp;ssl=1 961w, https:\/\/i0.wp.com\/blogdoeloiltoncajuhy.com.br\/site\/wp-content\/uploads\/2018\/11\/assalto_2018.jpg?resize=300%2C166&amp;ssl=1 300w, https:\/\/i0.wp.com\/blogdoeloiltoncajuhy.com.br\/site\/wp-content\/uploads\/2018\/11\/assalto_2018.jpg?resize=768%2C424&amp;ssl=1 768w, https:\/\/i0.wp.com\/blogdoeloiltoncajuhy.com.br\/site\/wp-content\/uploads\/2018\/11\/assalto_2018.jpg?resize=250%2C138&amp;ssl=1 250w\" sizes=\"(max-width: 800px) 100vw, 800px\" \/><\/a><\/figure>\n\n\n\n<p>A Pol\u00edcia Militar de Senhor do Bonfim acaba de registrar mais um homic\u00eddio em nossa cidade. Desta vez, a v\u00edtima \u00e9 uma adolescente de 14 anos, identificada pela pol\u00edcia como Stefany da Silva Alves, que morava no Brisas do Monte. O crime ocorreu por volta das 21h.<\/p>\n\n\n\n<p>De acordo com informa\u00e7\u00f5es obtidas pela PM no local, dois homens armados ainda n\u00e3o identificados, executaram a v\u00edtima com v\u00e1rios tiros. Populares ouviram os disparos e chamaram a pol\u00edcia.<\/p>\n\n\n\n<p>Segundo informa\u00e7\u00f5es obtidas pelo Blog, Stefane pode ter sido morta por.engano. Uma irm\u00e3 dela seria o alvo dos criminosos.<\/p>\n\n\n\n<p>A PM acionou o Servi\u00e7o de Atendimento M\u00f3vel de Urg\u00eancia &#8211; Samu, e em seguida o Departamento de Pol\u00edcia T\u00e9cnica.<\/p>\n\n\n\n<p>Autoria e motiva\u00e7\u00e3o do crime ainda s\u00e3o desconhecidas. At\u00e9 a produ\u00e7\u00e3o desta mat\u00e9ria, ningu\u00e9m havia sido preso.<\/p>\n","protected":false},"excerpt":{"rendered":"<p>A Pol\u00edcia Militar de Senhor do Bonfim acaba de registrar mais um homic\u00eddio em nossa cidade. Desta vez, a v\u00edtima \u00e9 uma adolescente de 14 anos, identificada pela pol\u00edcia como Stefany da Silva Alves, que morava no Brisas do Monte. O crime ocorreu por volta das 21h. De acordo com informa\u00e7\u00f5es obtidas pela PM no [&hellip;]<\/p>\n","protected":false},"author":2,"featured_media":54323,"comment_status":"open","ping_status":"open","sticky":false,"template":"","format":"standard","meta":{"_acf_changed":false,"_monsterinsights_skip_tracking":false,"_monsterinsights_sitenote_active":false,"_monsterinsights_sitenote_note":"","_monsterinsights_sitenote_category":0,"_jetpack_memberships_contains_paid_content":false,"footnotes":"","jetpack_publicize_message":"","jetpack_publicize_feature_enabled":true,"jetpack_social_post_already_shared":true,"jetpack_social_options":{"image_generator_settings":{"template":"highway","default_image_id":0,"font":"","enabled":false},"version":2}},"categories":[15],"tags":[],"class_list":["post-65379","post","type-post","status-publish","format-standard","has-post-thumbnail","hentry","category-policia"],"acf":[],"jetpack_publicize_connections":[],"jetpack_featured_media_url":"https:\/\/i0.wp.com\/blogdoeloiltoncajuhy.com.br\/site\/wp-content\/uploads\/2021\/02\/Policia-Noticia-Sirene.jpeg?fit=599%2C311&ssl=1","jetpack_sharing_enabled":true,"publishpress_future_workflow_manual_trigger":{"enabledWorkflows":[]},"_links":{"self":[{"href":"https:\/\/blogdoeloiltoncajuhy.com.br\/site\/wp-json\/wp\/v2\/posts\/65379","targetHints":{"allow":["GET"]}}],"collection":[{"href":"https:\/\/blogdoeloiltoncajuhy.com.br\/site\/wp-json\/wp\/v2\/posts"}],"about":[{"href":"https:\/\/blogdoeloiltoncajuhy.com.br\/site\/wp-json\/wp\/v2\/types\/post"}],"author":[{"embeddable":true,"href":"https:\/\/blogdoeloiltoncajuhy.com.br\/site\/wp-json\/wp\/v2\/users\/2"}],"replies":[{"embeddable":true,"href":"https:\/\/blogdoeloiltoncajuhy.com.br\/site\/wp-json\/wp\/v2\/comments?post=65379"}],"version-history":[{"count":3,"href":"https:\/\/blogdoeloiltoncajuhy.com.br\/site\/wp-json\/wp\/v2\/posts\/65379\/revisions"}],"predecessor-version":[{"id":65383,"href":"https:\/\/blogdoeloiltoncajuhy.com.br\/site\/wp-json\/wp\/v2\/posts\/65379\/revisions\/65383"}],"wp:featuredmedia":[{"embeddable":true,"href":"https:\/\/blogdoeloiltoncajuhy.com.br\/site\/wp-json\/wp\/v2\/media\/54323"}],"wp:attachment":[{"href":"https:\/\/blogdoeloiltoncajuhy.com.br\/site\/wp-json\/wp\/v2\/media?parent=65379"}],"wp:term":[{"taxonomy":"category","embeddable":true,"href":"https:\/\/blogdoeloiltoncajuhy.com.br\/site\/wp-json\/wp\/v2\/categories?post=65379"},{"taxonomy":"post_tag","embeddable":true,"href":"https:\/\/blogdoeloiltoncajuhy.com.br\/site\/wp-json\/wp\/v2\/tags?post=65379"}],"curies":[{"name":"wp","href":"https:\/\/api.w.org\/{rel}","templated":true}]}}