{"id":65367,"date":"2022-05-27T08:57:41","date_gmt":"2022-05-27T11:57:41","guid":{"rendered":"http:\/\/blogdoeloiltoncajuhy.com.br\/site\/?p=65367"},"modified":"2022-05-27T08:57:43","modified_gmt":"2022-05-27T11:57:43","slug":"ecad-homenageia-ivete-sangalo-que-faz-50-anos","status":"publish","type":"post","link":"https:\/\/blogdoeloiltoncajuhy.com.br\/site\/ecad-homenageia-ivete-sangalo-que-faz-50-anos\/","title":{"rendered":"Ecad homenageia Ivete Sangalo, que faz 50 anos"},"content":{"rendered":"\n<figure class=\"wp-block-image aligncenter size-full\"><a href=\"https:\/\/i0.wp.com\/blogdoeloiltoncajuhy.com.br\/site\/wp-content\/uploads\/2022\/05\/ivetesangaloinstagram.png\"><img data-recalc-dims=\"1\" fetchpriority=\"high\" decoding=\"async\" width=\"550\" height=\"590\" src=\"https:\/\/i0.wp.com\/blogdoeloiltoncajuhy.com.br\/site\/wp-content\/uploads\/2022\/05\/ivetesangaloinstagram.png?resize=550%2C590\" alt=\"\" class=\"wp-image-65368\" srcset=\"https:\/\/i0.wp.com\/blogdoeloiltoncajuhy.com.br\/site\/wp-content\/uploads\/2022\/05\/ivetesangaloinstagram.png?w=550&amp;ssl=1 550w, https:\/\/i0.wp.com\/blogdoeloiltoncajuhy.com.br\/site\/wp-content\/uploads\/2022\/05\/ivetesangaloinstagram.png?resize=280%2C300&amp;ssl=1 280w\" sizes=\"(max-width: 550px) 100vw, 550px\" \/><\/a><\/figure>\n\n\n\n<p>A baiana Ivete Sangalo \u00e9 cantora, compositora, instrumentista, produtora, atriz e apresentadora. Com uma carreira solo de mais de 20 anos \u2014 ap\u00f3s v\u00e1rios anos tocando na noite de Salvador e um per\u00edodo como vocalista da banda Eva \u2013, a artista completa 50 anos de idade nesta sexta-feira, dia 27. Ao longo de tantos anos, foram in\u00fameros os sucessos da cantora e, para aproveitar a data, o Ecad (Escrit\u00f3rio Central de Arrecada\u00e7\u00e3o e Distribui\u00e7\u00e3o) fez um levantamento especial que indicou as suas m\u00fasicas mais tocadas no Brasil nos \u00faltimos cinco anos e as mais gravadas por outros int\u00e9rpretes.<\/p>\n\n\n\n<p>O estudo apontou que a can\u00e7\u00e3o de autoria de Ivete que os brasileiros mais ouviram entre 2017 e 2021 foi \u201cCheguei Pra te Amar\u201d, com participa\u00e7\u00e3o de MC Livinho (esta, lan\u00e7ada em 2017), seguida por \u201cCarro Velho\u201d (de sua antiga banda) e \u201c\u00c0 Vontade\u201d (gravada em parceria com Wesley Safad\u00e3o, em 2017), que formaram o top 3. Outra curiosidade foi que \u201cCarro Velho\u201d, presente no \u00e1lbum \u201cEva, Voc\u00ea e Eu\u201d, lan\u00e7ado em 1998 pela banda Eva, foi a m\u00fasica de autoria da cantora mais gravada at\u00e9 hoje. Com 93 can\u00e7\u00f5es e 1.188 grava\u00e7\u00f5es cadastradas no banco de dados do Ecad, Ivete teve mais de 70% de seus rendimentos em direitos autorais nos \u00faltimos cinco anos provenientes dos segmentos de R\u00e1dio, TVs e Carnaval.<\/p>\n\n\n\n<p>Em tempo: nesta sexta-feira, a artista retorna \u00e0 sua terra natal, Juazeiro, para apresenta\u00e7\u00e3o especial, comemorativa aos seus 50 anos. O evento gratuito faz parte da turn\u00ea \u201cTudo Colorido\u201d e ser\u00e1 transmitido pela TV Globo e Multishow, a partir das 22h30. \u201cVou estar na minha terra natal, cidade onde eu nasci, onde vivi com meus pais a minha inf\u00e2ncia, a minha adolesc\u00eancia e tantas mem\u00f3rias lindas. E poder compartilhar isso com tanta gente, ao vivo e pela TV, vai ser muito especial\u201d, disse ela.<\/p>\n\n\n\n<p>Ao longo da sua trajet\u00f3ria, Ivete Sangalo vendeu (no formato f\u00edsico) mais de 18 milh\u00f5es de c\u00f3pias, e recebeu mais de 150 pr\u00eamios, alguns internacionais, como o GRAMMY Latino e Shorty Awards.<\/p>\n\n\n\n<p class=\"has-black-color has-text-color\"><strong>Ranking das m\u00fasicas de autoria de Ivete Sangalo mais tocadas nos \u00faltimos cinco anos nos principais segmentos de execu\u00e7\u00e3o p\u00fablica (R\u00e1dio, Casas de Festas e Divers\u00e3o, M\u00fasica ao Vivo, Festa Junina, Sonoriza\u00e7\u00e3o Ambiental, Show, Carnaval)<\/strong><\/p>\n\n\n\n<p>1 \u2013 Cheguei pra te amar \u2013 Ivete Sangalo \/ Ramon Cruz<\/p>\n\n\n\n<figure class=\"wp-block-embed aligncenter is-type-video is-provider-youtube wp-block-embed-youtube wp-embed-aspect-16-9 wp-has-aspect-ratio\"><div class=\"wp-block-embed__wrapper\">\n<iframe title=\"Ivete Sangalo - Cheguei Pra Te Amar ft. MC Livinho\" width=\"800\" height=\"450\" src=\"https:\/\/www.youtube.com\/embed\/Yb2GwmmLgtw?feature=oembed\" frameborder=\"0\" allow=\"accelerometer; autoplay; clipboard-write; encrypted-media; gyroscope; picture-in-picture\" allowfullscreen><\/iframe>\n<\/div><\/figure>\n\n\n\n<p>2 \u2013 Carro velho \u2013 Ivete Sangalo \/ Ninha Brito<\/p>\n\n\n\n<p>3 \u2013 \u00c0 vontade \u2013 Gigi Cerqueira \/ Ivete Sangalo \/ Radam\u00e9s Ven\u00e2ncio<\/p>\n\n\n\n<p>4 \u2013 Flor do reggae \u2013 Gigi Cerqueira \/ Ivete Sangalo \/ F\u00e1bio O\u2019brian<\/p>\n\n\n\n<p>5 \u2013 Um sinal \u2013 Ivete Sangalo \/ Ramon Cruz<\/p>\n\n\n\n<p>6 \u2013 Mais e mais \u2013 Ivete Sangalo \/ Duani<\/p>\n\n\n\n<p>7 \u2013 Canibal \u2013 Ivete Sangalo \/ Paulo Massadas \/ Miguel \/ Michael Sullivan<\/p>\n\n\n\n<p>8 \u2013 Teleguiado \u2013 Gigi Cerqueira \/ Ivete Sangalo \/ Dan Kambaiah \/ Magno Santanna<\/p>\n\n\n\n<p>9 \u2013 N\u00e3o me conte seus problemas \u2013 Ivete Sangalo \/ Camila San Galo<\/p>\n\n\n\n<p>10 \u2013 O mundo vai \u2013 Samir Trindade \/ Gigi Cerqueira \/ Ivete Sangalo \/ Tierry \/ Radam\u00e9s Ven\u00e2ncio \/ Ramon Cruz<\/p>\n\n\n\n<p class=\"has-black-color has-text-color\"><strong>M\u00fasicas mais gravadas por outros int\u00e9rpretes de autoria de Ivete Sangalo<\/strong><\/p>\n\n\n\n<p>1 \u2013 Carro velho \u2013 Ivete Sangalo \/ Ninha Brito<\/p>\n\n\n\n<figure class=\"wp-block-embed aligncenter is-type-video is-provider-youtube wp-block-embed-youtube wp-embed-aspect-4-3 wp-has-aspect-ratio\"><div class=\"wp-block-embed__wrapper\">\n<iframe title=\"Banda Eva - Carro Velho\" width=\"800\" height=\"600\" src=\"https:\/\/www.youtube.com\/embed\/FWQ-ZEWHndc?feature=oembed\" frameborder=\"0\" allow=\"accelerometer; autoplay; clipboard-write; encrypted-media; gyroscope; picture-in-picture\" allowfullscreen><\/iframe>\n<\/div><\/figure>\n\n\n\n<p>2 \u2013 Canibal \u2013 Ivete Sangalo \/ Paulo Massadas \/ Miguel \/ Michael Sullivan<\/p>\n\n\n\n<p>3 \u2013 N\u00e3o me conte seus problemas \u2013 Ivete Sangalo \/ Camila San Galo<\/p>\n\n\n\n<p>3 \u2013 Agora eu j\u00e1 sei \u2013 Gigi Cerqueira \/ Ivete Sangalo<\/p>\n\n\n\n<p>4 \u2013 Flor do reggae \u2013 Gigi Cerqueira \/ Ivete Sangalo \/ Fabio O\u2019brian<\/p>\n\n\n\n<p>5 \u2013 Completo \u2013 Gigi Cerqueira \/ Ivete Sangalo<\/p>\n\n\n\n<p>5 \u2013 O melhor pra mim \u2013 Mu Carvalho \/ Dudu Falc\u00e3o \/ Ivete Sangalo<\/p>\n","protected":false},"excerpt":{"rendered":"<p>A baiana Ivete Sangalo \u00e9 cantora, compositora, instrumentista, produtora, atriz e apresentadora. Com uma carreira solo de mais de 20 anos \u2014 ap\u00f3s v\u00e1rios anos tocando na noite de Salvador e um per\u00edodo como vocalista da banda Eva \u2013, a artista completa 50 anos de idade nesta sexta-feira, dia 27. Ao longo de tantos anos, [&hellip;]<\/p>\n","protected":false},"author":2,"featured_media":21194,"comment_status":"open","ping_status":"open","sticky":false,"template":"","format":"standard","meta":{"_acf_changed":false,"_monsterinsights_skip_tracking":false,"_monsterinsights_sitenote_active":false,"_monsterinsights_sitenote_note":"","_monsterinsights_sitenote_category":0,"_jetpack_memberships_contains_paid_content":false,"footnotes":"","jetpack_publicize_message":"","jetpack_publicize_feature_enabled":true,"jetpack_social_post_already_shared":true,"jetpack_social_options":{"image_generator_settings":{"template":"highway","default_image_id":0,"font":"","enabled":false},"version":2}},"categories":[8],"tags":[],"class_list":["post-65367","post","type-post","status-publish","format-standard","has-post-thumbnail","hentry","category-cultura"],"acf":[],"jetpack_publicize_connections":[],"jetpack_featured_media_url":"https:\/\/i0.wp.com\/blogdoeloiltoncajuhy.com.br\/site\/wp-content\/uploads\/2017\/11\/ivete_refr%C3%A3o-festa.jpg?fit=550%2C321&ssl=1","jetpack_sharing_enabled":true,"publishpress_future_workflow_manual_trigger":{"enabledWorkflows":[]},"_links":{"self":[{"href":"https:\/\/blogdoeloiltoncajuhy.com.br\/site\/wp-json\/wp\/v2\/posts\/65367","targetHints":{"allow":["GET"]}}],"collection":[{"href":"https:\/\/blogdoeloiltoncajuhy.com.br\/site\/wp-json\/wp\/v2\/posts"}],"about":[{"href":"https:\/\/blogdoeloiltoncajuhy.com.br\/site\/wp-json\/wp\/v2\/types\/post"}],"author":[{"embeddable":true,"href":"https:\/\/blogdoeloiltoncajuhy.com.br\/site\/wp-json\/wp\/v2\/users\/2"}],"replies":[{"embeddable":true,"href":"https:\/\/blogdoeloiltoncajuhy.com.br\/site\/wp-json\/wp\/v2\/comments?post=65367"}],"version-history":[{"count":2,"href":"https:\/\/blogdoeloiltoncajuhy.com.br\/site\/wp-json\/wp\/v2\/posts\/65367\/revisions"}],"predecessor-version":[{"id":65370,"href":"https:\/\/blogdoeloiltoncajuhy.com.br\/site\/wp-json\/wp\/v2\/posts\/65367\/revisions\/65370"}],"wp:featuredmedia":[{"embeddable":true,"href":"https:\/\/blogdoeloiltoncajuhy.com.br\/site\/wp-json\/wp\/v2\/media\/21194"}],"wp:attachment":[{"href":"https:\/\/blogdoeloiltoncajuhy.com.br\/site\/wp-json\/wp\/v2\/media?parent=65367"}],"wp:term":[{"taxonomy":"category","embeddable":true,"href":"https:\/\/blogdoeloiltoncajuhy.com.br\/site\/wp-json\/wp\/v2\/categories?post=65367"},{"taxonomy":"post_tag","embeddable":true,"href":"https:\/\/blogdoeloiltoncajuhy.com.br\/site\/wp-json\/wp\/v2\/tags?post=65367"}],"curies":[{"name":"wp","href":"https:\/\/api.w.org\/{rel}","templated":true}]}}