{"id":65358,"date":"2022-05-27T08:11:55","date_gmt":"2022-05-27T11:11:55","guid":{"rendered":"http:\/\/blogdoeloiltoncajuhy.com.br\/site\/?p=65358"},"modified":"2022-05-27T08:11:56","modified_gmt":"2022-05-27T11:11:56","slug":"frio-intenso-pode-potencializar-as-doencas-vasculares","status":"publish","type":"post","link":"https:\/\/blogdoeloiltoncajuhy.com.br\/site\/frio-intenso-pode-potencializar-as-doencas-vasculares\/","title":{"rendered":"Frio intenso pode potencializar as doen\u00e7as vasculares"},"content":{"rendered":"\n<p class=\"has-text-align-center has-medium-font-size\"><em>Perigo de infarto agudo do mioc\u00e1rdio e de acidente vascular cerebral pode aumentar no inverno. Pacientes com doen\u00e7as cr\u00f4nicas e pessoas com mais de 65 anos formam o grupo de maior risco<\/em><\/p>\n\n\n\n<figure class=\"wp-block-image aligncenter size-large\"><a href=\"https:\/\/i0.wp.com\/blogdoeloiltoncajuhy.com.br\/site\/wp-content\/uploads\/2022\/05\/Inverno.jpg\"><img data-recalc-dims=\"1\" fetchpriority=\"high\" decoding=\"async\" width=\"800\" height=\"533\" src=\"https:\/\/i0.wp.com\/blogdoeloiltoncajuhy.com.br\/site\/wp-content\/uploads\/2022\/05\/Inverno.jpg?resize=800%2C533\" alt=\"\" class=\"wp-image-65359\" srcset=\"https:\/\/i0.wp.com\/blogdoeloiltoncajuhy.com.br\/site\/wp-content\/uploads\/2022\/05\/Inverno.jpg?resize=1024%2C682&amp;ssl=1 1024w, https:\/\/i0.wp.com\/blogdoeloiltoncajuhy.com.br\/site\/wp-content\/uploads\/2022\/05\/Inverno.jpg?resize=300%2C200&amp;ssl=1 300w, https:\/\/i0.wp.com\/blogdoeloiltoncajuhy.com.br\/site\/wp-content\/uploads\/2022\/05\/Inverno.jpg?resize=768%2C512&amp;ssl=1 768w, https:\/\/i0.wp.com\/blogdoeloiltoncajuhy.com.br\/site\/wp-content\/uploads\/2022\/05\/Inverno.jpg?w=1280&amp;ssl=1 1280w\" sizes=\"(max-width: 800px) 100vw, 800px\" \/><\/a><\/figure>\n\n\n\n<p>Durante o inverno, quando as temperaturas m\u00e9dias ficam abaixo de 14\u00b0C, uma s\u00e9rie de doen\u00e7as cardiovasculares tem incid\u00eancias maiores. A cada diminui\u00e7\u00e3o de 10\u00b0C o perigo de infarto agudo do mioc\u00e1rdio aumenta em 7% e, como consequ\u00eancia, as mortes por esta causa sobem em at\u00e9 30%. Da mesma forma, o acidente vascular cerebral, ou derrame cerebral, tem um crescimento em sua ocorr\u00eancia. Pacientes com doen\u00e7as cr\u00f4nicas, com predisposi\u00e7\u00e3o a problemas card\u00edacos, e pessoas com mais de 65 anos formam o grupo de maior risco.<\/p>\n\n\n\n<p>Nos idosos em especial, que apresentam doen\u00e7a obstrutiva cr\u00f4nica nas art\u00e9rias dos membros inferiores, a vasoconstri\u00e7\u00e3o perif\u00e9rica estimulada pelo frio diminui o fluxo arterial, o que leva \u00e0 baixa da irriga\u00e7\u00e3o das extremidades (isquemia), que pode at\u00e9 levar ao aparecimento de necrose e gangrena nos casos mais graves.<\/p>\n\n\n\n<p>O cirurgi\u00e3o vascular e membro do Conselho Superior da Sociedade Brasileira de Angiologia e de Cirurgia Vascular \u2013 Regional S\u00e3o Paulo (SBACV-SP), Dr. Calogero Presti, explica que a doen\u00e7a arterial obstrutiva perif\u00e9rica pode se agravar com as baixas temperaturas, al\u00e9m disso, pacientes portadores de microangiopatia diab\u00e9tica, oclus\u00e3o de art\u00e9rias de pequeno calibre (arter\u00edolas e capilares) e indiv\u00edduos portadores de doen\u00e7a arterial inflamat\u00f3ria (arterites) precisam se proteger rigorosamente do contato com o frio.<\/p>\n\n\n\n<p>Ainda de acordo com o especialista, as pessoas que possuem diabetes de evolu\u00e7\u00e3o mais longa t\u00eam uma menor perfus\u00e3o das extremidades, e quando s\u00e3o submetidas ao frio intenso a isquemia piora e h\u00e1 um limiar para o desencadeamento de tromboses arteriais e necrose das extremidades.<\/p>\n\n\n\n<p>Outra causa de mecanismo n\u00e3o bem conhecida \u00e9 a perniose. \u201cExistem pessoas que apresentam extrema sensibilidade ao frio e desenvolvem quadros denominados de eritema p\u00e9rnio (ou perniose). Caracteriza-se pelo aparecimento de altera\u00e7\u00f5es cut\u00e2neas, com manchas ou n\u00f3dulos na pele de colora\u00e7\u00e3o vermelha (eritema), e nos casos mais severos surgem ves\u00edculas, bolhas e ulcera\u00e7\u00f5es. Os dedos das m\u00e3os e p\u00e9s s\u00e3o as \u00e1reas mais afetadas em geral, de maneira sim\u00e9trica e com menos frequ\u00eancia esse fen\u00f4meno acomete a ponta do nariz e das orelhas. O eritema p\u00e9rnio pode ser secund\u00e1rio \u00e0 presen\u00e7a de doen\u00e7as sist\u00eamicas, como dist\u00farbios hematol\u00f3gicos (do sangue), hepatites virais, doen\u00e7as autoimunes e malignas\u201d, esclarece o m\u00e9dico.<\/p>\n\n\n\n<p class=\"has-black-color has-text-color has-medium-font-size\"><strong>Fen\u00f4meno de Raynaud<\/strong><\/p>\n\n\n\n<p>O fen\u00f4meno de Raynaud \u00e9 outro exemplo de manifesta\u00e7\u00e3o funcional da microcircula\u00e7\u00e3o desencadeada pelo estresse e pelo frio. As extremidades, m\u00e3os e p\u00e9s em contato com o frio desencadeiam um fen\u00f4meno trif\u00e1sico inicialmente com intensa vasoconstri\u00e7\u00e3o e palidez dos dedos, e ap\u00f3s algum tempo (segundos ou minutos) os dedos tornam-se azulados (cian\u00f3ticos) devido \u00e0 falta de oxig\u00eanio e ac\u00famulo de g\u00e1s carb\u00f4nico no sangue da extremidade.<\/p>\n\n\n\n<p>Numa terceira fase, as arter\u00edolas e capilares voltam a se abrir devido a uma vasodilata\u00e7\u00e3o compensat\u00f3ria (hiperemia reativa) e as extremidades (m\u00e3os e p\u00e9s) apresentam intenso rubor (colora\u00e7\u00e3o vermelha). Esse fen\u00f4meno em geral \u00e9 benigno. \u201cO paciente que tem fen\u00f4meno de Raynaud deve procurar o m\u00e9dico para investigar a presen\u00e7a de poss\u00edvel doen\u00e7a autoimune ou reumatol\u00f3gica em curso, ou de uma prov\u00e1vel manifesta\u00e7\u00e3o futura\u201d, esclarece Dr. Calogero.<\/p>\n\n\n\n<p>Outra altera\u00e7\u00e3o microcirculat\u00f3ria funcional que ocorre em jovens \u00e9 a acrocianose. Caracteriza-se pelo arroxeamento das extremidades, dedos das m\u00e3os e p\u00e9s, e tamb\u00e9m \u00e9 agravada pelo frio ou pelo estresse. Em casos raros e de extrema intensidade podem ocorrer pequenas necroses das polpas digitais.<\/p>\n\n\n\n<p class=\"has-black-color has-text-color has-medium-font-size\"><strong>Cuidados com a sa\u00fade no inverno<\/strong><\/p>\n\n\n\n<p>Para se proteger do frio, Dr. Calogero d\u00e1 algumas dicas, como manter-se bem agasalhado (usar luvas, cachecol, tocas, meias de l\u00e3) e realizar atividade f\u00edsica habitual. \u00c9 aconselh\u00e1vel fazer exames de rotina para acompanhar n\u00edveis de colesterol no sangue e controle da press\u00e3o sangu\u00ednea, ter uma dieta saud\u00e1vel, beber bastante \u00e1gua, evitar fumar e n\u00e3o ingerir quantidades excessivas de \u00e1lcool (pois isso tamb\u00e9m eleva o risco de hipertens\u00e3o arterial, infarto do mioc\u00e1rdio e derrame cerebral). Vacinar-se contra a gripe no outono, em especial os idosos, reduz o risco de infarto no inverno.<\/p>\n\n\n\n<p>\u201cAs infec\u00e7\u00f5es respirat\u00f3rias (gripe) produzem um estado inflamat\u00f3rio no organismo que interfere nas placas de ateroma (colesterol na parede arterial) e, com isso, aumenta a chance de desestabiliza\u00e7\u00e3o e ruptura dessas placas de gordura podendo levar \u00e0 obstru\u00e7\u00e3o das art\u00e9rias coron\u00e1rias e, como consequ\u00eancia, ao infarto do mioc\u00e1rdio. Nas art\u00e9rias cerebrais, mesmo fen\u00f4meno de oclus\u00e3o, conduz ao derrame cerebral e nas art\u00e9rias perif\u00e9ricas \u00e0 trombose arterial aguda dos membros inferiores, com risco de gangrena\u201d, pontua o cirurgi\u00e3o vascular.<\/p>\n\n\n\n<p>O presidente da Sociedade Brasileira de Angiologia e de Cirurgia Vascular \u2013 Regional S\u00e3o Paulo, Dr. Fabio Rossi, observa: \u201cA maioria dos portadores de doen\u00e7as vasculares \u00e9 inicialmente assintom\u00e1tica, ou apresenta sintomas leves que podem passar despercebidos, at\u00e9 mesmo por m\u00e9dicos de outras especialidades. O infarto agudo do mioc\u00e1rdio, o acidente vascular cerebral, a trombose venosa profunda e a embolia pulmonar s\u00e3o as principais causas de morte nos pa\u00edses ocidentais. Outras emerg\u00eancias vasculares, como a ruptura e dissec\u00e7\u00e3o de aneurismas, vasculites e as s\u00edndromes vasoesp\u00e1ticas, tamb\u00e9m apresentam incid\u00eancia aumentada no inverno. Na ocorr\u00eancia de sinais e sintomas sugestivos, a procura imediata por um servi\u00e7o de sa\u00fade e a consulta com um especialista vascular s\u00e3o muito importantes para evitar sequelas graves\u201d.<\/p>\n\n\n\n<p>A SBACV-SP tem como miss\u00e3o levar informa\u00e7\u00e3o de qualidade sobre sa\u00fade vascular para toda a popula\u00e7\u00e3o. Para outras informa\u00e7\u00f5es acesse o site e siga as redes sociais da Sociedade (<a href=\"https:\/\/www.facebook.com\/sbacvregionalsp\/\" data-type=\"URL\" data-id=\"https:\/\/www.facebook.com\/sbacvregionalsp\/\" target=\"_blank\" rel=\"noreferrer noopener\">Facebook<\/a> e <a href=\"https:\/\/www.instagram.com\/sbacvsp\/\" data-type=\"URL\" data-id=\"https:\/\/www.instagram.com\/sbacvsp\/\" target=\"_blank\" rel=\"noreferrer noopener\">Instagram<\/a>).<\/p>\n","protected":false},"excerpt":{"rendered":"<p>Perigo de infarto agudo do mioc\u00e1rdio e de acidente vascular cerebral pode aumentar no inverno. Pacientes com doen\u00e7as cr\u00f4nicas e pessoas com mais de 65 anos formam o grupo de maior risco Durante o inverno, quando as temperaturas m\u00e9dias ficam abaixo de 14\u00b0C, uma s\u00e9rie de doen\u00e7as cardiovasculares tem incid\u00eancias maiores. A cada diminui\u00e7\u00e3o de [&hellip;]<\/p>\n","protected":false},"author":2,"featured_media":65359,"comment_status":"open","ping_status":"open","sticky":false,"template":"","format":"standard","meta":{"_acf_changed":false,"_monsterinsights_skip_tracking":false,"_monsterinsights_sitenote_active":false,"_monsterinsights_sitenote_note":"","_monsterinsights_sitenote_category":0,"_jetpack_memberships_contains_paid_content":false,"footnotes":"","jetpack_publicize_message":"","jetpack_publicize_feature_enabled":true,"jetpack_social_post_already_shared":true,"jetpack_social_options":{"image_generator_settings":{"template":"highway","default_image_id":0,"font":"","enabled":false},"version":2}},"categories":[7],"tags":[],"class_list":["post-65358","post","type-post","status-publish","format-standard","has-post-thumbnail","hentry","category-saude"],"acf":[],"jetpack_publicize_connections":[],"jetpack_featured_media_url":"https:\/\/i0.wp.com\/blogdoeloiltoncajuhy.com.br\/site\/wp-content\/uploads\/2022\/05\/Inverno.jpg?fit=1280%2C853&ssl=1","jetpack_sharing_enabled":true,"publishpress_future_workflow_manual_trigger":{"enabledWorkflows":[]},"_links":{"self":[{"href":"https:\/\/blogdoeloiltoncajuhy.com.br\/site\/wp-json\/wp\/v2\/posts\/65358","targetHints":{"allow":["GET"]}}],"collection":[{"href":"https:\/\/blogdoeloiltoncajuhy.com.br\/site\/wp-json\/wp\/v2\/posts"}],"about":[{"href":"https:\/\/blogdoeloiltoncajuhy.com.br\/site\/wp-json\/wp\/v2\/types\/post"}],"author":[{"embeddable":true,"href":"https:\/\/blogdoeloiltoncajuhy.com.br\/site\/wp-json\/wp\/v2\/users\/2"}],"replies":[{"embeddable":true,"href":"https:\/\/blogdoeloiltoncajuhy.com.br\/site\/wp-json\/wp\/v2\/comments?post=65358"}],"version-history":[{"count":2,"href":"https:\/\/blogdoeloiltoncajuhy.com.br\/site\/wp-json\/wp\/v2\/posts\/65358\/revisions"}],"predecessor-version":[{"id":65361,"href":"https:\/\/blogdoeloiltoncajuhy.com.br\/site\/wp-json\/wp\/v2\/posts\/65358\/revisions\/65361"}],"wp:featuredmedia":[{"embeddable":true,"href":"https:\/\/blogdoeloiltoncajuhy.com.br\/site\/wp-json\/wp\/v2\/media\/65359"}],"wp:attachment":[{"href":"https:\/\/blogdoeloiltoncajuhy.com.br\/site\/wp-json\/wp\/v2\/media?parent=65358"}],"wp:term":[{"taxonomy":"category","embeddable":true,"href":"https:\/\/blogdoeloiltoncajuhy.com.br\/site\/wp-json\/wp\/v2\/categories?post=65358"},{"taxonomy":"post_tag","embeddable":true,"href":"https:\/\/blogdoeloiltoncajuhy.com.br\/site\/wp-json\/wp\/v2\/tags?post=65358"}],"curies":[{"name":"wp","href":"https:\/\/api.w.org\/{rel}","templated":true}]}}