{"id":65342,"date":"2022-05-26T18:55:58","date_gmt":"2022-05-26T21:55:58","guid":{"rendered":"http:\/\/blogdoeloiltoncajuhy.com.br\/site\/?p=65342"},"modified":"2022-05-26T19:29:00","modified_gmt":"2022-05-26T22:29:00","slug":"covid-19-bahia-nao-registra-obito-nas-ultimas-24h-pelo-2-dia-consecutivo","status":"publish","type":"post","link":"https:\/\/blogdoeloiltoncajuhy.com.br\/site\/covid-19-bahia-nao-registra-obito-nas-ultimas-24h-pelo-2-dia-consecutivo\/","title":{"rendered":"Covid-19: Bahia n\u00e3o registra \u00f3bito nas \u00faltimas 24h pelo 2\u00b0 dia consecutivo"},"content":{"rendered":"\n<p class=\"has-text-align-center has-medium-font-size\"><em>Sesab divulgou outros dados sobre a doen\u00e7a e 512 casos est\u00e3o ativos no estado.<\/em><\/p>\n\n\n\n<figure class=\"wp-block-image aligncenter size-full is-resized\"><a href=\"https:\/\/i0.wp.com\/blogdoeloiltoncajuhy.com.br\/site\/wp-content\/uploads\/2022\/05\/GOVBA_Sesab-26052022.webp\"><img data-recalc-dims=\"1\" fetchpriority=\"high\" decoding=\"async\" src=\"https:\/\/i0.wp.com\/blogdoeloiltoncajuhy.com.br\/site\/wp-content\/uploads\/2022\/05\/GOVBA_Sesab-26052022.webp?resize=738%2C416\" alt=\"\" class=\"wp-image-65343\" width=\"738\" height=\"416\" srcset=\"https:\/\/i0.wp.com\/blogdoeloiltoncajuhy.com.br\/site\/wp-content\/uploads\/2022\/05\/GOVBA_Sesab-26052022.webp?w=984&amp;ssl=1 984w, https:\/\/i0.wp.com\/blogdoeloiltoncajuhy.com.br\/site\/wp-content\/uploads\/2022\/05\/GOVBA_Sesab-26052022.webp?resize=300%2C169&amp;ssl=1 300w, https:\/\/i0.wp.com\/blogdoeloiltoncajuhy.com.br\/site\/wp-content\/uploads\/2022\/05\/GOVBA_Sesab-26052022.webp?resize=768%2C432&amp;ssl=1 768w\" sizes=\"(max-width: 738px) 100vw, 738px\" \/><\/a><figcaption><sub>Sesab divulgou 512 casos ativos de Covid-19 no estado \u2014 Foto: Divulga\u00e7\u00e3o\/Uefs<\/sub><\/figcaption><\/figure>\n\n\n\n<p>A Bahia n\u00e3o registrou mortes por Covid-19 nas \u00faltimas 24h, pelo segundo dia consecutivo, nesta quinta-feira (26). A informa\u00e7\u00e3o \u00e9 da Secretaria Estadual da Sa\u00fade (Sesab).<\/p>\n\n\n\n<p>Entretanto, o estado possui 512 casos da doen\u00e7a e, nas \u00faltimas 24h, foram registrados 389 casos conhecidos de Covid-19.<\/p>\n\n\n\n<p>A pasta informa que os dados ainda podem sofrer altera\u00e7\u00f5es devido \u00e0 instabilidade do sistema do Minist\u00e9rio da Sa\u00fade.<\/p>\n\n\n\n<p>Dos 1.547.761 casos confirmados desde o in\u00edcio da pandemia, 1.517.327 s\u00e3o considerados recuperados e 29.922 pessoas morreram.<\/p>\n\n\n\n<p>O boletim contabiliza tamb\u00e9m 1.878.088 casos descartados e 334.563 em investiga\u00e7\u00e3o, al\u00e9m de 63.394 profissionais da sa\u00fade foram confirmados para Covid-19.<\/p>\n\n\n\n<p>Os dados representam notifica\u00e7\u00f5es oficiais compiladas pela Diretoria de Vigil\u00e2ncia Epidemiol\u00f3gica em Sa\u00fade da Bahia (Divep-BA), em conjunto com as vigil\u00e2ncias municipais e as bases de dados do Minist\u00e9rio da Sa\u00fade at\u00e9 as 17h desta quinta-feira.<\/p>\n\n\n\n<p>O boletim completo est\u00e1 dispon\u00edvel no site da Sesab e no Business Intelligence.<\/p>\n\n\n\n<p class=\"has-black-color has-text-color has-medium-font-size\"><strong>Vacina\u00e7\u00e3o<\/strong><\/p>\n\n\n\n<p>At\u00e9 o momento a Bahia tem 11.611.600 pessoas vacinadas com a primeira dose, 10.681.791 com a segunda dose ou dose \u00fanica, 5.826.300 com a dose de refor\u00e7o e 192.718 com o segundo refor\u00e7o. Do p\u00fablico de 5 a 11 anos, 933.975 crian\u00e7as j\u00e1 foram imunizadas com a primeira dose e 467.963 j\u00e1 tomaram tamb\u00e9m a segunda dose.<\/p>\n\n\n\n<p class=\"has-black-color has-text-color has-medium-font-size\"><strong>Leitos<\/strong><\/p>\n\n\n\n<p>A Bahia tem 500 leitos ativos para tratamento da Covid-19. Desse total, 81 est\u00e3o com pacientes internados.<\/p>\n\n\n\n<p>Desses leitos, 210 s\u00e3o de UTI adulto e est\u00e3o com taxa de ocupa\u00e7\u00e3o de 15% (32 leitos ocupados).<\/p>\n\n\n\n<p>Nas UTIs pedi\u00e1tricas, 18 das 23 vagas est\u00e3o com pacientes (78% de ocupa\u00e7\u00e3o). Os leitos cl\u00ednicos para adultos est\u00e3o com 7% de ocupa\u00e7\u00e3o e os infantis, com 33%.<\/p>\n","protected":false},"excerpt":{"rendered":"<p>Sesab divulgou outros dados sobre a doen\u00e7a e 512 casos est\u00e3o ativos no estado. A Bahia n\u00e3o registrou mortes por Covid-19 nas \u00faltimas 24h, pelo segundo dia consecutivo, nesta quinta-feira (26). A informa\u00e7\u00e3o \u00e9 da Secretaria Estadual da Sa\u00fade (Sesab). Entretanto, o estado possui 512 casos da doen\u00e7a e, nas \u00faltimas 24h, foram registrados 389 [&hellip;]<\/p>\n","protected":false},"author":2,"featured_media":65343,"comment_status":"open","ping_status":"open","sticky":false,"template":"","format":"standard","meta":{"_acf_changed":false,"_monsterinsights_skip_tracking":false,"_monsterinsights_sitenote_active":false,"_monsterinsights_sitenote_note":"","_monsterinsights_sitenote_category":0,"_jetpack_memberships_contains_paid_content":false,"footnotes":"","jetpack_publicize_message":"","jetpack_publicize_feature_enabled":true,"jetpack_social_post_already_shared":true,"jetpack_social_options":{"image_generator_settings":{"template":"highway","default_image_id":0,"font":"","enabled":false},"version":2}},"categories":[7],"tags":[],"class_list":["post-65342","post","type-post","status-publish","format-standard","has-post-thumbnail","hentry","category-saude"],"acf":[],"jetpack_publicize_connections":[],"jetpack_featured_media_url":"https:\/\/i0.wp.com\/blogdoeloiltoncajuhy.com.br\/site\/wp-content\/uploads\/2022\/05\/GOVBA_Sesab-26052022.webp?fit=984%2C554&ssl=1","jetpack_sharing_enabled":true,"publishpress_future_workflow_manual_trigger":{"enabledWorkflows":[]},"_links":{"self":[{"href":"https:\/\/blogdoeloiltoncajuhy.com.br\/site\/wp-json\/wp\/v2\/posts\/65342","targetHints":{"allow":["GET"]}}],"collection":[{"href":"https:\/\/blogdoeloiltoncajuhy.com.br\/site\/wp-json\/wp\/v2\/posts"}],"about":[{"href":"https:\/\/blogdoeloiltoncajuhy.com.br\/site\/wp-json\/wp\/v2\/types\/post"}],"author":[{"embeddable":true,"href":"https:\/\/blogdoeloiltoncajuhy.com.br\/site\/wp-json\/wp\/v2\/users\/2"}],"replies":[{"embeddable":true,"href":"https:\/\/blogdoeloiltoncajuhy.com.br\/site\/wp-json\/wp\/v2\/comments?post=65342"}],"version-history":[{"count":2,"href":"https:\/\/blogdoeloiltoncajuhy.com.br\/site\/wp-json\/wp\/v2\/posts\/65342\/revisions"}],"predecessor-version":[{"id":65349,"href":"https:\/\/blogdoeloiltoncajuhy.com.br\/site\/wp-json\/wp\/v2\/posts\/65342\/revisions\/65349"}],"wp:featuredmedia":[{"embeddable":true,"href":"https:\/\/blogdoeloiltoncajuhy.com.br\/site\/wp-json\/wp\/v2\/media\/65343"}],"wp:attachment":[{"href":"https:\/\/blogdoeloiltoncajuhy.com.br\/site\/wp-json\/wp\/v2\/media?parent=65342"}],"wp:term":[{"taxonomy":"category","embeddable":true,"href":"https:\/\/blogdoeloiltoncajuhy.com.br\/site\/wp-json\/wp\/v2\/categories?post=65342"},{"taxonomy":"post_tag","embeddable":true,"href":"https:\/\/blogdoeloiltoncajuhy.com.br\/site\/wp-json\/wp\/v2\/tags?post=65342"}],"curies":[{"name":"wp","href":"https:\/\/api.w.org\/{rel}","templated":true}]}}