{"id":65265,"date":"2022-05-23T19:18:17","date_gmt":"2022-05-23T22:18:17","guid":{"rendered":"http:\/\/blogdoeloiltoncajuhy.com.br\/site\/?p=65265"},"modified":"2022-05-23T19:18:19","modified_gmt":"2022-05-23T22:18:19","slug":"inverno-agrava-a-asma-saiba-como-controlar-as-crises","status":"publish","type":"post","link":"https:\/\/blogdoeloiltoncajuhy.com.br\/site\/inverno-agrava-a-asma-saiba-como-controlar-as-crises\/","title":{"rendered":"Inverno agrava a asma; saiba como controlar as crises"},"content":{"rendered":"\n<p class=\"has-text-align-center has-medium-font-size\"><em>Estudo in\u00e9dito aponta que o tratamento cont\u00ednuo e com doses regulares de medicamentos traz mais benef\u00edcios e protege \u00e0 sa\u00fade dos pacientes<\/em><\/p>\n\n\n\n<div class=\"wp-block-image\"><figure class=\"aligncenter size-full\"><a href=\"https:\/\/i0.wp.com\/blogdoeloiltoncajuhy.com.br\/site\/wp-content\/uploads\/2022\/05\/Asma-23052022.jpg\"><img data-recalc-dims=\"1\" fetchpriority=\"high\" decoding=\"async\" width=\"800\" height=\"531\" src=\"https:\/\/i0.wp.com\/blogdoeloiltoncajuhy.com.br\/site\/wp-content\/uploads\/2022\/05\/Asma-23052022.jpg?resize=800%2C531\" alt=\"\" class=\"wp-image-65266\" srcset=\"https:\/\/i0.wp.com\/blogdoeloiltoncajuhy.com.br\/site\/wp-content\/uploads\/2022\/05\/Asma-23052022.jpg?w=800&amp;ssl=1 800w, https:\/\/i0.wp.com\/blogdoeloiltoncajuhy.com.br\/site\/wp-content\/uploads\/2022\/05\/Asma-23052022.jpg?resize=300%2C199&amp;ssl=1 300w, https:\/\/i0.wp.com\/blogdoeloiltoncajuhy.com.br\/site\/wp-content\/uploads\/2022\/05\/Asma-23052022.jpg?resize=768%2C510&amp;ssl=1 768w\" sizes=\"(max-width: 800px) 100vw, 800px\" \/><\/a><\/figure><\/div>\n\n\n\n<p>A asma \u00e9 uma das doen\u00e7as cr\u00f4nicas mais prevalentes no mundo e acomete 20 milh\u00f5es de brasileiros. Apesar do avan\u00e7o no conhecimento da doen\u00e7a e formas de tratamento, o bom manejo dessa enfermidade ainda envolve obst\u00e1culos.<\/p>\n\n\n\n<p>Apesar de n\u00e3o ter cura, a doen\u00e7a pode ser controlada, mas o paciente precisa compreender que um desfecho satisfat\u00f3rio depende de engajamento e tratamento medicamentoso cont\u00ednuo, n\u00e3o apenas naqueles momentos em que os sintomas se intensificam ou durante as crises que exigem atendimento m\u00e9dico hospitalar de emerg\u00eancia.<\/p>\n\n\n\n<p>O ar chega aos pulm\u00f5es por meio dos br\u00f4nquios, estruturas do sistema respirat\u00f3rio. Em pacientes com asma, uma inflama\u00e7\u00e3o cr\u00f4nica acomete esses dutos de ar, reduzindo o seu calibre e limitando o fluxo do oxig\u00eanio. Por essa raz\u00e3o, pacientes com asma sofrem com a falta de ar, perdem o f\u00f4lego, t\u00eam sensa\u00e7\u00e3o de aperto no peito, apresentam sibilos e tosse. Existem in\u00fameros gatilhos que resultam em crises de asma, e o frio do inverno \u00e9 um deles, bem como fatores emocionais e externos, alergias a \u00e1caros, p\u00f3len das flores, produtos qu\u00edmicos, entre outros desencadeantes.<\/p>\n\n\n\n<p>N\u00e3o \u00e9 \u00e0 toa que essa doen\u00e7a \u00e9 comparada a um iceberg, sendo os sintomas e as crises a parte vis\u00edvel da geleira. \u201cAbaixo da \u00e1gua, o que n\u00e3o vemos, \u00e9 a inflama\u00e7\u00e3o dos br\u00f4nquios provocada pela doen\u00e7a, que sem o devido controle, resulta em consequ\u00eancias a longo prazo, como a perda progressiva da capacidade respirat\u00f3ria. Precisamos manter a inflama\u00e7\u00e3o controlada. As crises s\u00e3o apenas a ponta do iceberg\u201d, explica o pneumologista Bernardo Maranh\u00e3o, gerente m\u00e9dico da \u00e1rea respirat\u00f3ria da farmac\u00eautica GSK.<\/p>\n\n\n\n<p>Mas, qual a melhor maneira de manter a asma sob controle? Al\u00e9m da ado\u00e7\u00e3o de h\u00e1bitos de vida mais saud\u00e1veis, \u00e9 necess\u00e1rio cuidar da enfermidade ao longo da vida, sem interrup\u00e7\u00f5es. Para aprofundar o entendimento sobre a import\u00e2ncia do tratamento cont\u00ednuo, o estudo &#8220;Novo versus antigo: o impacto da mudan\u00e7a dos padr\u00f5es de prescri\u00e7\u00e3o de corticosteroides inalados e regimes de dosagem no tratamento da asma&#8221;, publicado recentemente, analisou os benef\u00edcios de diferentes corticosteroides inalat\u00f3rios (CI), medicamentos que s\u00e3o usados para controlar a inflama\u00e7\u00e3o br\u00f4nquica e os sintomas da doen\u00e7a, bem como prevenir as crises.<\/p>\n\n\n\n<p>Segundo o estudo, o tratamento que prioriza a dosagem cont\u00ednua, di\u00e1ria e proativa de medicamentos (PRD &#8211; Proatividade e Regularidade das Doses), com Propionato de Fluticasona em associa\u00e7\u00e3o ao Salmeterol em pacientes com asma moderada, proporciona maior prote\u00e7\u00e3o contra os espamos br\u00f4nquicos e menos risco de efeitos colaterais, quando comparado \u00e0 terapia \u00e0 base de dosagens flex\u00edveis com Budesonida associada ao Formoterol.<\/p>\n\n\n\n<p>Quando ocorre maior ades\u00e3o ao tratamento pelo paciente com asma moderada, a abordagem PRD com PF\/SAL mostra-se ainda mais eficaz do que a estrat\u00e9gia usada como terapia de manuten\u00e7\u00e3o e al\u00edvio, com medicamentos que associam Budesonida e Formoterol.<\/p>\n\n\n\n<p>A dosagem di\u00e1ria regular e clinicamente apropriada com regimes \u00e0 base de Fluticasona\/Salmeterol tamb\u00e9m mostrou menor risco de efeitos no organismo como um todo, pois \u00e9 no pulm\u00e3o que o corticosteroide precisa agir.<\/p>\n\n\n\n<p>H\u00e1 poucos estudos que comparam a efic\u00e1cia dos regimes de tratamento dispon\u00edveis para asma moderada e moderada a grave. Segundo o Dr. Maranh\u00e3o, \u201cesses dados ajudam a aprimorar a conduta do m\u00e9dico no manejo e controle da asma, trazendo benef\u00edcios para a sa\u00fade respirat\u00f3ria do paciente, o que reflete em melhoria da qualidade de vida\u201d.<\/p>\n\n\n\n<p>\u201cS\u00e3o informa\u00e7\u00f5es cient\u00edficas que fortalecem a import\u00e2ncia do tratamento de manuten\u00e7\u00e3o, ou seja, diariamente em doses definidas pelo m\u00e9dico para o controle da asma, e reiteram algo que nem todo paciente asm\u00e1tico compreende: a inexist\u00eancia de crises n\u00e3o significa que a doen\u00e7a esteja sob controle\u201d, conclui o pneumologista.<\/p>\n","protected":false},"excerpt":{"rendered":"<p>Estudo in\u00e9dito aponta que o tratamento cont\u00ednuo e com doses regulares de medicamentos traz mais benef\u00edcios e protege \u00e0 sa\u00fade dos pacientes A asma \u00e9 uma das doen\u00e7as cr\u00f4nicas mais prevalentes no mundo e acomete 20 milh\u00f5es de brasileiros. Apesar do avan\u00e7o no conhecimento da doen\u00e7a e formas de tratamento, o bom manejo dessa enfermidade [&hellip;]<\/p>\n","protected":false},"author":2,"featured_media":65266,"comment_status":"open","ping_status":"open","sticky":false,"template":"","format":"standard","meta":{"_acf_changed":false,"_monsterinsights_skip_tracking":false,"_monsterinsights_sitenote_active":false,"_monsterinsights_sitenote_note":"","_monsterinsights_sitenote_category":0,"_jetpack_memberships_contains_paid_content":false,"footnotes":"","jetpack_publicize_message":"","jetpack_publicize_feature_enabled":true,"jetpack_social_post_already_shared":true,"jetpack_social_options":{"image_generator_settings":{"template":"highway","default_image_id":0,"font":"","enabled":false},"version":2}},"categories":[7],"tags":[],"class_list":["post-65265","post","type-post","status-publish","format-standard","has-post-thumbnail","hentry","category-saude"],"acf":[],"jetpack_publicize_connections":[],"jetpack_featured_media_url":"https:\/\/i0.wp.com\/blogdoeloiltoncajuhy.com.br\/site\/wp-content\/uploads\/2022\/05\/Asma-23052022.jpg?fit=800%2C531&ssl=1","jetpack_sharing_enabled":true,"publishpress_future_workflow_manual_trigger":{"enabledWorkflows":[]},"_links":{"self":[{"href":"https:\/\/blogdoeloiltoncajuhy.com.br\/site\/wp-json\/wp\/v2\/posts\/65265","targetHints":{"allow":["GET"]}}],"collection":[{"href":"https:\/\/blogdoeloiltoncajuhy.com.br\/site\/wp-json\/wp\/v2\/posts"}],"about":[{"href":"https:\/\/blogdoeloiltoncajuhy.com.br\/site\/wp-json\/wp\/v2\/types\/post"}],"author":[{"embeddable":true,"href":"https:\/\/blogdoeloiltoncajuhy.com.br\/site\/wp-json\/wp\/v2\/users\/2"}],"replies":[{"embeddable":true,"href":"https:\/\/blogdoeloiltoncajuhy.com.br\/site\/wp-json\/wp\/v2\/comments?post=65265"}],"version-history":[{"count":2,"href":"https:\/\/blogdoeloiltoncajuhy.com.br\/site\/wp-json\/wp\/v2\/posts\/65265\/revisions"}],"predecessor-version":[{"id":65268,"href":"https:\/\/blogdoeloiltoncajuhy.com.br\/site\/wp-json\/wp\/v2\/posts\/65265\/revisions\/65268"}],"wp:featuredmedia":[{"embeddable":true,"href":"https:\/\/blogdoeloiltoncajuhy.com.br\/site\/wp-json\/wp\/v2\/media\/65266"}],"wp:attachment":[{"href":"https:\/\/blogdoeloiltoncajuhy.com.br\/site\/wp-json\/wp\/v2\/media?parent=65265"}],"wp:term":[{"taxonomy":"category","embeddable":true,"href":"https:\/\/blogdoeloiltoncajuhy.com.br\/site\/wp-json\/wp\/v2\/categories?post=65265"},{"taxonomy":"post_tag","embeddable":true,"href":"https:\/\/blogdoeloiltoncajuhy.com.br\/site\/wp-json\/wp\/v2\/tags?post=65265"}],"curies":[{"name":"wp","href":"https:\/\/api.w.org\/{rel}","templated":true}]}}