{"id":65212,"date":"2022-05-21T13:27:23","date_gmt":"2022-05-21T16:27:23","guid":{"rendered":"http:\/\/blogdoeloiltoncajuhy.com.br\/site\/?p=65212"},"modified":"2022-05-21T13:34:20","modified_gmt":"2022-05-21T16:34:20","slug":"luto-no-comercio-de-bonfim-morre-o-empresario-neuton-freitas","status":"publish","type":"post","link":"https:\/\/blogdoeloiltoncajuhy.com.br\/site\/luto-no-comercio-de-bonfim-morre-o-empresario-neuton-freitas\/","title":{"rendered":"Luto no com\u00e9rcio de Bonfim: Morre o empres\u00e1rio Neuton Freitas"},"content":{"rendered":"\n<div class=\"wp-block-image\"><figure class=\"aligncenter size-full is-resized\"><a href=\"https:\/\/i0.wp.com\/blogdoeloiltoncajuhy.com.br\/site\/wp-content\/uploads\/2022\/05\/Opera-Instantaneo_2022-05-21_114844_www.facebook.com_.png\"><img data-recalc-dims=\"1\" fetchpriority=\"high\" decoding=\"async\" src=\"https:\/\/i0.wp.com\/blogdoeloiltoncajuhy.com.br\/site\/wp-content\/uploads\/2022\/05\/Opera-Instantaneo_2022-05-21_114844_www.facebook.com_.png?resize=330%2C343\" alt=\"\" class=\"wp-image-65213\" width=\"330\" height=\"343\" srcset=\"https:\/\/i0.wp.com\/blogdoeloiltoncajuhy.com.br\/site\/wp-content\/uploads\/2022\/05\/Opera-Instantaneo_2022-05-21_114844_www.facebook.com_.png?w=366&amp;ssl=1 366w, https:\/\/i0.wp.com\/blogdoeloiltoncajuhy.com.br\/site\/wp-content\/uploads\/2022\/05\/Opera-Instantaneo_2022-05-21_114844_www.facebook.com_.png?resize=288%2C300&amp;ssl=1 288w\" sizes=\"(max-width: 330px) 100vw, 330px\" \/><\/a><\/figure><\/div>\n\n\n\n<p>Faleceu por volta das 7h da manh\u00e3 deste s\u00e1bado (21), o empres\u00e1rio bonfinense Neuton Pereira de Freitas, de 80 anos de idade, v\u00edtima de infarto.<\/p>\n\n\n\n<p>De acordo com informa\u00e7\u00f5es do Blog Cleber Vieira News, Neuton atuou no ramo de estofados h\u00e1 mais de 50 anos em Senhor do Bonfim, sendo propriet\u00e1rio da Casa dos Tecidos e da Reformadora Imperial, localizadas na Rua Padre Severo, no Pernambuquinho.<\/p>\n\n\n\n<p>Seu corpo esta sendo velado no Memorial Vila Nova e o sepultamento acontece logo mais \u00e0s 16h, no Cemit\u00e9rio Jardim da Saudade.<\/p>\n\n\n\n<p>Neuton Freitas era pai do superintendente de Desenvolvimento Econ\u00f4mico do munic\u00edpio, Anfilofio Freitas, B\u00f3, do empres\u00e1rio Raquildes Freitas e do advogado Neuton Freitas Junior.<\/p>\n","protected":false},"excerpt":{"rendered":"<p>Faleceu por volta das 7h da manh\u00e3 deste s\u00e1bado (21), o empres\u00e1rio bonfinense Neuton Pereira de Freitas, de 80 anos de idade, v\u00edtima de infarto. De acordo com informa\u00e7\u00f5es do Blog Cleber Vieira News, Neuton atuou no ramo de estofados h\u00e1 mais de 50 anos em Senhor do Bonfim, sendo propriet\u00e1rio da Casa dos Tecidos [&hellip;]<\/p>\n","protected":false},"author":2,"featured_media":65213,"comment_status":"open","ping_status":"open","sticky":false,"template":"","format":"standard","meta":{"_acf_changed":false,"_monsterinsights_skip_tracking":false,"_monsterinsights_sitenote_active":false,"_monsterinsights_sitenote_note":"","_monsterinsights_sitenote_category":0,"_jetpack_memberships_contains_paid_content":false,"footnotes":"","jetpack_publicize_message":"","jetpack_publicize_feature_enabled":true,"jetpack_social_post_already_shared":true,"jetpack_social_options":{"image_generator_settings":{"template":"highway","default_image_id":0,"font":"","enabled":false},"version":2}},"categories":[4],"tags":[],"class_list":["post-65212","post","type-post","status-publish","format-standard","has-post-thumbnail","hentry","category-local"],"acf":[],"jetpack_publicize_connections":[],"jetpack_featured_media_url":"https:\/\/i0.wp.com\/blogdoeloiltoncajuhy.com.br\/site\/wp-content\/uploads\/2022\/05\/Opera-Instantaneo_2022-05-21_114844_www.facebook.com_.png?fit=366%2C381&ssl=1","jetpack_sharing_enabled":true,"publishpress_future_workflow_manual_trigger":{"enabledWorkflows":[]},"_links":{"self":[{"href":"https:\/\/blogdoeloiltoncajuhy.com.br\/site\/wp-json\/wp\/v2\/posts\/65212","targetHints":{"allow":["GET"]}}],"collection":[{"href":"https:\/\/blogdoeloiltoncajuhy.com.br\/site\/wp-json\/wp\/v2\/posts"}],"about":[{"href":"https:\/\/blogdoeloiltoncajuhy.com.br\/site\/wp-json\/wp\/v2\/types\/post"}],"author":[{"embeddable":true,"href":"https:\/\/blogdoeloiltoncajuhy.com.br\/site\/wp-json\/wp\/v2\/users\/2"}],"replies":[{"embeddable":true,"href":"https:\/\/blogdoeloiltoncajuhy.com.br\/site\/wp-json\/wp\/v2\/comments?post=65212"}],"version-history":[{"count":4,"href":"https:\/\/blogdoeloiltoncajuhy.com.br\/site\/wp-json\/wp\/v2\/posts\/65212\/revisions"}],"predecessor-version":[{"id":65217,"href":"https:\/\/blogdoeloiltoncajuhy.com.br\/site\/wp-json\/wp\/v2\/posts\/65212\/revisions\/65217"}],"wp:featuredmedia":[{"embeddable":true,"href":"https:\/\/blogdoeloiltoncajuhy.com.br\/site\/wp-json\/wp\/v2\/media\/65213"}],"wp:attachment":[{"href":"https:\/\/blogdoeloiltoncajuhy.com.br\/site\/wp-json\/wp\/v2\/media?parent=65212"}],"wp:term":[{"taxonomy":"category","embeddable":true,"href":"https:\/\/blogdoeloiltoncajuhy.com.br\/site\/wp-json\/wp\/v2\/categories?post=65212"},{"taxonomy":"post_tag","embeddable":true,"href":"https:\/\/blogdoeloiltoncajuhy.com.br\/site\/wp-json\/wp\/v2\/tags?post=65212"}],"curies":[{"name":"wp","href":"https:\/\/api.w.org\/{rel}","templated":true}]}}