{"id":65208,"date":"2022-05-21T10:16:29","date_gmt":"2022-05-21T13:16:29","guid":{"rendered":"http:\/\/blogdoeloiltoncajuhy.com.br\/site\/?p=65208"},"modified":"2022-05-21T10:16:30","modified_gmt":"2022-05-21T13:16:30","slug":"parlamentares-questionam-aneel-sobre-aumentos-da-conta-de-luz-acima-da-inflacao","status":"publish","type":"post","link":"https:\/\/blogdoeloiltoncajuhy.com.br\/site\/parlamentares-questionam-aneel-sobre-aumentos-da-conta-de-luz-acima-da-inflacao\/","title":{"rendered":"Parlamentares questionam Aneel sobre aumentos da conta de luz acima da infla\u00e7\u00e3o"},"content":{"rendered":"\n<p class=\"has-text-align-center has-medium-font-size\"><em>Parlamentares argumentam que os pre\u00e7os altos da energia el\u00e9trica aumentam a vulnerabilidade social de popula\u00e7\u00f5es carentes e comprometem todo o setor produtivo.<\/em><\/p>\n\n\n\n<div class=\"wp-block-image\"><figure class=\"aligncenter size-full is-resized\"><a href=\"https:\/\/i0.wp.com\/blogdoeloiltoncajuhy.com.br\/site\/wp-content\/uploads\/2015\/08\/Luz-e1517006074822.jpg\"><img data-recalc-dims=\"1\" fetchpriority=\"high\" decoding=\"async\" src=\"https:\/\/i0.wp.com\/blogdoeloiltoncajuhy.com.br\/site\/wp-content\/uploads\/2015\/08\/Luz-e1517006074822.jpg?resize=563%2C466\" alt=\"\" class=\"wp-image-2724\" width=\"563\" height=\"466\"\/><\/a><\/figure><\/div>\n\n\n\n<p>Junto com o senador Alessandro Vieira, do PSDB de Sergipe, os deputados federais Felipe Rigoni, do Uni\u00e3o do Esp\u00edrito Santo; Tabata Amaral, do PSB de S\u00e3o Paulo; e o deputado estadual do Rio de Janeiro, Renan Ferreirinha, do PSD, cobraram explica\u00e7\u00f5es para os aumentos acima da infla\u00e7\u00e3o das contas de luz citando aus\u00eancia de transpar\u00eancia.<\/p>\n\n\n\n<p>No of\u00edcio enviado \u00e0 Ag\u00eancia Nacional de Energia El\u00e9trica, ao destacaram a falta de &#8220;razoabilidade e proporcionalidade&#8221;, os parlamentares questionam os crit\u00e9rios usados pela Aneel para autorizar os recentes reajustes de 16,46% para os consumidores de Sergipe; de 19,87% para os do Rio Grande do Norte; de 20,73% para os da Bahia; e de 24,85% para os do Cear\u00e1.<\/p>\n\n\n\n<p>Eles tamb\u00e9m querem saber se a Aneel tem um estudo sobre os impactos do aumento da conta de luz para os consumidores de baixa renda e para os setores produtivos afetados pela pandemia de covid-19. O senador Alessandro Vieira e os deputados tamb\u00e9m perguntam se esses aumentos n\u00e3o poderiam ter os percentuais revistos e cobrados apenas no ano que vem.<\/p>\n\n\n\n<p>&#8220;A cobran\u00e7a que n\u00f3s estamos fazendo para a Aneel \u00e9 no sentido de esclarecer para o cidad\u00e3o brasileiro quais s\u00e3o as raz\u00f5es para que voc\u00ea tenha um aumento na conta, na tarifa de energia el\u00e9trica, em patamares t\u00e3o superiores \u00e0queles da infla\u00e7\u00e3o. A infla\u00e7\u00e3o j\u00e1 est\u00e1 alta, o brasileiro est\u00e1 sofrendo e a energia vem e aumenta ainda mais. Ent\u00e3o, \u00e9 muito importante que a gente tenha transpar\u00eancia, esclarecimento at\u00e9 para que o Congresso possa no momento e na forma certa apresentar solu\u00e7\u00f5es para isso, para que a gente possa reduzir esse peso que est\u00e1 nas costas dos brasileiros&#8221;, falou Alessandro Vieira.<\/p>\n\n\n\n<p>Os parlamentares lembraram que no ano passado as contas de luz tiveram um aumento de 114% devido \u00e0 falta de chuvas e \u00e0 cobran\u00e7a da bandeira vermelha. E cobraram da Aneel respostas \u00e0s den\u00fancias de que a ENEL e a Light no Rio de Janeiro n\u00e3o est\u00e3o prestando os servi\u00e7os adequadamente apesar das tarifas elevadas. Eles argumentam que os pre\u00e7os altos da energia el\u00e9trica aumentam a vulnerabilidade social de popula\u00e7\u00f5es carentes e comprometem todo o setor produtivo.<\/p>\n","protected":false},"excerpt":{"rendered":"<p>Parlamentares argumentam que os pre\u00e7os altos da energia el\u00e9trica aumentam a vulnerabilidade social de popula\u00e7\u00f5es carentes e comprometem todo o setor produtivo. Junto com o senador Alessandro Vieira, do PSDB de Sergipe, os deputados federais Felipe Rigoni, do Uni\u00e3o do Esp\u00edrito Santo; Tabata Amaral, do PSB de S\u00e3o Paulo; e o deputado estadual do Rio [&hellip;]<\/p>\n","protected":false},"author":2,"featured_media":33678,"comment_status":"open","ping_status":"open","sticky":false,"template":"","format":"standard","meta":{"_acf_changed":false,"_monsterinsights_skip_tracking":false,"_monsterinsights_sitenote_active":false,"_monsterinsights_sitenote_note":"","_monsterinsights_sitenote_category":0,"_jetpack_memberships_contains_paid_content":false,"footnotes":"","jetpack_publicize_message":"","jetpack_publicize_feature_enabled":true,"jetpack_social_post_already_shared":true,"jetpack_social_options":{"image_generator_settings":{"template":"highway","default_image_id":0,"font":"","enabled":false},"version":2}},"categories":[3],"tags":[],"class_list":["post-65208","post","type-post","status-publish","format-standard","has-post-thumbnail","hentry","category-politica"],"acf":[],"jetpack_publicize_connections":[],"jetpack_featured_media_url":"https:\/\/i0.wp.com\/blogdoeloiltoncajuhy.com.br\/site\/wp-content\/uploads\/2019\/04\/ContaLuz.jpg?fit=378%2C262&ssl=1","jetpack_sharing_enabled":true,"publishpress_future_workflow_manual_trigger":{"enabledWorkflows":[]},"_links":{"self":[{"href":"https:\/\/blogdoeloiltoncajuhy.com.br\/site\/wp-json\/wp\/v2\/posts\/65208","targetHints":{"allow":["GET"]}}],"collection":[{"href":"https:\/\/blogdoeloiltoncajuhy.com.br\/site\/wp-json\/wp\/v2\/posts"}],"about":[{"href":"https:\/\/blogdoeloiltoncajuhy.com.br\/site\/wp-json\/wp\/v2\/types\/post"}],"author":[{"embeddable":true,"href":"https:\/\/blogdoeloiltoncajuhy.com.br\/site\/wp-json\/wp\/v2\/users\/2"}],"replies":[{"embeddable":true,"href":"https:\/\/blogdoeloiltoncajuhy.com.br\/site\/wp-json\/wp\/v2\/comments?post=65208"}],"version-history":[{"count":2,"href":"https:\/\/blogdoeloiltoncajuhy.com.br\/site\/wp-json\/wp\/v2\/posts\/65208\/revisions"}],"predecessor-version":[{"id":65210,"href":"https:\/\/blogdoeloiltoncajuhy.com.br\/site\/wp-json\/wp\/v2\/posts\/65208\/revisions\/65210"}],"wp:featuredmedia":[{"embeddable":true,"href":"https:\/\/blogdoeloiltoncajuhy.com.br\/site\/wp-json\/wp\/v2\/media\/33678"}],"wp:attachment":[{"href":"https:\/\/blogdoeloiltoncajuhy.com.br\/site\/wp-json\/wp\/v2\/media?parent=65208"}],"wp:term":[{"taxonomy":"category","embeddable":true,"href":"https:\/\/blogdoeloiltoncajuhy.com.br\/site\/wp-json\/wp\/v2\/categories?post=65208"},{"taxonomy":"post_tag","embeddable":true,"href":"https:\/\/blogdoeloiltoncajuhy.com.br\/site\/wp-json\/wp\/v2\/tags?post=65208"}],"curies":[{"name":"wp","href":"https:\/\/api.w.org\/{rel}","templated":true}]}}