{"id":65204,"date":"2022-05-21T09:55:35","date_gmt":"2022-05-21T12:55:35","guid":{"rendered":"http:\/\/blogdoeloiltoncajuhy.com.br\/site\/?p=65204"},"modified":"2022-05-21T09:55:37","modified_gmt":"2022-05-21T12:55:37","slug":"operacao-em-chamas-reune-orgaos-para-fiscalizacao-de-fogos-no-periodo-junino","status":"publish","type":"post","link":"https:\/\/blogdoeloiltoncajuhy.com.br\/site\/operacao-em-chamas-reune-orgaos-para-fiscalizacao-de-fogos-no-periodo-junino\/","title":{"rendered":"Opera\u00e7\u00e3o &#8216;Em Chamas&#8217; re\u00fane \u00f3rg\u00e3os para fiscaliza\u00e7\u00e3o de fogos no per\u00edodo junino"},"content":{"rendered":"\n<div class=\"wp-block-image\"><figure class=\"aligncenter size-full is-resized\"><a href=\"https:\/\/i0.wp.com\/blogdoeloiltoncajuhy.com.br\/site\/wp-content\/uploads\/2022\/05\/PC_Imagem-ilustrativa_21052022.jpg\"><img data-recalc-dims=\"1\" fetchpriority=\"high\" decoding=\"async\" src=\"https:\/\/i0.wp.com\/blogdoeloiltoncajuhy.com.br\/site\/wp-content\/uploads\/2022\/05\/PC_Imagem-ilustrativa_21052022.jpg?resize=584%2C430\" alt=\"\" class=\"wp-image-65205\" width=\"584\" height=\"430\" srcset=\"https:\/\/i0.wp.com\/blogdoeloiltoncajuhy.com.br\/site\/wp-content\/uploads\/2022\/05\/PC_Imagem-ilustrativa_21052022.jpg?w=380&amp;ssl=1 380w, https:\/\/i0.wp.com\/blogdoeloiltoncajuhy.com.br\/site\/wp-content\/uploads\/2022\/05\/PC_Imagem-ilustrativa_21052022.jpg?resize=300%2C221&amp;ssl=1 300w\" sizes=\"(max-width: 584px) 100vw, 584px\" \/><\/a><figcaption><sub>Foto: Divulga\u00e7\u00e3o \/ Imagem ilustrativa \/ Ascom-PC<\/sub><\/figcaption><\/figure><\/div>\n\n\n\n<p>Os comerciantes interessados na venda, transporte e armazenamento de fogos de artif\u00edcio e outros artefatos utilizados no per\u00edodo junino, devem regularizar as pr\u00e1ticas junto aos \u00f3rg\u00e3os fiscalizadores, para evitar o recolhimento do material e outras san\u00e7\u00f5es previstas nas legisla\u00e7\u00f5es. O an\u00fancio foi feito nesta sexta-feira (20) pela Secretaria de Seguran\u00e7a P\u00fablica (SSP-BA).<\/p>\n\n\n\n<p>Na tarde desta quinta-feira (20), a Pol\u00edcia Civil por meio da Coordena\u00e7\u00e3o de Fiscaliza\u00e7\u00e3o de Produtos Controlados (CFPC) se reuniu com os outros \u00f3rg\u00e3os para definir as a\u00e7\u00f5es interag\u00eancias da Opera\u00e7\u00e3o \u201cEm Chamas\u201d, que ser\u00e1 realizada no per\u00edodo junino, em diversos pontos de Salvador, da Regi\u00e3o Metropolitana (RMS) e do interior do estado.<\/p>\n\n\n\n<p>De acordo com a Secretaria de Seguran\u00e7a P\u00fablica (SSP-BA), as a\u00e7\u00f5es, que t\u00eam o apoio do Departamento de Pol\u00edcia do Interior (Depin), visam \u00e0 seguran\u00e7a da popula\u00e7\u00e3o e de outras pessoas que trabalham com estes produtos. De acordo com o coordenador da CFPC, delegado Cleandro Pimenta, durante os festejos juninos, o com\u00e9rcio de fogos de artif\u00edcios aumenta e diversos estabelecimentos s\u00e3o instalados, de forma n\u00e3o regulamentada, sem as devidas inspe\u00e7\u00f5es, alvar\u00e1s e autoriza\u00e7\u00f5es. \u201cAs irregularidades trazem um risco \u00e0 sociedade e, por isso, as medidas de combate ao com\u00e9rcio ilegal dos artefatos ser\u00e3o bastante enf\u00e1ticas esse ano\u201d, detalhou.<\/p>\n\n\n\n<p>A venda e a produ\u00e7\u00e3o de fogos de uso permitido ser\u00e3o fiscalizadas em a\u00e7\u00f5es conjuntas que envolver\u00e3o o Ex\u00e9rcito Brasileiro, Delegacia do Consumidor (DECON), Departamento de Pol\u00edcia T\u00e9cnica (DPT), Corpo de Bombeiros Militar (CBM), Superintend\u00eancia de Prote\u00e7\u00e3o e Defesa do Consumidor (PROCON), Diretoria de A\u00e7\u00f5es de Prote\u00e7\u00e3o e Defesa do Consumidor (CODECON), Instituto Baiano de Metrologia e Qualidade (IBAMETRO) e Minist\u00e9rio P\u00fablico do Estado da Bahia (MPBA).<\/p>\n\n\n\n<p>Ainda de acordo com a pasta, a CFPC atuar\u00e1 inicialmente, de maneira educativa, para alertar estabelecimentos sobre a necessidade de regulariza\u00e7\u00e3o na comercializa\u00e7\u00e3o e produ\u00e7\u00e3o dos fogos e outros artefatos. \u201cOs estabelecimentos que j\u00e1 foram notificados em outros anos e n\u00e3o efetuarem as devidas regulariza\u00e7\u00f5es, ser\u00e3o fechados e lacrados at\u00e9 a sua devida habilita\u00e7\u00e3o para a venda dos produtos\u201d, alertou.<\/p>\n","protected":false},"excerpt":{"rendered":"<p>Os comerciantes interessados na venda, transporte e armazenamento de fogos de artif\u00edcio e outros artefatos utilizados no per\u00edodo junino, devem regularizar as pr\u00e1ticas junto aos \u00f3rg\u00e3os fiscalizadores, para evitar o recolhimento do material e outras san\u00e7\u00f5es previstas nas legisla\u00e7\u00f5es. O an\u00fancio foi feito nesta sexta-feira (20) pela Secretaria de Seguran\u00e7a P\u00fablica (SSP-BA). Na tarde desta [&hellip;]<\/p>\n","protected":false},"author":2,"featured_media":65205,"comment_status":"open","ping_status":"open","sticky":false,"template":"","format":"standard","meta":{"_acf_changed":false,"_monsterinsights_skip_tracking":false,"_monsterinsights_sitenote_active":false,"_monsterinsights_sitenote_note":"","_monsterinsights_sitenote_category":0,"_jetpack_memberships_contains_paid_content":false,"footnotes":"","jetpack_publicize_message":"","jetpack_publicize_feature_enabled":true,"jetpack_social_post_already_shared":true,"jetpack_social_options":{"image_generator_settings":{"template":"highway","default_image_id":0,"font":"","enabled":false},"version":2}},"categories":[5],"tags":[],"class_list":["post-65204","post","type-post","status-publish","format-standard","has-post-thumbnail","hentry","category-cotidiano"],"acf":[],"jetpack_publicize_connections":[],"jetpack_featured_media_url":"https:\/\/i0.wp.com\/blogdoeloiltoncajuhy.com.br\/site\/wp-content\/uploads\/2022\/05\/PC_Imagem-ilustrativa_21052022.jpg?fit=380%2C280&ssl=1","jetpack_sharing_enabled":true,"publishpress_future_workflow_manual_trigger":{"enabledWorkflows":[]},"_links":{"self":[{"href":"https:\/\/blogdoeloiltoncajuhy.com.br\/site\/wp-json\/wp\/v2\/posts\/65204","targetHints":{"allow":["GET"]}}],"collection":[{"href":"https:\/\/blogdoeloiltoncajuhy.com.br\/site\/wp-json\/wp\/v2\/posts"}],"about":[{"href":"https:\/\/blogdoeloiltoncajuhy.com.br\/site\/wp-json\/wp\/v2\/types\/post"}],"author":[{"embeddable":true,"href":"https:\/\/blogdoeloiltoncajuhy.com.br\/site\/wp-json\/wp\/v2\/users\/2"}],"replies":[{"embeddable":true,"href":"https:\/\/blogdoeloiltoncajuhy.com.br\/site\/wp-json\/wp\/v2\/comments?post=65204"}],"version-history":[{"count":2,"href":"https:\/\/blogdoeloiltoncajuhy.com.br\/site\/wp-json\/wp\/v2\/posts\/65204\/revisions"}],"predecessor-version":[{"id":65207,"href":"https:\/\/blogdoeloiltoncajuhy.com.br\/site\/wp-json\/wp\/v2\/posts\/65204\/revisions\/65207"}],"wp:featuredmedia":[{"embeddable":true,"href":"https:\/\/blogdoeloiltoncajuhy.com.br\/site\/wp-json\/wp\/v2\/media\/65205"}],"wp:attachment":[{"href":"https:\/\/blogdoeloiltoncajuhy.com.br\/site\/wp-json\/wp\/v2\/media?parent=65204"}],"wp:term":[{"taxonomy":"category","embeddable":true,"href":"https:\/\/blogdoeloiltoncajuhy.com.br\/site\/wp-json\/wp\/v2\/categories?post=65204"},{"taxonomy":"post_tag","embeddable":true,"href":"https:\/\/blogdoeloiltoncajuhy.com.br\/site\/wp-json\/wp\/v2\/tags?post=65204"}],"curies":[{"name":"wp","href":"https:\/\/api.w.org\/{rel}","templated":true}]}}