{"id":65186,"date":"2022-05-20T19:36:06","date_gmt":"2022-05-20T22:36:06","guid":{"rendered":"http:\/\/blogdoeloiltoncajuhy.com.br\/site\/?p=65186"},"modified":"2022-05-21T09:15:47","modified_gmt":"2022-05-21T12:15:47","slug":"mensagem-do-sismusb-pela-passagem-do-dia-do-tecnico-de-enfermagem","status":"publish","type":"post","link":"https:\/\/blogdoeloiltoncajuhy.com.br\/site\/mensagem-do-sismusb-pela-passagem-do-dia-do-tecnico-de-enfermagem\/","title":{"rendered":"Mensagem do Sismusb pela passagem do Dia do T\u00e9cnico de Enfermagem"},"content":{"rendered":"\n<div class=\"wp-block-image\"><figure class=\"aligncenter size-large is-resized\"><a href=\"https:\/\/i0.wp.com\/blogdoeloiltoncajuhy.com.br\/site\/wp-content\/uploads\/2022\/05\/IMG-20220520-WA0022.jpg\"><img data-recalc-dims=\"1\" fetchpriority=\"high\" decoding=\"async\" src=\"https:\/\/i0.wp.com\/blogdoeloiltoncajuhy.com.br\/site\/wp-content\/uploads\/2022\/05\/IMG-20220520-WA0022.jpg?resize=512%2C512\" alt=\"\" class=\"wp-image-65187\" width=\"512\" height=\"512\" srcset=\"https:\/\/i0.wp.com\/blogdoeloiltoncajuhy.com.br\/site\/wp-content\/uploads\/2022\/05\/IMG-20220520-WA0022.jpg?resize=1024%2C1024&amp;ssl=1 1024w, https:\/\/i0.wp.com\/blogdoeloiltoncajuhy.com.br\/site\/wp-content\/uploads\/2022\/05\/IMG-20220520-WA0022.jpg?resize=300%2C300&amp;ssl=1 300w, https:\/\/i0.wp.com\/blogdoeloiltoncajuhy.com.br\/site\/wp-content\/uploads\/2022\/05\/IMG-20220520-WA0022.jpg?resize=150%2C150&amp;ssl=1 150w, https:\/\/i0.wp.com\/blogdoeloiltoncajuhy.com.br\/site\/wp-content\/uploads\/2022\/05\/IMG-20220520-WA0022.jpg?resize=768%2C768&amp;ssl=1 768w, https:\/\/i0.wp.com\/blogdoeloiltoncajuhy.com.br\/site\/wp-content\/uploads\/2022\/05\/IMG-20220520-WA0022.jpg?w=1280&amp;ssl=1 1280w\" sizes=\"(max-width: 512px) 100vw, 512px\" \/><\/a><\/figure><\/div>\n\n\n\n<p>Hoje, 20 de maio, \u00e9 celebrado o Dia Nacional do T\u00e9cnico e Auxiliar de Enfermagem! Al\u00e9m das merecidas homenagens, o momento \u00e9 de reflex\u00e3o sobre a import\u00e2ncia da categoria e das lutas que esses profissionais cotidianamente enfrentam por mais respeito, valoriza\u00e7\u00e3o, reconhecimento e condi\u00e7\u00f5es dignas de trabalho!<\/p>\n\n\n\n<p>Nesta data parabenizamos todos(as) t\u00e9cnicos(as) e auxiliares da enfermagem, que s\u00e3o os pilares da sa\u00fade p\u00fablica, a linha de frente no cuidado e aten\u00e7\u00e3o a sa\u00fade!<\/p>\n","protected":false},"excerpt":{"rendered":"<p>Hoje, 20 de maio, \u00e9 celebrado o Dia Nacional do T\u00e9cnico e Auxiliar de Enfermagem! Al\u00e9m das merecidas homenagens, o momento \u00e9 de reflex\u00e3o sobre a import\u00e2ncia da categoria e das lutas que esses profissionais cotidianamente enfrentam por mais respeito, valoriza\u00e7\u00e3o, reconhecimento e condi\u00e7\u00f5es dignas de trabalho! Nesta data parabenizamos todos(as) t\u00e9cnicos(as) e auxiliares da [&hellip;]<\/p>\n","protected":false},"author":2,"featured_media":65187,"comment_status":"open","ping_status":"open","sticky":false,"template":"","format":"standard","meta":{"_acf_changed":false,"_monsterinsights_skip_tracking":false,"_monsterinsights_sitenote_active":false,"_monsterinsights_sitenote_note":"","_monsterinsights_sitenote_category":0,"_jetpack_memberships_contains_paid_content":false,"footnotes":"","jetpack_publicize_message":"","jetpack_publicize_feature_enabled":true,"jetpack_social_post_already_shared":true,"jetpack_social_options":{"image_generator_settings":{"template":"highway","default_image_id":0,"font":"","enabled":false},"version":2}},"categories":[4],"tags":[],"class_list":["post-65186","post","type-post","status-publish","format-standard","has-post-thumbnail","hentry","category-local"],"acf":[],"jetpack_publicize_connections":[],"jetpack_featured_media_url":"https:\/\/i0.wp.com\/blogdoeloiltoncajuhy.com.br\/site\/wp-content\/uploads\/2022\/05\/IMG-20220520-WA0022.jpg?fit=1280%2C1280&ssl=1","jetpack_sharing_enabled":true,"publishpress_future_workflow_manual_trigger":{"enabledWorkflows":[]},"_links":{"self":[{"href":"https:\/\/blogdoeloiltoncajuhy.com.br\/site\/wp-json\/wp\/v2\/posts\/65186","targetHints":{"allow":["GET"]}}],"collection":[{"href":"https:\/\/blogdoeloiltoncajuhy.com.br\/site\/wp-json\/wp\/v2\/posts"}],"about":[{"href":"https:\/\/blogdoeloiltoncajuhy.com.br\/site\/wp-json\/wp\/v2\/types\/post"}],"author":[{"embeddable":true,"href":"https:\/\/blogdoeloiltoncajuhy.com.br\/site\/wp-json\/wp\/v2\/users\/2"}],"replies":[{"embeddable":true,"href":"https:\/\/blogdoeloiltoncajuhy.com.br\/site\/wp-json\/wp\/v2\/comments?post=65186"}],"version-history":[{"count":3,"href":"https:\/\/blogdoeloiltoncajuhy.com.br\/site\/wp-json\/wp\/v2\/posts\/65186\/revisions"}],"predecessor-version":[{"id":65199,"href":"https:\/\/blogdoeloiltoncajuhy.com.br\/site\/wp-json\/wp\/v2\/posts\/65186\/revisions\/65199"}],"wp:featuredmedia":[{"embeddable":true,"href":"https:\/\/blogdoeloiltoncajuhy.com.br\/site\/wp-json\/wp\/v2\/media\/65187"}],"wp:attachment":[{"href":"https:\/\/blogdoeloiltoncajuhy.com.br\/site\/wp-json\/wp\/v2\/media?parent=65186"}],"wp:term":[{"taxonomy":"category","embeddable":true,"href":"https:\/\/blogdoeloiltoncajuhy.com.br\/site\/wp-json\/wp\/v2\/categories?post=65186"},{"taxonomy":"post_tag","embeddable":true,"href":"https:\/\/blogdoeloiltoncajuhy.com.br\/site\/wp-json\/wp\/v2\/tags?post=65186"}],"curies":[{"name":"wp","href":"https:\/\/api.w.org\/{rel}","templated":true}]}}