{"id":65181,"date":"2022-05-20T10:40:58","date_gmt":"2022-05-20T13:40:58","guid":{"rendered":"http:\/\/blogdoeloiltoncajuhy.com.br\/site\/?p=65181"},"modified":"2022-05-20T10:40:59","modified_gmt":"2022-05-20T13:40:59","slug":"erradicada-ha-30-anos-poliomielite-volta-a-assombrar-o-brasil-em-meio-a-baixa-cobertura-vacinal","status":"publish","type":"post","link":"https:\/\/blogdoeloiltoncajuhy.com.br\/site\/erradicada-ha-30-anos-poliomielite-volta-a-assombrar-o-brasil-em-meio-a-baixa-cobertura-vacinal\/","title":{"rendered":"Erradicada h\u00e1 30 anos, poliomielite volta a assombrar o Brasil em meio \u00e0 baixa cobertura vacinal"},"content":{"rendered":"\n<p class=\"has-text-align-center has-medium-font-size\"><em>Em campanha oficial desde 1980, a taxa vacinal cai desde 2015 e chegou a 67,8% no ano passado. Os fatores v\u00e3o de not\u00edcias falsas \u00e0 aus\u00eancia de campanhas de imuniza\u00e7\u00e3o.<\/em><\/p>\n\n\n\n<div class=\"wp-block-image\"><figure class=\"aligncenter size-full\"><a href=\"https:\/\/i0.wp.com\/blogdoeloiltoncajuhy.com.br\/site\/wp-content\/uploads\/2022\/05\/Paralisia-Infantil-20052022.jpg\"><img data-recalc-dims=\"1\" fetchpriority=\"high\" decoding=\"async\" width=\"640\" height=\"360\" src=\"https:\/\/i0.wp.com\/blogdoeloiltoncajuhy.com.br\/site\/wp-content\/uploads\/2022\/05\/Paralisia-Infantil-20052022.jpg?resize=640%2C360\" alt=\"\" class=\"wp-image-65184\" srcset=\"https:\/\/i0.wp.com\/blogdoeloiltoncajuhy.com.br\/site\/wp-content\/uploads\/2022\/05\/Paralisia-Infantil-20052022.jpg?w=640&amp;ssl=1 640w, https:\/\/i0.wp.com\/blogdoeloiltoncajuhy.com.br\/site\/wp-content\/uploads\/2022\/05\/Paralisia-Infantil-20052022.jpg?resize=300%2C169&amp;ssl=1 300w\" sizes=\"(max-width: 640px) 100vw, 640px\" \/><\/a><figcaption><sub>A cobertura vacinal contra a p\u00f3lio cai desde 2015 e ano passado atingiu a marca de 67,8% em 2021 &#8211; Foto: Reprodu\u00e7\u00e3o\/ Portal Rol\u00e2ndia Flickr<\/sub><\/figcaption><\/figure><\/div>\n\n\n\n<p>Erradicada h\u00e1 30 anos, a poliomielite volta a ser um risco no Brasil, ap\u00f3s queda na taxa de vacina\u00e7\u00e3o. Sobreviventes da doen\u00e7a s\u00e3o un\u00e2nimes: vacina salva e evita as sequelas que o v\u00edrus traz. Queda da imuniza\u00e7\u00e3o tem v\u00e1rios fatores e ocorre desde 2015. Especialista diz que faltam campanhas para incentivo em massa.<\/p>\n\n\n\n<p>O que parecia ser um passado enterrado, voltou a assombrar. Em meio \u00e0 baixa taxa de vacina\u00e7\u00e3o contra a poliomielite no pa\u00eds, especialistas s\u00e3o un\u00e2nimes: a doen\u00e7a pode voltar. A poliomielite atingiu cerca de 26 mil crian\u00e7as entre 1968 e 1980. E as que sobreviveram garantem que tomar a vacina faria toda a diferen\u00e7a. A queda na imuniza\u00e7\u00e3o \u00e9 um marco lament\u00e1vel para a hist\u00f3ria do pa\u00eds hoje.<\/p>\n\n\n\n<p>Apesar de j\u00e1 ter vacina dispon\u00edvel anos antes, foi apenas nos anos de 1980 que o Minist\u00e9rio da Sa\u00fade lan\u00e7ou a primeira campanha oficial contra a doen\u00e7a. A taxa, no entanto, vem caindo desde 2015 e chegou a 67,8% no ano passado.<\/p>\n\n\n\n<p>Os fatores para a queda da vacina\u00e7\u00e3o s\u00e3o variados: movimentos antivacina, circula\u00e7\u00e3o de not\u00edcias falsas, mas principalmente aus\u00eancias de campanha de vacina\u00e7\u00e3o em massa.<\/p>\n\n\n\n<div class=\"wp-block-image\"><figure class=\"aligncenter size-full is-resized\"><a href=\"https:\/\/i0.wp.com\/blogdoeloiltoncajuhy.com.br\/site\/wp-content\/uploads\/2018\/09\/campanha-de-vacinacao-contra-a-poliomielitw-e-o-sarampo-3.jpg\"><img data-recalc-dims=\"1\" decoding=\"async\" src=\"https:\/\/i0.wp.com\/blogdoeloiltoncajuhy.com.br\/site\/wp-content\/uploads\/2018\/09\/campanha-de-vacinacao-contra-a-poliomielitw-e-o-sarampo-3.jpg?resize=645%2C430\" alt=\"\" class=\"wp-image-27822\" width=\"645\" height=\"430\" srcset=\"https:\/\/i0.wp.com\/blogdoeloiltoncajuhy.com.br\/site\/wp-content\/uploads\/2018\/09\/campanha-de-vacinacao-contra-a-poliomielitw-e-o-sarampo-3.jpg?w=600&amp;ssl=1 600w, https:\/\/i0.wp.com\/blogdoeloiltoncajuhy.com.br\/site\/wp-content\/uploads\/2018\/09\/campanha-de-vacinacao-contra-a-poliomielitw-e-o-sarampo-3.jpg?resize=300%2C200&amp;ssl=1 300w, https:\/\/i0.wp.com\/blogdoeloiltoncajuhy.com.br\/site\/wp-content\/uploads\/2018\/09\/campanha-de-vacinacao-contra-a-poliomielitw-e-o-sarampo-3.jpg?resize=250%2C167&amp;ssl=1 250w\" sizes=\"(max-width: 645px) 100vw, 645px\" \/><\/a><\/figure><\/div>\n\n\n\n<p>O pesquisador Fernando Verani, da Escola Nacional de Sa\u00fade P\u00fablica da FioCruz, avalia que faltam incentivos. O problema, segundo ele, \u00e9 que os casos podem chegar por outros se o Brasil n\u00e3o estiver com mais de 95% de cobertura vacinal &#8211; como ocorreu com o sarampo, erradicado em 2016, mas que voltou dois anos depois. Mas o pesquisador garante: ainda d\u00e1 tempo de evitar o pior &#8211; se as campanhas aumentarem.<\/p>\n\n\n\n<p>\u2018O fato de n\u00e3o haver poliomielite n\u00e3o quer dizer que n\u00e3o podemos ter se pararmos de vacinar. Sim, podemos. Ainda h\u00e1 tempo de se reverter se come\u00e7armos ontem. O Brasil tem uma estrutura do SUS fabulosa, jamais podemos esquecer disso, \u00e9 preciso mobilizar. Falta uma pol\u00edtica que foque em estrat\u00e9gias mais concretas do que foram feitas no brasil e deram resultado\u2019.<\/p>\n\n\n\n<p>A luta, agora, \u00e9 para evitar que o Brasil caminhe os mesmos passos de Israel ou Malawi, onde a doen\u00e7a estava erradicada, mas voltou a registrar casos neste ano por causa da baixa vacina\u00e7\u00e3o. A campanha aqui, no entanto, ainda enfrenta desafios: por meses o Programa Nacional de Imuniza\u00e7\u00f5es ficou sem um chefe titular, desde que a coordenadora se demitiu em julho do ano passado. Uma nova coordenadora s\u00f3 foi nomeada em abril. Al\u00e9m disso, a pasta diminuiu entre 2020 e 2021 o gasto com publicidade para vacina\u00e7\u00e3o contra a poliomielite. E o alerta continua.<\/p>\n","protected":false},"excerpt":{"rendered":"<p>Em campanha oficial desde 1980, a taxa vacinal cai desde 2015 e chegou a 67,8% no ano passado. Os fatores v\u00e3o de not\u00edcias falsas \u00e0 aus\u00eancia de campanhas de imuniza\u00e7\u00e3o. Erradicada h\u00e1 30 anos, a poliomielite volta a ser um risco no Brasil, ap\u00f3s queda na taxa de vacina\u00e7\u00e3o. Sobreviventes da doen\u00e7a s\u00e3o un\u00e2nimes: vacina [&hellip;]<\/p>\n","protected":false},"author":2,"featured_media":36694,"comment_status":"open","ping_status":"open","sticky":false,"template":"","format":"standard","meta":{"_acf_changed":false,"_monsterinsights_skip_tracking":false,"_monsterinsights_sitenote_active":false,"_monsterinsights_sitenote_note":"","_monsterinsights_sitenote_category":0,"_jetpack_memberships_contains_paid_content":false,"footnotes":"","jetpack_publicize_message":"","jetpack_publicize_feature_enabled":true,"jetpack_social_post_already_shared":true,"jetpack_social_options":{"image_generator_settings":{"template":"highway","default_image_id":0,"font":"","enabled":false},"version":2}},"categories":[7],"tags":[],"class_list":["post-65181","post","type-post","status-publish","format-standard","has-post-thumbnail","hentry","category-saude"],"acf":[],"jetpack_publicize_connections":[],"jetpack_featured_media_url":"https:\/\/i0.wp.com\/blogdoeloiltoncajuhy.com.br\/site\/wp-content\/uploads\/2019\/08\/VacinacaoSarampo_2019.jpg?fit=754%2C503&ssl=1","jetpack_sharing_enabled":true,"publishpress_future_workflow_manual_trigger":{"enabledWorkflows":[]},"_links":{"self":[{"href":"https:\/\/blogdoeloiltoncajuhy.com.br\/site\/wp-json\/wp\/v2\/posts\/65181","targetHints":{"allow":["GET"]}}],"collection":[{"href":"https:\/\/blogdoeloiltoncajuhy.com.br\/site\/wp-json\/wp\/v2\/posts"}],"about":[{"href":"https:\/\/blogdoeloiltoncajuhy.com.br\/site\/wp-json\/wp\/v2\/types\/post"}],"author":[{"embeddable":true,"href":"https:\/\/blogdoeloiltoncajuhy.com.br\/site\/wp-json\/wp\/v2\/users\/2"}],"replies":[{"embeddable":true,"href":"https:\/\/blogdoeloiltoncajuhy.com.br\/site\/wp-json\/wp\/v2\/comments?post=65181"}],"version-history":[{"count":3,"href":"https:\/\/blogdoeloiltoncajuhy.com.br\/site\/wp-json\/wp\/v2\/posts\/65181\/revisions"}],"predecessor-version":[{"id":65185,"href":"https:\/\/blogdoeloiltoncajuhy.com.br\/site\/wp-json\/wp\/v2\/posts\/65181\/revisions\/65185"}],"wp:featuredmedia":[{"embeddable":true,"href":"https:\/\/blogdoeloiltoncajuhy.com.br\/site\/wp-json\/wp\/v2\/media\/36694"}],"wp:attachment":[{"href":"https:\/\/blogdoeloiltoncajuhy.com.br\/site\/wp-json\/wp\/v2\/media?parent=65181"}],"wp:term":[{"taxonomy":"category","embeddable":true,"href":"https:\/\/blogdoeloiltoncajuhy.com.br\/site\/wp-json\/wp\/v2\/categories?post=65181"},{"taxonomy":"post_tag","embeddable":true,"href":"https:\/\/blogdoeloiltoncajuhy.com.br\/site\/wp-json\/wp\/v2\/tags?post=65181"}],"curies":[{"name":"wp","href":"https:\/\/api.w.org\/{rel}","templated":true}]}}