{"id":65169,"date":"2022-05-20T09:23:13","date_gmt":"2022-05-20T12:23:13","guid":{"rendered":"http:\/\/blogdoeloiltoncajuhy.com.br\/site\/?p=65169"},"modified":"2022-05-20T09:23:15","modified_gmt":"2022-05-20T12:23:15","slug":"daniel-alves-e-recebido-pelo-papa-e-fala-sobre-instituto","status":"publish","type":"post","link":"https:\/\/blogdoeloiltoncajuhy.com.br\/site\/daniel-alves-e-recebido-pelo-papa-e-fala-sobre-instituto\/","title":{"rendered":"Daniel Alves \u00e9 recebido pelo Papa e fala sobre instituto"},"content":{"rendered":"\n<p class=\"has-text-align-center has-medium-font-size\"><em>Jogador celebrou o crescimento do local, que j\u00e1 possui sedes em Salvador e Lauro de Freitas<\/em><\/p>\n\n\n\n<div class=\"wp-block-image\"><figure class=\"aligncenter size-full\"><a href=\"https:\/\/i0.wp.com\/blogdoeloiltoncajuhy.com.br\/site\/wp-content\/uploads\/2022\/05\/Daniel-Alves-20052022-01.webp\"><img data-recalc-dims=\"1\" fetchpriority=\"high\" decoding=\"async\" width=\"689\" height=\"600\" src=\"https:\/\/i0.wp.com\/blogdoeloiltoncajuhy.com.br\/site\/wp-content\/uploads\/2022\/05\/Daniel-Alves-20052022-01.webp?resize=689%2C600\" alt=\"\" class=\"wp-image-65170\" srcset=\"https:\/\/i0.wp.com\/blogdoeloiltoncajuhy.com.br\/site\/wp-content\/uploads\/2022\/05\/Daniel-Alves-20052022-01.webp?w=689&amp;ssl=1 689w, https:\/\/i0.wp.com\/blogdoeloiltoncajuhy.com.br\/site\/wp-content\/uploads\/2022\/05\/Daniel-Alves-20052022-01.webp?resize=300%2C261&amp;ssl=1 300w\" sizes=\"(max-width: 689px) 100vw, 689px\" \/><\/a><figcaption><sub>Daniel Alves com o Papa Francisco &#8211; Foto: Divulga\u00e7\u00e3o<\/sub><\/figcaption><\/figure><\/div>\n\n\n\n<p>Em cerim\u00f4nia realizada no Vaticano, o baiano Daniel Alves, juntamente com o ex-jogador Ronaldinho Ga\u00facho, foram recebidos pelo papa Francisco, nesta quinta-feira, 19. Natural de Juazeiro, o atleta revelado no Bahia tamb\u00e9m comemorou o crescimento do seu instituto.<\/p>\n\n\n\n<p>Atualmente com sedes no bairro de Itapu\u00e3, em Salvador, e no mun\u00edcipio de Lauro de Freitas, o Instituto Daniel Alves atende cerca de 400 crian\u00e7as e tem previs\u00e3o para em breve abrir vagas para atender outros 400 adolescentes. Na capital baiana, o local possui uma \u00e1rea de nove mil metros quadrados, enquanto na regi\u00e3o metropolitana o espa\u00e7o \u00e9 de dois mil metros quadrados.<\/p>\n\n\n\n<p>O Instituto Daniel Alves atende crian\u00e7as e jovens em situa\u00e7\u00e3o de vulnerabilidade social e oferece aulas gratuitas de inicia\u00e7\u00e3o esportiva.<\/p>\n\n\n\n<div class=\"wp-block-image\"><figure class=\"aligncenter size-full\"><a href=\"https:\/\/i0.wp.com\/blogdoeloiltoncajuhy.com.br\/site\/wp-content\/uploads\/2022\/05\/Daniel-Alves-20052022-02.webp\"><img data-recalc-dims=\"1\" decoding=\"async\" width=\"726\" height=\"484\" src=\"https:\/\/i0.wp.com\/blogdoeloiltoncajuhy.com.br\/site\/wp-content\/uploads\/2022\/05\/Daniel-Alves-20052022-02.webp?resize=726%2C484\" alt=\"\" class=\"wp-image-65171\" srcset=\"https:\/\/i0.wp.com\/blogdoeloiltoncajuhy.com.br\/site\/wp-content\/uploads\/2022\/05\/Daniel-Alves-20052022-02.webp?w=726&amp;ssl=1 726w, https:\/\/i0.wp.com\/blogdoeloiltoncajuhy.com.br\/site\/wp-content\/uploads\/2022\/05\/Daniel-Alves-20052022-02.webp?resize=300%2C200&amp;ssl=1 300w\" sizes=\"(max-width: 726px) 100vw, 726px\" \/><\/a><figcaption><sub>Atualmente, o instituto atende cerca de 400 crian\u00e7as<br>| Foto: Divulga\u00e7\u00e3o<\/sub><\/figcaption><\/figure><\/div>\n\n\n\n<p>Executivo do projeto, Maur\u00edcio Carlos dos Santos comemorou o crescimento no atendimento e ressalta que a ideia \u00e9 desenvolver muitas atividades nas unidades e buscar novas parcerias privadas para crescer ainda mais o atendimento que \u00e9 possibilitado pelo Instituto.<\/p>\n\n\n\n<p>&#8220;Temos a disposi\u00e7\u00e3o o conhecimento e a vontade de ajudar esses meninos e meninas a ter maiores oportunidades em suas vidas, \u00e9 isso o que Daniel nos deu como miss\u00e3o, ent\u00e3o \u00e9 focar na estrutura\u00e7\u00e3o do projeto e buscar sempre aumentar nossa capacidade de gerar novas vagas e ampliar nossos atendimentos&#8221;, destacou Maur\u00edcio.<\/p>\n\n\n\n<p>Apesar de contar com apoio dos munic\u00edpios de Salvador, Lauro de Freitas, e do Governo do Estado da Bahia, o instituto funciona desde o in\u00edcio com recursos pr\u00f3prios do jogador. As crian\u00e7as tamb\u00e9m t\u00eam acesso a sala de inform\u00e1tica, est\u00fadio de transmiss\u00e3o, aulas de refor\u00e7o, nutri\u00e7\u00e3o, assist\u00eancia social, e ensino de idiomas.<\/p>\n","protected":false},"excerpt":{"rendered":"<p>Jogador celebrou o crescimento do local, que j\u00e1 possui sedes em Salvador e Lauro de Freitas Em cerim\u00f4nia realizada no Vaticano, o baiano Daniel Alves, juntamente com o ex-jogador Ronaldinho Ga\u00facho, foram recebidos pelo papa Francisco, nesta quinta-feira, 19. Natural de Juazeiro, o atleta revelado no Bahia tamb\u00e9m comemorou o crescimento do seu instituto. Atualmente [&hellip;]<\/p>\n","protected":false},"author":2,"featured_media":65170,"comment_status":"open","ping_status":"open","sticky":false,"template":"","format":"standard","meta":{"_acf_changed":false,"_monsterinsights_skip_tracking":false,"_monsterinsights_sitenote_active":false,"_monsterinsights_sitenote_note":"","_monsterinsights_sitenote_category":0,"_jetpack_memberships_contains_paid_content":false,"footnotes":"","jetpack_publicize_message":"","jetpack_publicize_feature_enabled":true,"jetpack_social_post_already_shared":true,"jetpack_social_options":{"image_generator_settings":{"template":"highway","default_image_id":0,"font":"","enabled":false},"version":2}},"categories":[5],"tags":[],"class_list":["post-65169","post","type-post","status-publish","format-standard","has-post-thumbnail","hentry","category-cotidiano"],"acf":[],"jetpack_publicize_connections":[],"jetpack_featured_media_url":"https:\/\/i0.wp.com\/blogdoeloiltoncajuhy.com.br\/site\/wp-content\/uploads\/2022\/05\/Daniel-Alves-20052022-01.webp?fit=689%2C600&ssl=1","jetpack_sharing_enabled":true,"publishpress_future_workflow_manual_trigger":{"enabledWorkflows":[]},"_links":{"self":[{"href":"https:\/\/blogdoeloiltoncajuhy.com.br\/site\/wp-json\/wp\/v2\/posts\/65169","targetHints":{"allow":["GET"]}}],"collection":[{"href":"https:\/\/blogdoeloiltoncajuhy.com.br\/site\/wp-json\/wp\/v2\/posts"}],"about":[{"href":"https:\/\/blogdoeloiltoncajuhy.com.br\/site\/wp-json\/wp\/v2\/types\/post"}],"author":[{"embeddable":true,"href":"https:\/\/blogdoeloiltoncajuhy.com.br\/site\/wp-json\/wp\/v2\/users\/2"}],"replies":[{"embeddable":true,"href":"https:\/\/blogdoeloiltoncajuhy.com.br\/site\/wp-json\/wp\/v2\/comments?post=65169"}],"version-history":[{"count":1,"href":"https:\/\/blogdoeloiltoncajuhy.com.br\/site\/wp-json\/wp\/v2\/posts\/65169\/revisions"}],"predecessor-version":[{"id":65172,"href":"https:\/\/blogdoeloiltoncajuhy.com.br\/site\/wp-json\/wp\/v2\/posts\/65169\/revisions\/65172"}],"wp:featuredmedia":[{"embeddable":true,"href":"https:\/\/blogdoeloiltoncajuhy.com.br\/site\/wp-json\/wp\/v2\/media\/65170"}],"wp:attachment":[{"href":"https:\/\/blogdoeloiltoncajuhy.com.br\/site\/wp-json\/wp\/v2\/media?parent=65169"}],"wp:term":[{"taxonomy":"category","embeddable":true,"href":"https:\/\/blogdoeloiltoncajuhy.com.br\/site\/wp-json\/wp\/v2\/categories?post=65169"},{"taxonomy":"post_tag","embeddable":true,"href":"https:\/\/blogdoeloiltoncajuhy.com.br\/site\/wp-json\/wp\/v2\/tags?post=65169"}],"curies":[{"name":"wp","href":"https:\/\/api.w.org\/{rel}","templated":true}]}}