{"id":65161,"date":"2022-05-20T08:33:54","date_gmt":"2022-05-20T11:33:54","guid":{"rendered":"http:\/\/blogdoeloiltoncajuhy.com.br\/site\/?p=65161"},"modified":"2022-05-20T08:33:56","modified_gmt":"2022-05-20T11:33:56","slug":"dia-sem-imposto-chama-atencao-para-a-alta-carga-tributaria-do-pais","status":"publish","type":"post","link":"https:\/\/blogdoeloiltoncajuhy.com.br\/site\/dia-sem-imposto-chama-atencao-para-a-alta-carga-tributaria-do-pais\/","title":{"rendered":"Dia sem Imposto chama aten\u00e7\u00e3o para a alta carga tribut\u00e1ria do Pa\u00eds"},"content":{"rendered":"\n<div class=\"wp-block-image\"><figure class=\"aligncenter size-large\"><a href=\"https:\/\/i0.wp.com\/blogdoeloiltoncajuhy.com.br\/site\/wp-content\/uploads\/2022\/05\/FIEPE_20052022-01.jpg\"><img data-recalc-dims=\"1\" fetchpriority=\"high\" decoding=\"async\" width=\"800\" height=\"533\" src=\"https:\/\/i0.wp.com\/blogdoeloiltoncajuhy.com.br\/site\/wp-content\/uploads\/2022\/05\/FIEPE_20052022-01.jpg?resize=800%2C533\" alt=\"\" class=\"wp-image-65162\" srcset=\"https:\/\/i0.wp.com\/blogdoeloiltoncajuhy.com.br\/site\/wp-content\/uploads\/2022\/05\/FIEPE_20052022-01.jpg?resize=1024%2C682&amp;ssl=1 1024w, https:\/\/i0.wp.com\/blogdoeloiltoncajuhy.com.br\/site\/wp-content\/uploads\/2022\/05\/FIEPE_20052022-01.jpg?resize=300%2C200&amp;ssl=1 300w, https:\/\/i0.wp.com\/blogdoeloiltoncajuhy.com.br\/site\/wp-content\/uploads\/2022\/05\/FIEPE_20052022-01.jpg?resize=768%2C512&amp;ssl=1 768w, https:\/\/i0.wp.com\/blogdoeloiltoncajuhy.com.br\/site\/wp-content\/uploads\/2022\/05\/FIEPE_20052022-01.jpg?w=1280&amp;ssl=1 1280w\" sizes=\"(max-width: 800px) 100vw, 800px\" \/><\/a><\/figure><\/div>\n\n\n\n<p>Na data em que se celebra o Dia da Ind\u00fastria, a Federa\u00e7\u00e3o das Ind\u00fastrias do Estado de Pernambuco (FIEPE) realiza a 5\u00aa edi\u00e7\u00e3o do Dia sem Imposto, em 25 de maio deste ano, a partir das 15h, na Casa da Ind\u00fastria. O evento ser\u00e1 dedicado \u00e0 reflex\u00e3o da alta carga tribut\u00e1ria no Pa\u00eds, com a\u00e7\u00f5es que visam sensibilizar a sociedade sobre o impacto dos tributos, por meio de exposi\u00e7\u00e3o de produtos sem impostos, palestras gratuitas sobre gest\u00e3o financeira e tribut\u00e1ria, foodpark com produtos com desconto, carro i\u00e7ado e sorteios. Ser\u00e1 gratuito, aberto ao p\u00fablico e as inscri\u00e7\u00f5es podem ser feitas no fiepe.org.br. Para quem estiver no interior do Estado e fizer a inscri\u00e7\u00e3o pelo site. As palestras poder\u00e3o ser conferidas de forma on-line.<\/p>\n\n\n\n<p>Para os que participarem das palestras, ter\u00e3o a oportunidade de participarem de sorteios de um (1) IPad e tr\u00eas (3) Iphones 13, sendo um para compra com desconto equivalente \u00e0 carga tribut\u00e1ria do produto. O coordenador do FIEPE Jovem \u2013 organizador do evento, Rodrigo Veloso, disse entender a import\u00e2ncia dos impostos para a manuten\u00e7\u00e3o do estado, \u201cmas o problema \u00e9 que o modelo existente deixa a ind\u00fastria em desvantagem perante a seus concorrentes\u201d.<\/p>\n\n\n\n<p>Em levantamento feito nos \u00faltimos anos, a Confedera\u00e7\u00e3o Nacional da Ind\u00fastria (CNI) aponta que a maioria dos empres\u00e1rios brasileiros reprova o atual sistema tribut\u00e1rio, sendo o n\u00famero de tributos um dos maiores gargalos. Para eles, o ICMS \u00e9 o tributo que causa maior impacto negativo sobre a competitividade, seguido do PIS\/COFINS e das tributa\u00e7\u00f5es previdenci\u00e1rias (INSS), que figuraram empatados no segundo lugar. \u201cO que produzimos aqui fica mais caro, logo para implantar um neg\u00f3cio aqui tamb\u00e9m se torna mais dispendioso\u201d, frisou Veloso, destacando que montar uma ind\u00fastria no Brasil sai mais caro que em outros pa\u00edses, e parte disso se deve \u00e0 complexidade do sistema e ao n\u00famero de tributos.<\/p>\n\n\n\n<p>De acordo com uma pesquisa recente da Associa\u00e7\u00e3o Comercial de S\u00e3o Paulo, para os brasileiros, o maior problema em destinar quase 50% dos rendimentos colhidos no ano para o pagamento de tributos n\u00e3o \u00e9 apenas o alto valor dos impostos, mas no fato de os investimentos n\u00e3o reverterem positivamente nos servi\u00e7os de sa\u00fade, seguran\u00e7a, infraestrutura e educa\u00e7\u00e3o. Na Dinamarca, por exemplo, tamb\u00e9m \u00e9 registrada uma das maiores cargas tribut\u00e1rias do planeta. Por l\u00e1, a popula\u00e7\u00e3o gasta quase metade do ano apenas para pagar impostos e, em contrapartida, o pa\u00eds apresenta melhores n\u00edveis em indicadores como desigualdade social e \u00cdndice de Desenvolvimento Humano (IDH) do que o Brasil.<\/p>\n\n\n\n<p>Um passo importante para minimizar esses efeitos seria aprovar a reforma tribut\u00e1ria. Juntamente com a FIEPE, a CNI est\u00e1 atenta e defende que essa pauta avance para dar mais competitividade \u00e0s empresas nacionais e incentivar o crescimento da economia de forma mais sustent\u00e1vel. \u201cA nossa defesa \u00e9 que tenhamos um sistema tribut\u00e1rio que preserve o equil\u00edbrio na concorr\u00eancia e estimule as voca\u00e7\u00f5es do nosso Pa\u00eds\u201d, acredita o coordenador.<\/p>\n\n\n\n<p>Na edi\u00e7\u00e3o deste ano do Dia sem Imposto, o coordenador do FIEPE Jovem, Rodrigo Veloso, pede celeridade na aprova\u00e7\u00e3o da reforma, num trabalho conjunto entre a sociedade, o poder legislativo e o executivo, entendendo que, sem essa uni\u00e3o, n\u00e3o ser\u00e1 poss\u00edvel fortalecer o nosso mercado e estimular o crescimento no longo prazo. Realizado pela FIEPE, pelo FIEPE Jovem e pelo SEBRAE, o evento conta com patroc\u00ednio da XP Empresas, do Sindusgraf, do escrit\u00f3rio Tib\u00farcio e Cavalcanti Advogados Associados e com apoio de diversas Ind\u00fastrias parceiras, dos Sindicatos, CNI e do IEL-PE.<\/p>\n\n\n\n<p class=\"has-black-color has-text-color has-medium-font-size\"><strong>Programa\u00e7\u00e3o:<\/strong><\/p>\n\n\n\n<p>15h \u2013 Abertura do Mercadinho para visita\u00e7\u00e3o<br>16h \u00e0s 17h \u2013 Credenciamento e Networking<br>17h \u00e0s 17h10 \u2013 Abertura do evento no audit\u00f3rio<br>17h10 \u00e0s 17h30 \u2013 Palestra com Tessia Ara\u00fajo, Head comercial do Coorporate Unique junto a XP Empresas: Solu\u00e7\u00f5es financeiras e investimentos<br>17h30 \u00e0s 17h50 \u2013 Palestra com Davi Cavalcanti: Gest\u00e3o tribut\u00e1ria e competitividade para as ind\u00fastrias<br>17h50 \u00e0s 18h50 \u2013 Palestra com Arthur Lemos: Planejamentos Financeiros Inteligentes<br>18h50 \u00e0s 19h \u2013 Modera\u00e7\u00e3o<br>19h \u00e0s 21h \u2013 Food Park + sorteios (\u00e1rea externa)<\/p>\n","protected":false},"excerpt":{"rendered":"<p>Na data em que se celebra o Dia da Ind\u00fastria, a Federa\u00e7\u00e3o das Ind\u00fastrias do Estado de Pernambuco (FIEPE) realiza a 5\u00aa edi\u00e7\u00e3o do Dia sem Imposto, em 25 de maio deste ano, a partir das 15h, na Casa da Ind\u00fastria. O evento ser\u00e1 dedicado \u00e0 reflex\u00e3o da alta carga tribut\u00e1ria no Pa\u00eds, com a\u00e7\u00f5es [&hellip;]<\/p>\n","protected":false},"author":2,"featured_media":65162,"comment_status":"open","ping_status":"open","sticky":false,"template":"","format":"standard","meta":{"_acf_changed":false,"_monsterinsights_skip_tracking":false,"_monsterinsights_sitenote_active":false,"_monsterinsights_sitenote_note":"","_monsterinsights_sitenote_category":0,"_jetpack_memberships_contains_paid_content":false,"footnotes":"","jetpack_publicize_message":"","jetpack_publicize_feature_enabled":true,"jetpack_social_post_already_shared":true,"jetpack_social_options":{"image_generator_settings":{"template":"highway","default_image_id":0,"font":"","enabled":false},"version":2}},"categories":[5],"tags":[],"class_list":["post-65161","post","type-post","status-publish","format-standard","has-post-thumbnail","hentry","category-cotidiano"],"acf":[],"jetpack_publicize_connections":[],"jetpack_featured_media_url":"https:\/\/i0.wp.com\/blogdoeloiltoncajuhy.com.br\/site\/wp-content\/uploads\/2022\/05\/FIEPE_20052022-01.jpg?fit=1280%2C853&ssl=1","jetpack_sharing_enabled":true,"publishpress_future_workflow_manual_trigger":{"enabledWorkflows":[]},"_links":{"self":[{"href":"https:\/\/blogdoeloiltoncajuhy.com.br\/site\/wp-json\/wp\/v2\/posts\/65161","targetHints":{"allow":["GET"]}}],"collection":[{"href":"https:\/\/blogdoeloiltoncajuhy.com.br\/site\/wp-json\/wp\/v2\/posts"}],"about":[{"href":"https:\/\/blogdoeloiltoncajuhy.com.br\/site\/wp-json\/wp\/v2\/types\/post"}],"author":[{"embeddable":true,"href":"https:\/\/blogdoeloiltoncajuhy.com.br\/site\/wp-json\/wp\/v2\/users\/2"}],"replies":[{"embeddable":true,"href":"https:\/\/blogdoeloiltoncajuhy.com.br\/site\/wp-json\/wp\/v2\/comments?post=65161"}],"version-history":[{"count":2,"href":"https:\/\/blogdoeloiltoncajuhy.com.br\/site\/wp-json\/wp\/v2\/posts\/65161\/revisions"}],"predecessor-version":[{"id":65164,"href":"https:\/\/blogdoeloiltoncajuhy.com.br\/site\/wp-json\/wp\/v2\/posts\/65161\/revisions\/65164"}],"wp:featuredmedia":[{"embeddable":true,"href":"https:\/\/blogdoeloiltoncajuhy.com.br\/site\/wp-json\/wp\/v2\/media\/65162"}],"wp:attachment":[{"href":"https:\/\/blogdoeloiltoncajuhy.com.br\/site\/wp-json\/wp\/v2\/media?parent=65161"}],"wp:term":[{"taxonomy":"category","embeddable":true,"href":"https:\/\/blogdoeloiltoncajuhy.com.br\/site\/wp-json\/wp\/v2\/categories?post=65161"},{"taxonomy":"post_tag","embeddable":true,"href":"https:\/\/blogdoeloiltoncajuhy.com.br\/site\/wp-json\/wp\/v2\/tags?post=65161"}],"curies":[{"name":"wp","href":"https:\/\/api.w.org\/{rel}","templated":true}]}}