{"id":65153,"date":"2022-05-19T22:37:47","date_gmt":"2022-05-20T01:37:47","guid":{"rendered":"http:\/\/blogdoeloiltoncajuhy.com.br\/site\/?p=65153"},"modified":"2022-05-19T22:46:40","modified_gmt":"2022-05-20T01:46:40","slug":"homem-de-29-anos-e-morto-a-tiros-no-alto-da-rainha-em-senhor-do-bonfim","status":"publish","type":"post","link":"https:\/\/blogdoeloiltoncajuhy.com.br\/site\/homem-de-29-anos-e-morto-a-tiros-no-alto-da-rainha-em-senhor-do-bonfim\/","title":{"rendered":"Homem de 29 anos \u00e9 morto a tiros no Alto da Rainha em Senhor do Bonfim"},"content":{"rendered":"\n<p class=\"has-text-align-center\"><em>Autor do homic\u00eddio ainda \u00e9 desconhecido.<\/em><\/p>\n\n\n\n<div class=\"wp-block-image\"><figure class=\"aligncenter size-large is-resized\"><a href=\"https:\/\/i0.wp.com\/blogdoeloiltoncajuhy.com.br\/site\/wp-content\/uploads\/2022\/05\/IMG-20220519-WA0070.jpg\"><img data-recalc-dims=\"1\" fetchpriority=\"high\" decoding=\"async\" src=\"https:\/\/i0.wp.com\/blogdoeloiltoncajuhy.com.br\/site\/wp-content\/uploads\/2022\/05\/IMG-20220519-WA0070.jpg?resize=278%2C355\" alt=\"\" class=\"wp-image-65154\" width=\"278\" height=\"355\" srcset=\"https:\/\/i0.wp.com\/blogdoeloiltoncajuhy.com.br\/site\/wp-content\/uploads\/2022\/05\/IMG-20220519-WA0070.jpg?resize=800%2C1024&amp;ssl=1 800w, https:\/\/i0.wp.com\/blogdoeloiltoncajuhy.com.br\/site\/wp-content\/uploads\/2022\/05\/IMG-20220519-WA0070.jpg?resize=234%2C300&amp;ssl=1 234w, https:\/\/i0.wp.com\/blogdoeloiltoncajuhy.com.br\/site\/wp-content\/uploads\/2022\/05\/IMG-20220519-WA0070.jpg?resize=768%2C983&amp;ssl=1 768w, https:\/\/i0.wp.com\/blogdoeloiltoncajuhy.com.br\/site\/wp-content\/uploads\/2022\/05\/IMG-20220519-WA0070.jpg?w=1080&amp;ssl=1 1080w\" sizes=\"(max-width: 278px) 100vw, 278px\" \/><\/a><figcaption><sub>Fabr\u00edcio, mais conhecido por Babi, foi atingido com v\u00e1rios tiros &#8211; Foto: Redes Sociais<\/sub><\/figcaption><\/figure><\/div>\n\n\n\n<p>Um homic\u00eddio foi registrado por volta das 19h30 desta quinta-feira (19), no Alto da Rainha, em Senhor do Bonfim.<\/p>\n\n\n\n<p>De acordo com informa\u00e7\u00f5es da pol\u00edcia, a v\u00edtima foi identificada como Fabr\u00edcio dos Santos Santana, mais conhecido por Babi. Ele completou 29 anos na \u00faltima ter\u00e7a-feira, 17.<\/p>\n\n\n\n<p>Ainda n\u00e3o h\u00e1 detalhes sobre o crime. Moradores da \u00e1rea ligaram para a pol\u00edcia avisando que no local foram ouvidos disparos de arma de fogo, caso confirmado pela Pol\u00edcia Militar, que encontrou o homem baleado sendo atendido pelo Samu. Babi morreu no local.<\/p>\n\n\n\n<p>A Pol\u00edcia T\u00e9cnica foi ao local para fazer a remo\u00e7\u00e3o do corpo. O caso ser\u00e1 investigado na Delegacia Territorial de Senhor do Bonfim. At\u00e9 a produ\u00e7\u00e3o desta mat\u00e9ria ningu\u00e9m havia sido preso.<\/p>\n","protected":false},"excerpt":{"rendered":"<p>Autor do homic\u00eddio ainda \u00e9 desconhecido. Um homic\u00eddio foi registrado por volta das 19h30 desta quinta-feira (19), no Alto da Rainha, em Senhor do Bonfim. De acordo com informa\u00e7\u00f5es da pol\u00edcia, a v\u00edtima foi identificada como Fabr\u00edcio dos Santos Santana, mais conhecido por Babi. Ele completou 29 anos na \u00faltima ter\u00e7a-feira, 17. Ainda n\u00e3o h\u00e1 [&hellip;]<\/p>\n","protected":false},"author":2,"featured_media":65154,"comment_status":"open","ping_status":"open","sticky":false,"template":"","format":"standard","meta":{"_acf_changed":false,"_monsterinsights_skip_tracking":false,"_monsterinsights_sitenote_active":false,"_monsterinsights_sitenote_note":"","_monsterinsights_sitenote_category":0,"_jetpack_memberships_contains_paid_content":false,"footnotes":"","jetpack_publicize_message":"","jetpack_publicize_feature_enabled":true,"jetpack_social_post_already_shared":true,"jetpack_social_options":{"image_generator_settings":{"template":"highway","default_image_id":0,"font":"","enabled":false},"version":2}},"categories":[15],"tags":[],"class_list":["post-65153","post","type-post","status-publish","format-standard","has-post-thumbnail","hentry","category-policia"],"acf":[],"jetpack_publicize_connections":[],"jetpack_featured_media_url":"https:\/\/i0.wp.com\/blogdoeloiltoncajuhy.com.br\/site\/wp-content\/uploads\/2022\/05\/IMG-20220519-WA0070.jpg?fit=1080%2C1382&ssl=1","jetpack_sharing_enabled":true,"publishpress_future_workflow_manual_trigger":{"enabledWorkflows":[]},"_links":{"self":[{"href":"https:\/\/blogdoeloiltoncajuhy.com.br\/site\/wp-json\/wp\/v2\/posts\/65153","targetHints":{"allow":["GET"]}}],"collection":[{"href":"https:\/\/blogdoeloiltoncajuhy.com.br\/site\/wp-json\/wp\/v2\/posts"}],"about":[{"href":"https:\/\/blogdoeloiltoncajuhy.com.br\/site\/wp-json\/wp\/v2\/types\/post"}],"author":[{"embeddable":true,"href":"https:\/\/blogdoeloiltoncajuhy.com.br\/site\/wp-json\/wp\/v2\/users\/2"}],"replies":[{"embeddable":true,"href":"https:\/\/blogdoeloiltoncajuhy.com.br\/site\/wp-json\/wp\/v2\/comments?post=65153"}],"version-history":[{"count":3,"href":"https:\/\/blogdoeloiltoncajuhy.com.br\/site\/wp-json\/wp\/v2\/posts\/65153\/revisions"}],"predecessor-version":[{"id":65157,"href":"https:\/\/blogdoeloiltoncajuhy.com.br\/site\/wp-json\/wp\/v2\/posts\/65153\/revisions\/65157"}],"wp:featuredmedia":[{"embeddable":true,"href":"https:\/\/blogdoeloiltoncajuhy.com.br\/site\/wp-json\/wp\/v2\/media\/65154"}],"wp:attachment":[{"href":"https:\/\/blogdoeloiltoncajuhy.com.br\/site\/wp-json\/wp\/v2\/media?parent=65153"}],"wp:term":[{"taxonomy":"category","embeddable":true,"href":"https:\/\/blogdoeloiltoncajuhy.com.br\/site\/wp-json\/wp\/v2\/categories?post=65153"},{"taxonomy":"post_tag","embeddable":true,"href":"https:\/\/blogdoeloiltoncajuhy.com.br\/site\/wp-json\/wp\/v2\/tags?post=65153"}],"curies":[{"name":"wp","href":"https:\/\/api.w.org\/{rel}","templated":true}]}}