{"id":65145,"date":"2022-05-19T10:16:14","date_gmt":"2022-05-19T13:16:14","guid":{"rendered":"http:\/\/blogdoeloiltoncajuhy.com.br\/site\/?p=65145"},"modified":"2022-05-19T10:16:16","modified_gmt":"2022-05-19T13:16:16","slug":"carteira-profissional-de-radialista-sera-considerada-documento-de-identidade","status":"publish","type":"post","link":"https:\/\/blogdoeloiltoncajuhy.com.br\/site\/carteira-profissional-de-radialista-sera-considerada-documento-de-identidade\/","title":{"rendered":"Carteira profissional de radialista ser\u00e1 considerada documento de identidade"},"content":{"rendered":"\n<p class=\"has-text-align-center has-medium-font-size\"><em>Projeto de lei da C\u00e2mara confere status de documento de identifica\u00e7\u00e3o civil \u00e0 carteira profissional de radialista.<\/em><\/p>\n\n\n\n<div class=\"wp-block-image\"><figure class=\"aligncenter size-full\"><a href=\"https:\/\/i0.wp.com\/blogdoeloiltoncajuhy.com.br\/site\/wp-content\/uploads\/2022\/05\/CD_Projeto-carteira-radialista-19052022.jpeg\"><img data-recalc-dims=\"1\" fetchpriority=\"high\" decoding=\"async\" width=\"675\" height=\"450\" src=\"https:\/\/i0.wp.com\/blogdoeloiltoncajuhy.com.br\/site\/wp-content\/uploads\/2022\/05\/CD_Projeto-carteira-radialista-19052022.jpeg?resize=675%2C450\" alt=\"\" class=\"wp-image-65146\" srcset=\"https:\/\/i0.wp.com\/blogdoeloiltoncajuhy.com.br\/site\/wp-content\/uploads\/2022\/05\/CD_Projeto-carteira-radialista-19052022.jpeg?w=675&amp;ssl=1 675w, https:\/\/i0.wp.com\/blogdoeloiltoncajuhy.com.br\/site\/wp-content\/uploads\/2022\/05\/CD_Projeto-carteira-radialista-19052022.jpeg?resize=300%2C200&amp;ssl=1 300w\" sizes=\"(max-width: 675px) 100vw, 675px\" \/><\/a><figcaption><sub>Foto: Jefferson Rudy\/Ag\u00eancia Senado<\/sub><\/figcaption><\/figure><\/div>\n\n\n\n<p>Os senadores aprovaram em Plen\u00e1rio o projeto de lei que torna a carteira de radialista um documento oficial de identidade. A proposta foi apresentada pelo ent\u00e3o deputado Andr\u00e9 Moura e recebeu pareceres favor\u00e1veis de tr\u00eas comiss\u00f5es permanentes do Senado.<\/p>\n\n\n\n<p>Em Plen\u00e1rio a senadora Zenaide Maia, do PROS do Rio Grande do Norte, ressaltou a import\u00e2ncia da medida: &#8220;Eu costumo dizer que quem quer empoderar um povo, empodera com informa\u00e7\u00e3o. Informa\u00e7\u00e3o \u00e9 poder. E essa identidade profissional para essa categoria de radialista \u00e9 altamente positiva. A gente est\u00e1 tendo hoje aqui no Senado Federal esse olhar diferenciado de valorizar essa identidade profissional para os radialistas&#8221;.<\/p>\n\n\n\n<p>A senadora Maria do Carmo Alves, do PP de Sergipe, foi a relatora da proposta na Comiss\u00e3o de Assuntos Sociais. Ela explicou que a inten\u00e7\u00e3o \u00e9 conferir for\u00e7a de identidade civil \u00e0 carteira profissional de radialista, como acontece com outras profiss\u00f5es, mas classificou como necess\u00e1ria emenda apresentada ao projeto:<\/p>\n\n\n\n<p>&#8220;A medida permite dar condi\u00e7\u00f5es ao radialista para exercer a profiss\u00e3o na sua amplitude de direitos. Vale, contudo, uma observa\u00e7\u00e3o que se pretende acrescer que a carteira servir\u00e1 como prova de identidade &#8216;para qualquer efeito&#8217;. Necess\u00e1ria a retirada da express\u00e3o &#8216;para qualquer efeito&#8217;, tendo em vista que com ela se estabeleceria preceito legal muito amplo j\u00e1 que se pretende t\u00e3o somente dispor sobre a identifica\u00e7\u00e3o profissional do radialista&#8221;.<\/p>\n\n\n\n<p>As modifica\u00e7\u00f5es feitas na proposta foram consideradas emendas de reda\u00e7\u00e3o, n\u00e3o alterando o m\u00e9rito do projeto. Por esse motivo a mat\u00e9ria n\u00e3o precisa voltar para an\u00e1lise na C\u00e2mara dos Deputados e segue para san\u00e7\u00e3o presidencial.<\/p>\n","protected":false},"excerpt":{"rendered":"<p>Projeto de lei da C\u00e2mara confere status de documento de identifica\u00e7\u00e3o civil \u00e0 carteira profissional de radialista. Os senadores aprovaram em Plen\u00e1rio o projeto de lei que torna a carteira de radialista um documento oficial de identidade. A proposta foi apresentada pelo ent\u00e3o deputado Andr\u00e9 Moura e recebeu pareceres favor\u00e1veis de tr\u00eas comiss\u00f5es permanentes do [&hellip;]<\/p>\n","protected":false},"author":2,"featured_media":65146,"comment_status":"open","ping_status":"open","sticky":false,"template":"","format":"standard","meta":{"_acf_changed":false,"_monsterinsights_skip_tracking":false,"_monsterinsights_sitenote_active":false,"_monsterinsights_sitenote_note":"","_monsterinsights_sitenote_category":0,"_jetpack_memberships_contains_paid_content":false,"footnotes":"","jetpack_publicize_message":"","jetpack_publicize_feature_enabled":true,"jetpack_social_post_already_shared":true,"jetpack_social_options":{"image_generator_settings":{"template":"highway","default_image_id":0,"font":"","enabled":false},"version":2}},"categories":[3],"tags":[],"class_list":["post-65145","post","type-post","status-publish","format-standard","has-post-thumbnail","hentry","category-politica"],"acf":[],"jetpack_publicize_connections":[],"jetpack_featured_media_url":"https:\/\/i0.wp.com\/blogdoeloiltoncajuhy.com.br\/site\/wp-content\/uploads\/2022\/05\/CD_Projeto-carteira-radialista-19052022.jpeg?fit=675%2C450&ssl=1","jetpack_sharing_enabled":true,"publishpress_future_workflow_manual_trigger":{"enabledWorkflows":[]},"_links":{"self":[{"href":"https:\/\/blogdoeloiltoncajuhy.com.br\/site\/wp-json\/wp\/v2\/posts\/65145","targetHints":{"allow":["GET"]}}],"collection":[{"href":"https:\/\/blogdoeloiltoncajuhy.com.br\/site\/wp-json\/wp\/v2\/posts"}],"about":[{"href":"https:\/\/blogdoeloiltoncajuhy.com.br\/site\/wp-json\/wp\/v2\/types\/post"}],"author":[{"embeddable":true,"href":"https:\/\/blogdoeloiltoncajuhy.com.br\/site\/wp-json\/wp\/v2\/users\/2"}],"replies":[{"embeddable":true,"href":"https:\/\/blogdoeloiltoncajuhy.com.br\/site\/wp-json\/wp\/v2\/comments?post=65145"}],"version-history":[{"count":2,"href":"https:\/\/blogdoeloiltoncajuhy.com.br\/site\/wp-json\/wp\/v2\/posts\/65145\/revisions"}],"predecessor-version":[{"id":65148,"href":"https:\/\/blogdoeloiltoncajuhy.com.br\/site\/wp-json\/wp\/v2\/posts\/65145\/revisions\/65148"}],"wp:featuredmedia":[{"embeddable":true,"href":"https:\/\/blogdoeloiltoncajuhy.com.br\/site\/wp-json\/wp\/v2\/media\/65146"}],"wp:attachment":[{"href":"https:\/\/blogdoeloiltoncajuhy.com.br\/site\/wp-json\/wp\/v2\/media?parent=65145"}],"wp:term":[{"taxonomy":"category","embeddable":true,"href":"https:\/\/blogdoeloiltoncajuhy.com.br\/site\/wp-json\/wp\/v2\/categories?post=65145"},{"taxonomy":"post_tag","embeddable":true,"href":"https:\/\/blogdoeloiltoncajuhy.com.br\/site\/wp-json\/wp\/v2\/tags?post=65145"}],"curies":[{"name":"wp","href":"https:\/\/api.w.org\/{rel}","templated":true}]}}