{"id":65141,"date":"2022-05-19T09:51:44","date_gmt":"2022-05-19T12:51:44","guid":{"rendered":"http:\/\/blogdoeloiltoncajuhy.com.br\/site\/?p=65141"},"modified":"2022-05-19T09:51:45","modified_gmt":"2022-05-19T12:51:45","slug":"cinco-homens-investigados-por-envolvimento-em-estelionatos-homicidios-e-trafico-de-drogas-sao-presos-em-salvador","status":"publish","type":"post","link":"https:\/\/blogdoeloiltoncajuhy.com.br\/site\/cinco-homens-investigados-por-envolvimento-em-estelionatos-homicidios-e-trafico-de-drogas-sao-presos-em-salvador\/","title":{"rendered":"Cinco homens investigados por envolvimento em estelionatos, homic\u00eddios e tr\u00e1fico de drogas s\u00e3o presos em Salvador"},"content":{"rendered":"\n<p class=\"has-text-align-center has-medium-font-size\"><em>Grupo \u00e9 de Minas Gerais e estava hospedado em pousada de Stella Maris. Um dos homens estava foragido da pol\u00edcia.<\/em><\/p>\n\n\n\n<div class=\"wp-block-image\"><figure class=\"aligncenter size-full is-resized\"><a href=\"https:\/\/i0.wp.com\/blogdoeloiltoncajuhy.com.br\/site\/wp-content\/uploads\/2022\/05\/SSA_Prisao-traficantes-19052022.webp\"><img data-recalc-dims=\"1\" fetchpriority=\"high\" decoding=\"async\" src=\"https:\/\/i0.wp.com\/blogdoeloiltoncajuhy.com.br\/site\/wp-content\/uploads\/2022\/05\/SSA_Prisao-traficantes-19052022.webp?resize=738%2C505\" alt=\"\" class=\"wp-image-65142\" width=\"738\" height=\"505\" srcset=\"https:\/\/i0.wp.com\/blogdoeloiltoncajuhy.com.br\/site\/wp-content\/uploads\/2022\/05\/SSA_Prisao-traficantes-19052022.webp?w=984&amp;ssl=1 984w, https:\/\/i0.wp.com\/blogdoeloiltoncajuhy.com.br\/site\/wp-content\/uploads\/2022\/05\/SSA_Prisao-traficantes-19052022.webp?resize=300%2C205&amp;ssl=1 300w, https:\/\/i0.wp.com\/blogdoeloiltoncajuhy.com.br\/site\/wp-content\/uploads\/2022\/05\/SSA_Prisao-traficantes-19052022.webp?resize=768%2C525&amp;ssl=1 768w\" sizes=\"(max-width: 738px) 100vw, 738px\" \/><\/a><figcaption><sub>Cinco homens investigados por envolvimento em estelionatos, homic\u00eddios e tr\u00e1fico de drogas s\u00e3o presos em Salvador \u2014 Foto: Divulga\u00e7\u00e3o\/SSP-BA<\/sub><\/figcaption><\/figure><\/div>\n\n\n\n<p>Cinco homens investigados por envolvimento em estelionatos, homic\u00eddios e tr\u00e1fico de drogas foram presos em Salvador, na tarde de quarta-feira (18). Segundo a pol\u00edcia, eles s\u00e3o de Minas Gerais e integram um grupo criminoso.<\/p>\n\n\n\n<p>A Secretaria de Seguran\u00e7a P\u00fablica da Bahia (SSP-BA) informou que um dos presos era foragido da Justi\u00e7a, mas n\u00e3o h\u00e1 mais detalhes sobre esse caso. O nome de nenhum dos investigados foi divulgado, por causa da Lei de Abuso de Autoridade.<\/p>\n\n\n\n<p>O grupo estava hospedado em uma pousada no bairro de Stella Maris, e passeava de carro quando foi visto por policiais militares, que faziam rondas. Ao perceberem a aproxima\u00e7\u00e3o dos PMs, os investigados fugiram. Os militares seguiram o grupo no carro at\u00e9 a pousada.<\/p>\n\n\n\n<p>No local foram encontrados 100 por\u00e7\u00f5es de maconha, 17 cart\u00f5es de cr\u00e9dito e 12 documentos falsos, papeis para a impress\u00e3o de documentos, scanner, impressora, m\u00e1quina para plastificar, seis celulares, 15 chips e R$ 5 mil em dinheiro tamb\u00e9m estavam com os homens.<\/p>\n\n\n\n<p>Ao consultar os sistemas, a pol\u00edcia identificou que os cinco eram procurados por diversos crimes em Minas Gerais. Na Bahia, os suspeitos aplicavam golpes com o pix, e clonavam cart\u00f5es na cidade de Ilh\u00e9us, sul do estado.<\/p>\n\n\n\n<p>O homens e os materiais apreendidos foram levados para a Central de Flagrantes. N\u00e3o h\u00e1 detalhes se eles ser\u00e3o transferidos para Minas Gerais.<\/p>\n","protected":false},"excerpt":{"rendered":"<p>Grupo \u00e9 de Minas Gerais e estava hospedado em pousada de Stella Maris. Um dos homens estava foragido da pol\u00edcia. Cinco homens investigados por envolvimento em estelionatos, homic\u00eddios e tr\u00e1fico de drogas foram presos em Salvador, na tarde de quarta-feira (18). Segundo a pol\u00edcia, eles s\u00e3o de Minas Gerais e integram um grupo criminoso. A [&hellip;]<\/p>\n","protected":false},"author":2,"featured_media":65142,"comment_status":"open","ping_status":"open","sticky":false,"template":"","format":"standard","meta":{"_acf_changed":false,"_monsterinsights_skip_tracking":false,"_monsterinsights_sitenote_active":false,"_monsterinsights_sitenote_note":"","_monsterinsights_sitenote_category":0,"_jetpack_memberships_contains_paid_content":false,"footnotes":"","jetpack_publicize_message":"","jetpack_publicize_feature_enabled":true,"jetpack_social_post_already_shared":true,"jetpack_social_options":{"image_generator_settings":{"template":"highway","default_image_id":0,"font":"","enabled":false},"version":2}},"categories":[15],"tags":[],"class_list":["post-65141","post","type-post","status-publish","format-standard","has-post-thumbnail","hentry","category-policia"],"acf":[],"jetpack_publicize_connections":[],"jetpack_featured_media_url":"https:\/\/i0.wp.com\/blogdoeloiltoncajuhy.com.br\/site\/wp-content\/uploads\/2022\/05\/SSA_Prisao-traficantes-19052022.webp?fit=984%2C673&ssl=1","jetpack_sharing_enabled":true,"publishpress_future_workflow_manual_trigger":{"enabledWorkflows":[]},"_links":{"self":[{"href":"https:\/\/blogdoeloiltoncajuhy.com.br\/site\/wp-json\/wp\/v2\/posts\/65141","targetHints":{"allow":["GET"]}}],"collection":[{"href":"https:\/\/blogdoeloiltoncajuhy.com.br\/site\/wp-json\/wp\/v2\/posts"}],"about":[{"href":"https:\/\/blogdoeloiltoncajuhy.com.br\/site\/wp-json\/wp\/v2\/types\/post"}],"author":[{"embeddable":true,"href":"https:\/\/blogdoeloiltoncajuhy.com.br\/site\/wp-json\/wp\/v2\/users\/2"}],"replies":[{"embeddable":true,"href":"https:\/\/blogdoeloiltoncajuhy.com.br\/site\/wp-json\/wp\/v2\/comments?post=65141"}],"version-history":[{"count":2,"href":"https:\/\/blogdoeloiltoncajuhy.com.br\/site\/wp-json\/wp\/v2\/posts\/65141\/revisions"}],"predecessor-version":[{"id":65144,"href":"https:\/\/blogdoeloiltoncajuhy.com.br\/site\/wp-json\/wp\/v2\/posts\/65141\/revisions\/65144"}],"wp:featuredmedia":[{"embeddable":true,"href":"https:\/\/blogdoeloiltoncajuhy.com.br\/site\/wp-json\/wp\/v2\/media\/65142"}],"wp:attachment":[{"href":"https:\/\/blogdoeloiltoncajuhy.com.br\/site\/wp-json\/wp\/v2\/media?parent=65141"}],"wp:term":[{"taxonomy":"category","embeddable":true,"href":"https:\/\/blogdoeloiltoncajuhy.com.br\/site\/wp-json\/wp\/v2\/categories?post=65141"},{"taxonomy":"post_tag","embeddable":true,"href":"https:\/\/blogdoeloiltoncajuhy.com.br\/site\/wp-json\/wp\/v2\/tags?post=65141"}],"curies":[{"name":"wp","href":"https:\/\/api.w.org\/{rel}","templated":true}]}}