{"id":65127,"date":"2022-05-19T08:48:45","date_gmt":"2022-05-19T11:48:45","guid":{"rendered":"http:\/\/blogdoeloiltoncajuhy.com.br\/site\/?p=65127"},"modified":"2022-05-19T08:48:47","modified_gmt":"2022-05-19T11:48:47","slug":"senai-bahia-tem-44-mil-vagas-abertas-para-cursos-tecnicos","status":"publish","type":"post","link":"https:\/\/blogdoeloiltoncajuhy.com.br\/site\/senai-bahia-tem-44-mil-vagas-abertas-para-cursos-tecnicos\/","title":{"rendered":"SENAI Bahia tem 4,4 mil vagas abertas para cursos t\u00e9cnicos"},"content":{"rendered":"\n<p class=\"has-text-align-center has-medium-font-size\"><em>Do total de vagas oferecidas pelo SENAI, 387 s\u00e3o destinadas para o programa de bolsas de estudo gratuitas. As inscri\u00e7\u00f5es v\u00e3o at\u00e9 30 de junho.<\/em><\/p>\n\n\n\n<div class=\"wp-block-image\"><figure class=\"aligncenter size-full\"><a href=\"https:\/\/i0.wp.com\/blogdoeloiltoncajuhy.com.br\/site\/wp-content\/uploads\/2022\/05\/senai-ba-19052022.jpg\"><img data-recalc-dims=\"1\" fetchpriority=\"high\" decoding=\"async\" width=\"640\" height=\"426\" src=\"https:\/\/i0.wp.com\/blogdoeloiltoncajuhy.com.br\/site\/wp-content\/uploads\/2022\/05\/senai-ba-19052022.jpg?resize=640%2C426\" alt=\"\" class=\"wp-image-65130\" srcset=\"https:\/\/i0.wp.com\/blogdoeloiltoncajuhy.com.br\/site\/wp-content\/uploads\/2022\/05\/senai-ba-19052022.jpg?w=640&amp;ssl=1 640w, https:\/\/i0.wp.com\/blogdoeloiltoncajuhy.com.br\/site\/wp-content\/uploads\/2022\/05\/senai-ba-19052022.jpg?resize=300%2C200&amp;ssl=1 300w\" sizes=\"(max-width: 640px) 100vw, 640px\" \/><\/a><figcaption><sub>Foto: Valter Andrade\/Coperphoto \/Sistema FIEB<\/sub><\/figcaption><\/figure><\/div>\n\n\n\n<p>At\u00e9 2025, o Brasil precisar\u00e1 qualificar 9,6 milh\u00f5es de pessoas em ocupa\u00e7\u00f5es industriais. \u00c9 o que revela o Mapa do Trabalho Industrial 2022-2025, estudo realizado pelo Observat\u00f3rio Nacional da Ind\u00fastria. Desse total, 2 milh\u00f5es em forma\u00e7\u00e3o inicial e 7,6 milh\u00f5es em forma\u00e7\u00e3o continuada.&nbsp;<\/p>\n\n\n\n<p>Diante desse cen\u00e1rio, o Servi\u00e7o Nacional de Aprendizagem Industrial da Bahia&nbsp;(SENAI-BA) identificou as principais \u00e1reas demandadas para direcionar cursos t\u00e9cnicos a essas oportunidades. \u201cEstamos bastante atentos ao que o Mapa do Trabalho sinaliza, principalmente onde essas ocupa\u00e7\u00f5es est\u00e3o sendo demandadas. Ou seja, toda oferta do SENAI Bahia est\u00e1 embasada em uma s\u00e9rie de dados que comp\u00f5em nossa intelig\u00eancia de mercado, mas, com certeza, no pacote desses dados, temos o Mapa do Trabalho como um farol que nos guia na defini\u00e7\u00e3o da nossa oferta de cursos\u201d, pontua a gerente executiva de Educa\u00e7\u00e3o Profissional do SENAI Bahia, Patr\u00edcia Evangelista.<\/p>\n\n\n\n<p>A partir desse quadro, o Senai Bahia abriu inscri\u00e7\u00f5es para 4,4 mil vagas em cursos t\u00e9cnicos. A iniciativa abrange o per\u00edodo letivo do segundo semestre de 2022. Os cursos se dividem em presenciais e semipresenciais e ser\u00e3o distribu\u00eddos nos munic\u00edpios de Alagoinhas, Cama\u00e7ari, Feira de Santana, Juazeiro, Lauro de Freitas e Salvador. &nbsp;As aulas devem come\u00e7ar no dia 1\u00b0 de agosto de 2022.<\/p>\n\n\n\n<p>As matr\u00edculas podem ser feitas pelo site,&nbsp;at\u00e9 o dia 30 de junho. Este prazo tamb\u00e9m garante 30% de desconto na primeira mensalidade aos estudantes que se matricularem nos cursos pagos. Vale destacar que os estudantes podem solicitar cr\u00e9dito estudantil com ou sem fiador. A medida possibilitar\u00e1 pagamento de 50% da mensalidade durante o curso e o restante do valor, ap\u00f3s a forma\u00e7\u00e3o.<\/p>\n\n\n\n<p>Segundo Patr\u00edcia Evangelista, o curso t\u00e9cnico precisa ser encarado como uma excelente oportunidade de ingresso mais r\u00e1pido e qualificado no mercado de trabalho. \u201cTemos exemplos de pessoas que optaram por um caminho profissional e que hoje encontram no curso t\u00e9cnico a possibilidade de diversificar sua \u00e1rea de atua\u00e7\u00e3o, inclusive de empreender\u201d, destaca a gerente. &nbsp;<\/p>\n\n\n\n<p>Do total de vagas, 387 s\u00e3o destinadas para o programa de bolsas de estudos gratuitas. Ser\u00e3o 267 bolsas de estudos para cursos presenciais e 120 para semipresenciais. As oportunidades s\u00e3o destinadas a pessoas que tiveram pontua\u00e7\u00e3o m\u00e9dia igual ou superior a 500 pontos no Exame Nacional do Ensino M\u00e9dio (Enem), entre 2016 e 2021, e que declararem ser de baixa renda, al\u00e9m de outros requisitos previstos em edital. O prazo para inscri\u00e7\u00e3o \u00e9 30 de junho.<\/p>\n\n\n\n<p>\u201cO interessado deve acessar o site www.tecnicosenai.com.br, clicar em concorrer a bolsa de estudos de curso t\u00e9cnico, escolher o curso, anexar a documenta\u00e7\u00e3o exigida e fazer uma autodeclara\u00e7\u00e3o de baixa renda. A partir da\u00ed, ele j\u00e1 est\u00e1 apto a concorrer \u00e0 vaga. O resultado sai no in\u00edcio do m\u00eas de julho\u201d, explica a gerente. &nbsp;<\/p>\n\n\n\n<p>O resultado do processo seletivo das bolsas gratuitas sair\u00e1 no dia 6 de julho. J\u00e1 as matr\u00edculas para quem foi aprovado nesse processo dever\u00e3o ser feitas entre os dias 6 e 11 do mesmo m\u00eas.<\/p>\n\n\n\n<p class=\"has-black-color has-text-color has-medium-font-size\"><strong>Maiores chances de contrata\u00e7\u00e3o<\/strong><\/p>\n\n\n\n<p>Apesar de o Brasil ter registrado uma taxa de desemprego que chegou a 11,1% no 1\u00b0 trimestre de 2022, dados da na Pesquisa de Acompanhamento de Egressos 2019\/2021 revelam que sete em cada 10 ex-alunos de cursos t\u00e9cnicos do SENAI est\u00e3o empregados.<\/p>\n\n\n\n<p>Em rela\u00e7\u00e3o aos cursos da gradua\u00e7\u00e3o tecnol\u00f3gica, a taxa chega a 81,3%. As \u00e1reas Automotiva, de Refrigera\u00e7\u00e3o e Climatiza\u00e7\u00e3o, Minera\u00e7\u00e3o, Energia, Automa\u00e7\u00e3o e Mecatr\u00f4nica e Metalmec\u00e2nica tiveram maior empregabilidade.<\/p>\n\n\n\n<p>Al\u00e9m disso, de acordo com o levantamento, ao se comparar a renda m\u00e9dia enquanto concluinte e depois de um ano, quando egresso, o t\u00e9cnico de n\u00edvel m\u00e9dio conta com uma eleva\u00e7\u00e3o de 22,7% na renda.<\/p>\n\n\n\n<p class=\"has-vivid-red-color has-text-color\"><strong>Cursos presenciais<\/strong><\/p>\n\n\n\n<p>\u25cf&nbsp;&nbsp; &nbsp;Administra\u00e7\u00e3o<br>\u25cf&nbsp;&nbsp; &nbsp;Automa\u00e7\u00e3o industrial<br>\u25cf&nbsp;&nbsp; &nbsp;Desenvolvimento de sistemas<br>\u25cf&nbsp;&nbsp; &nbsp;Edifica\u00e7\u00f5es<br>\u25cf&nbsp;&nbsp; &nbsp;Eletromec\u00e2nica<br>\u25cf&nbsp;&nbsp; &nbsp;Eletrot\u00e9cnica<br>\u25cf&nbsp;&nbsp; &nbsp;Log\u00edstica<br>\u25cf&nbsp;&nbsp; &nbsp;Manuten\u00e7\u00e3o automotiva<br>\u25cf&nbsp;&nbsp; &nbsp;Mec\u00e2nica<br>\u25cf&nbsp;&nbsp; &nbsp;Mec\u00e2nica de precis\u00e3o<br>\u25cf&nbsp;&nbsp; &nbsp;Mecatr\u00f4nica<br>\u25cf&nbsp;&nbsp; &nbsp;Petroqu\u00edmica<br>\u25cf&nbsp;&nbsp; &nbsp;Qualidade<br>\u25cf&nbsp;&nbsp; &nbsp;Qu\u00edmica<br>\u25cf&nbsp;&nbsp; &nbsp;refrigera\u00e7\u00e3o e climatiza\u00e7\u00e3o<br>\u25cf&nbsp;&nbsp; &nbsp;Redes de computadores<br>\u25cf&nbsp;&nbsp; &nbsp;Seguran\u00e7a do trabalho<\/p>\n\n\n\n<p class=\"has-vivid-red-color has-text-color\"><strong>Cursos semipresenciais<\/strong><\/p>\n\n\n\n<p>\u25cf&nbsp;&nbsp; &nbsp;Administra\u00e7\u00e3o<br>\u25cf&nbsp;&nbsp; &nbsp;Eletromec\u00e2nica<br>\u25cf&nbsp;&nbsp; &nbsp;Eletrot\u00e9cnica<br>\u25cf&nbsp;&nbsp; &nbsp;Log\u00edstica<br>\u25cf&nbsp;&nbsp; &nbsp;Seguran\u00e7a do trabalho<\/p>\n","protected":false},"excerpt":{"rendered":"<p>Do total de vagas oferecidas pelo SENAI, 387 s\u00e3o destinadas para o programa de bolsas de estudo gratuitas. As inscri\u00e7\u00f5es v\u00e3o at\u00e9 30 de junho. At\u00e9 2025, o Brasil precisar\u00e1 qualificar 9,6 milh\u00f5es de pessoas em ocupa\u00e7\u00f5es industriais. \u00c9 o que revela o Mapa do Trabalho Industrial 2022-2025, estudo realizado pelo Observat\u00f3rio Nacional da Ind\u00fastria. [&hellip;]<\/p>\n","protected":false},"author":2,"featured_media":65130,"comment_status":"open","ping_status":"open","sticky":false,"template":"","format":"standard","meta":{"_acf_changed":false,"_monsterinsights_skip_tracking":false,"_monsterinsights_sitenote_active":false,"_monsterinsights_sitenote_note":"","_monsterinsights_sitenote_category":0,"_jetpack_memberships_contains_paid_content":false,"footnotes":"","jetpack_publicize_message":"","jetpack_publicize_feature_enabled":true,"jetpack_social_post_already_shared":true,"jetpack_social_options":{"image_generator_settings":{"template":"highway","default_image_id":0,"font":"","enabled":false},"version":2}},"categories":[5],"tags":[],"class_list":["post-65127","post","type-post","status-publish","format-standard","has-post-thumbnail","hentry","category-cotidiano"],"acf":[],"jetpack_publicize_connections":[],"jetpack_featured_media_url":"https:\/\/i0.wp.com\/blogdoeloiltoncajuhy.com.br\/site\/wp-content\/uploads\/2022\/05\/senai-ba-19052022.jpg?fit=640%2C426&ssl=1","jetpack_sharing_enabled":true,"publishpress_future_workflow_manual_trigger":{"enabledWorkflows":[]},"_links":{"self":[{"href":"https:\/\/blogdoeloiltoncajuhy.com.br\/site\/wp-json\/wp\/v2\/posts\/65127","targetHints":{"allow":["GET"]}}],"collection":[{"href":"https:\/\/blogdoeloiltoncajuhy.com.br\/site\/wp-json\/wp\/v2\/posts"}],"about":[{"href":"https:\/\/blogdoeloiltoncajuhy.com.br\/site\/wp-json\/wp\/v2\/types\/post"}],"author":[{"embeddable":true,"href":"https:\/\/blogdoeloiltoncajuhy.com.br\/site\/wp-json\/wp\/v2\/users\/2"}],"replies":[{"embeddable":true,"href":"https:\/\/blogdoeloiltoncajuhy.com.br\/site\/wp-json\/wp\/v2\/comments?post=65127"}],"version-history":[{"count":3,"href":"https:\/\/blogdoeloiltoncajuhy.com.br\/site\/wp-json\/wp\/v2\/posts\/65127\/revisions"}],"predecessor-version":[{"id":65131,"href":"https:\/\/blogdoeloiltoncajuhy.com.br\/site\/wp-json\/wp\/v2\/posts\/65127\/revisions\/65131"}],"wp:featuredmedia":[{"embeddable":true,"href":"https:\/\/blogdoeloiltoncajuhy.com.br\/site\/wp-json\/wp\/v2\/media\/65130"}],"wp:attachment":[{"href":"https:\/\/blogdoeloiltoncajuhy.com.br\/site\/wp-json\/wp\/v2\/media?parent=65127"}],"wp:term":[{"taxonomy":"category","embeddable":true,"href":"https:\/\/blogdoeloiltoncajuhy.com.br\/site\/wp-json\/wp\/v2\/categories?post=65127"},{"taxonomy":"post_tag","embeddable":true,"href":"https:\/\/blogdoeloiltoncajuhy.com.br\/site\/wp-json\/wp\/v2\/tags?post=65127"}],"curies":[{"name":"wp","href":"https:\/\/api.w.org\/{rel}","templated":true}]}}