{"id":65117,"date":"2022-05-18T09:59:55","date_gmt":"2022-05-18T12:59:55","guid":{"rendered":"http:\/\/blogdoeloiltoncajuhy.com.br\/site\/?p=65117"},"modified":"2022-05-18T09:59:56","modified_gmt":"2022-05-18T12:59:56","slug":"extinta-na-caatinga-nos-anos-2000-araras-azuis-vindas-da-europa-serao-devolvidas-a-natureza-no-mes-de-junho-na-bahia","status":"publish","type":"post","link":"https:\/\/blogdoeloiltoncajuhy.com.br\/site\/extinta-na-caatinga-nos-anos-2000-araras-azuis-vindas-da-europa-serao-devolvidas-a-natureza-no-mes-de-junho-na-bahia\/","title":{"rendered":"Extinta na Caatinga nos anos 2000, araras-azuis vindas da Europa ser\u00e3o devolvidas \u00e0 natureza no m\u00eas de junho na Bahia"},"content":{"rendered":"\n<p class=\"has-text-align-center has-medium-font-size\"><em>Aves foram monitoradas e cuidadas em institui\u00e7\u00e3o na cidade de Cura\u00e7\u00e1 ap\u00f3s chegarem da B\u00e9lgica e Alemanha.<\/em><\/p>\n\n\n\n<div class=\"wp-block-image\"><figure class=\"aligncenter size-full is-resized\"><a href=\"https:\/\/i0.wp.com\/blogdoeloiltoncajuhy.com.br\/site\/wp-content\/uploads\/2022\/05\/Arara-azul-01.webp\"><img data-recalc-dims=\"1\" fetchpriority=\"high\" decoding=\"async\" src=\"https:\/\/i0.wp.com\/blogdoeloiltoncajuhy.com.br\/site\/wp-content\/uploads\/2022\/05\/Arara-azul-01.webp?resize=738%2C461\" alt=\"\" class=\"wp-image-65118\" width=\"738\" height=\"461\" srcset=\"https:\/\/i0.wp.com\/blogdoeloiltoncajuhy.com.br\/site\/wp-content\/uploads\/2022\/05\/Arara-azul-01.webp?w=984&amp;ssl=1 984w, https:\/\/i0.wp.com\/blogdoeloiltoncajuhy.com.br\/site\/wp-content\/uploads\/2022\/05\/Arara-azul-01.webp?resize=300%2C187&amp;ssl=1 300w, https:\/\/i0.wp.com\/blogdoeloiltoncajuhy.com.br\/site\/wp-content\/uploads\/2022\/05\/Arara-azul-01.webp?resize=768%2C479&amp;ssl=1 768w\" sizes=\"(max-width: 738px) 100vw, 738px\" \/><\/a><figcaption><sub>Araras-azuis ser\u00e3o soltas na natureza ap\u00f3s tratamento em Cura\u00e7\u00e1, no norte da BA \u2014 Foto: Reprodu\u00e7\u00e3o\/TV S\u00e3o Francisco<\/sub><\/figcaption><\/figure><\/div>\n\n\n\n<p>Mais de 50 araras-azuis, que foram reabilitadas em um centro na cidade de Cura\u00e7\u00e1, no norte da Bahia, ser\u00e3o soltas na natureza no dia 11 de junho. A esp\u00e9cie \u00e9 nativa da Caatinga, bioma predominante na regi\u00e3o, e voltar\u00e1 a povoar o c\u00e9u do sert\u00e3o do S\u00e3o Francisco.<\/p>\n\n\n\n<p>A arara-azul chegou a ser considerada extinta na regi\u00e3o durante os anos 2000. Desde ent\u00e3o, pesquisadores e grupos de ambientalistas iniciaram uma mobiliza\u00e7\u00e3o para tentar reintroduzir as aves ao habitat natural.<\/p>\n\n\n\n<div class=\"wp-block-image\"><figure class=\"aligncenter size-full is-resized\"><a href=\"https:\/\/i0.wp.com\/blogdoeloiltoncajuhy.com.br\/site\/wp-content\/uploads\/2022\/05\/Arara-azul-02.webp\"><img data-recalc-dims=\"1\" decoding=\"async\" src=\"https:\/\/i0.wp.com\/blogdoeloiltoncajuhy.com.br\/site\/wp-content\/uploads\/2022\/05\/Arara-azul-02.webp?resize=738%2C461\" alt=\"\" class=\"wp-image-65119\" width=\"738\" height=\"461\" srcset=\"https:\/\/i0.wp.com\/blogdoeloiltoncajuhy.com.br\/site\/wp-content\/uploads\/2022\/05\/Arara-azul-02.webp?w=984&amp;ssl=1 984w, https:\/\/i0.wp.com\/blogdoeloiltoncajuhy.com.br\/site\/wp-content\/uploads\/2022\/05\/Arara-azul-02.webp?resize=300%2C187&amp;ssl=1 300w, https:\/\/i0.wp.com\/blogdoeloiltoncajuhy.com.br\/site\/wp-content\/uploads\/2022\/05\/Arara-azul-02.webp?resize=768%2C479&amp;ssl=1 768w\" sizes=\"(max-width: 738px) 100vw, 738px\" \/><\/a><\/figure><\/div>\n\n\n\n<p>O projeto \u00e9 um acordo de Coopera\u00e7\u00e3o T\u00e9cnica entre o Instituto Chico Mendes de Conserva\u00e7\u00e3o da Biodiversidade (ICMBio), do Minist\u00e9rio do Meio Ambiente (MMA), e a ONG alem\u00e3 Association for the Conservation of Threatend Parrots (ACTP).<\/p>\n\n\n\n<p>Em mar\u00e7o de 2020, 52 araras chegaram da Alemanha e da B\u00e9lgica e foram levadas para a unidade de conserva\u00e7\u00e3o em Cura\u00e7\u00e1, para serem preparadas para voltar \u00e0 natureza.<\/p>\n\n\n\n<p>Com isso, a ideia \u00e9 que haja mais soltura nos pr\u00f3ximos anos at\u00e9 que exista uma popula\u00e7\u00e3o est\u00e1vel da esp\u00e9cie, em liberdade no norte da Bahia.<\/p>\n\n\n\n<div class=\"wp-block-image\"><figure class=\"aligncenter size-full is-resized\"><a href=\"https:\/\/i0.wp.com\/blogdoeloiltoncajuhy.com.br\/site\/wp-content\/uploads\/2022\/05\/Arara-azul-03.webp\"><img data-recalc-dims=\"1\" decoding=\"async\" src=\"https:\/\/i0.wp.com\/blogdoeloiltoncajuhy.com.br\/site\/wp-content\/uploads\/2022\/05\/Arara-azul-03.webp?resize=738%2C461\" alt=\"\" class=\"wp-image-65120\" width=\"738\" height=\"461\" srcset=\"https:\/\/i0.wp.com\/blogdoeloiltoncajuhy.com.br\/site\/wp-content\/uploads\/2022\/05\/Arara-azul-03.webp?w=984&amp;ssl=1 984w, https:\/\/i0.wp.com\/blogdoeloiltoncajuhy.com.br\/site\/wp-content\/uploads\/2022\/05\/Arara-azul-03.webp?resize=300%2C187&amp;ssl=1 300w, https:\/\/i0.wp.com\/blogdoeloiltoncajuhy.com.br\/site\/wp-content\/uploads\/2022\/05\/Arara-azul-03.webp?resize=768%2C479&amp;ssl=1 768w\" sizes=\"(max-width: 738px) 100vw, 738px\" \/><\/a><figcaption><sub>Araras-azuis ser\u00e3o soltas na natureza ap\u00f3s tratamento em Cura\u00e7\u00e1, no norte da BA \u2014 Foto: Reprodu\u00e7\u00e3o\/TV S\u00e3o Francisco<\/sub><\/figcaption><\/figure><\/div>\n\n\n\n<div class=\"wp-block-image\"><figure class=\"aligncenter size-full is-resized\"><a href=\"https:\/\/i0.wp.com\/blogdoeloiltoncajuhy.com.br\/site\/wp-content\/uploads\/2022\/05\/Arara-azul-04.webp\"><img data-recalc-dims=\"1\" loading=\"lazy\" decoding=\"async\" src=\"https:\/\/i0.wp.com\/blogdoeloiltoncajuhy.com.br\/site\/wp-content\/uploads\/2022\/05\/Arara-azul-04.webp?resize=738%2C461\" alt=\"\" class=\"wp-image-65121\" width=\"738\" height=\"461\" srcset=\"https:\/\/i0.wp.com\/blogdoeloiltoncajuhy.com.br\/site\/wp-content\/uploads\/2022\/05\/Arara-azul-04.webp?w=984&amp;ssl=1 984w, https:\/\/i0.wp.com\/blogdoeloiltoncajuhy.com.br\/site\/wp-content\/uploads\/2022\/05\/Arara-azul-04.webp?resize=300%2C187&amp;ssl=1 300w, https:\/\/i0.wp.com\/blogdoeloiltoncajuhy.com.br\/site\/wp-content\/uploads\/2022\/05\/Arara-azul-04.webp?resize=768%2C479&amp;ssl=1 768w\" sizes=\"(max-width: 738px) 100vw, 738px\" \/><\/a><figcaption><sub>Araras-azuis ser\u00e3o soltas na natureza ap\u00f3s tratamento em Cura\u00e7\u00e1, no norte da BA \u2014 Foto: Reprodu\u00e7\u00e3o\/TV S\u00e3o Francisco<\/sub><\/figcaption><\/figure><\/div>\n","protected":false},"excerpt":{"rendered":"<p>Aves foram monitoradas e cuidadas em institui\u00e7\u00e3o na cidade de Cura\u00e7\u00e1 ap\u00f3s chegarem da B\u00e9lgica e Alemanha. Mais de 50 araras-azuis, que foram reabilitadas em um centro na cidade de Cura\u00e7\u00e1, no norte da Bahia, ser\u00e3o soltas na natureza no dia 11 de junho. A esp\u00e9cie \u00e9 nativa da Caatinga, bioma predominante na regi\u00e3o, e [&hellip;]<\/p>\n","protected":false},"author":2,"featured_media":65121,"comment_status":"open","ping_status":"open","sticky":false,"template":"","format":"standard","meta":{"_acf_changed":false,"_monsterinsights_skip_tracking":false,"_monsterinsights_sitenote_active":false,"_monsterinsights_sitenote_note":"","_monsterinsights_sitenote_category":0,"_jetpack_memberships_contains_paid_content":false,"footnotes":"","jetpack_publicize_message":"","jetpack_publicize_feature_enabled":true,"jetpack_social_post_already_shared":true,"jetpack_social_options":{"image_generator_settings":{"template":"highway","default_image_id":0,"font":"","enabled":false},"version":2}},"categories":[1],"tags":[],"class_list":["post-65117","post","type-post","status-publish","format-standard","has-post-thumbnail","hentry","category-noticias"],"acf":[],"jetpack_publicize_connections":[],"jetpack_featured_media_url":"https:\/\/i0.wp.com\/blogdoeloiltoncajuhy.com.br\/site\/wp-content\/uploads\/2022\/05\/Arara-azul-04.webp?fit=984%2C614&ssl=1","jetpack_sharing_enabled":true,"publishpress_future_workflow_manual_trigger":{"enabledWorkflows":[]},"_links":{"self":[{"href":"https:\/\/blogdoeloiltoncajuhy.com.br\/site\/wp-json\/wp\/v2\/posts\/65117","targetHints":{"allow":["GET"]}}],"collection":[{"href":"https:\/\/blogdoeloiltoncajuhy.com.br\/site\/wp-json\/wp\/v2\/posts"}],"about":[{"href":"https:\/\/blogdoeloiltoncajuhy.com.br\/site\/wp-json\/wp\/v2\/types\/post"}],"author":[{"embeddable":true,"href":"https:\/\/blogdoeloiltoncajuhy.com.br\/site\/wp-json\/wp\/v2\/users\/2"}],"replies":[{"embeddable":true,"href":"https:\/\/blogdoeloiltoncajuhy.com.br\/site\/wp-json\/wp\/v2\/comments?post=65117"}],"version-history":[{"count":2,"href":"https:\/\/blogdoeloiltoncajuhy.com.br\/site\/wp-json\/wp\/v2\/posts\/65117\/revisions"}],"predecessor-version":[{"id":65123,"href":"https:\/\/blogdoeloiltoncajuhy.com.br\/site\/wp-json\/wp\/v2\/posts\/65117\/revisions\/65123"}],"wp:featuredmedia":[{"embeddable":true,"href":"https:\/\/blogdoeloiltoncajuhy.com.br\/site\/wp-json\/wp\/v2\/media\/65121"}],"wp:attachment":[{"href":"https:\/\/blogdoeloiltoncajuhy.com.br\/site\/wp-json\/wp\/v2\/media?parent=65117"}],"wp:term":[{"taxonomy":"category","embeddable":true,"href":"https:\/\/blogdoeloiltoncajuhy.com.br\/site\/wp-json\/wp\/v2\/categories?post=65117"},{"taxonomy":"post_tag","embeddable":true,"href":"https:\/\/blogdoeloiltoncajuhy.com.br\/site\/wp-json\/wp\/v2\/tags?post=65117"}],"curies":[{"name":"wp","href":"https:\/\/api.w.org\/{rel}","templated":true}]}}