{"id":65113,"date":"2022-05-18T09:42:29","date_gmt":"2022-05-18T12:42:29","guid":{"rendered":"http:\/\/blogdoeloiltoncajuhy.com.br\/site\/?p=65113"},"modified":"2022-05-18T09:43:03","modified_gmt":"2022-05-18T12:43:03","slug":"nao-adianta-fugir-da-questao-nacional-ela-e-a-chave-para-o-voto-hoje-afirma-eden-sobre-pesquisa-genial-quaest","status":"publish","type":"post","link":"https:\/\/blogdoeloiltoncajuhy.com.br\/site\/nao-adianta-fugir-da-questao-nacional-ela-e-a-chave-para-o-voto-hoje-afirma-eden-sobre-pesquisa-genial-quaest\/","title":{"rendered":"&#8220;N\u00e3o adianta fugir da quest\u00e3o nacional, ela \u00e9 a chave para o voto hoje&#8221;, afirma \u00c9den sobre pesquisa Genial Quaest"},"content":{"rendered":"\n<div class=\"wp-block-image\"><figure class=\"aligncenter size-large is-resized\"><a href=\"https:\/\/i0.wp.com\/blogdoeloiltoncajuhy.com.br\/site\/wp-content\/uploads\/2022\/05\/Jeronimo-e-Lula-18052022.jpeg\"><img data-recalc-dims=\"1\" fetchpriority=\"high\" decoding=\"async\" src=\"https:\/\/i0.wp.com\/blogdoeloiltoncajuhy.com.br\/site\/wp-content\/uploads\/2022\/05\/Jeronimo-e-Lula-18052022.jpeg?resize=576%2C768\" alt=\"\" class=\"wp-image-65114\" width=\"576\" height=\"768\" srcset=\"https:\/\/i0.wp.com\/blogdoeloiltoncajuhy.com.br\/site\/wp-content\/uploads\/2022\/05\/Jeronimo-e-Lula-18052022.jpeg?resize=768%2C1024&amp;ssl=1 768w, https:\/\/i0.wp.com\/blogdoeloiltoncajuhy.com.br\/site\/wp-content\/uploads\/2022\/05\/Jeronimo-e-Lula-18052022.jpeg?resize=225%2C300&amp;ssl=1 225w, https:\/\/i0.wp.com\/blogdoeloiltoncajuhy.com.br\/site\/wp-content\/uploads\/2022\/05\/Jeronimo-e-Lula-18052022.jpeg?w=960&amp;ssl=1 960w\" sizes=\"(max-width: 576px) 100vw, 576px\" \/><\/a><\/figure><\/div>\n\n\n\n<p>Com as elei\u00e7\u00f5es polarizadas em todo o Brasil entre o ex-presidente Lula (PT), que lidera todas as pesquisas de inten\u00e7\u00e3o de voto, e o atual presidente Jair Bolsonaro (PL), esse cen\u00e1rio tem impacto direto no pleito da Bahia. \u00c9 o que comprova a pesquisa Genial Quaest, divulgada nesta ter\u00e7a-feira, 17, que aponta Jer\u00f4nimo Rodrigues com 34% da prefer\u00eancia do eleitorado quando associado ao nome de Lula, por quem \u00e9 apoiado no estado.<\/p>\n\n\n\n<p>O presidente do PT Bahia, \u00c9den Valadares, acrescentou ainda que a pesquisa revela que 53% das pessoas ouvidas preferem que a elei\u00e7\u00e3o seja vencida por um candidato mais ligado ao ex-presidente Lula, o que atesta o quanto as elei\u00e7\u00f5es estaduais est\u00e3o atreladas ao cen\u00e1rio nacional, com Lula sendo um grande puxador de votos na Bahia.<\/p>\n\n\n\n<p>&#8220;Aqui no estado, Lula desponta com 63% das inten\u00e7\u00f5es de voto. Ent\u00e3o somada a prefer\u00eancia do eleitorado pelo candidato de Lula na Bahia, que \u00e9 Jer\u00f4nimo, \u00e0 prefer\u00eancia de mais de 60% dos eleitores por Lula no estado, a tend\u00eancia \u00e9 que Jer\u00f4nimo cres\u00e7a ainda mais\u201d.<\/p>\n\n\n\n<p>Sobre a tentativa do pr\u00e9-candidato da Uni\u00e3o Brasil, ACM Neto, de estadualizar a disputa, o l\u00edder petista avalia que ser\u00e1 um esfor\u00e7o em v\u00e3o: \u201cN\u00e3o adianta o ex-prefeito de Salvador tentar fugir das elei\u00e7\u00f5es nacionais, do debate sobre os rumos do Brasil, pois essa \u00e9 a chave para o voto, \u00e9 a principal quest\u00e3o hoje no pa\u00eds e na Bahia tamb\u00e9m. N\u00e3o \u00e9 ele quem decide, e os n\u00fameros desta pesquisa atestam isso&#8221;.<\/p>\n\n\n\n<p>O candidato apoiado por Bolsonaro, o ex-ministro da Cidadania, Jo\u00e3o Roma (PL), tamb\u00e9m v\u00ea sua inten\u00e7\u00e3o de voto crescer muito quando o apoio nacional \u00e9 considerado &#8211; sobe de 5% para 10% &#8211; o que \u00e9 considerado por \u00c9den mais uma prova da influ\u00eancia da elei\u00e7\u00e3o para presidente. \u201c\u00c9 s\u00f3 olhar os n\u00fameros da pesquisa espont\u00e2nea. Antes de escolher candidato a governador ou senador, o eleitor e a eleitora definem seu voto para presidente. Na Bahia 83% j\u00e1 definiram seu voto para presidente e apenas 19% para governador. Portanto \u00e9 preciso maturidade e tranquilidade. Vamos apresentando quem \u00e9 o candidato de Lula, do nosso time com Rui Costa e Jaques Wagner, e dialogando com a popula\u00e7\u00e3o\u201d, finalizou o presidente do PT Bahia.<\/p>\n","protected":false},"excerpt":{"rendered":"<p>Com as elei\u00e7\u00f5es polarizadas em todo o Brasil entre o ex-presidente Lula (PT), que lidera todas as pesquisas de inten\u00e7\u00e3o de voto, e o atual presidente Jair Bolsonaro (PL), esse cen\u00e1rio tem impacto direto no pleito da Bahia. \u00c9 o que comprova a pesquisa Genial Quaest, divulgada nesta ter\u00e7a-feira, 17, que aponta Jer\u00f4nimo Rodrigues com [&hellip;]<\/p>\n","protected":false},"author":2,"featured_media":65114,"comment_status":"open","ping_status":"open","sticky":false,"template":"","format":"standard","meta":{"_acf_changed":false,"_monsterinsights_skip_tracking":false,"_monsterinsights_sitenote_active":false,"_monsterinsights_sitenote_note":"","_monsterinsights_sitenote_category":0,"_jetpack_memberships_contains_paid_content":false,"footnotes":"","jetpack_publicize_message":"","jetpack_publicize_feature_enabled":true,"jetpack_social_post_already_shared":true,"jetpack_social_options":{"image_generator_settings":{"template":"highway","default_image_id":0,"font":"","enabled":false},"version":2}},"categories":[3],"tags":[],"class_list":["post-65113","post","type-post","status-publish","format-standard","has-post-thumbnail","hentry","category-politica"],"acf":[],"jetpack_publicize_connections":[],"jetpack_featured_media_url":"https:\/\/i0.wp.com\/blogdoeloiltoncajuhy.com.br\/site\/wp-content\/uploads\/2022\/05\/Jeronimo-e-Lula-18052022.jpeg?fit=960%2C1280&ssl=1","jetpack_sharing_enabled":true,"publishpress_future_workflow_manual_trigger":{"enabledWorkflows":[]},"_links":{"self":[{"href":"https:\/\/blogdoeloiltoncajuhy.com.br\/site\/wp-json\/wp\/v2\/posts\/65113","targetHints":{"allow":["GET"]}}],"collection":[{"href":"https:\/\/blogdoeloiltoncajuhy.com.br\/site\/wp-json\/wp\/v2\/posts"}],"about":[{"href":"https:\/\/blogdoeloiltoncajuhy.com.br\/site\/wp-json\/wp\/v2\/types\/post"}],"author":[{"embeddable":true,"href":"https:\/\/blogdoeloiltoncajuhy.com.br\/site\/wp-json\/wp\/v2\/users\/2"}],"replies":[{"embeddable":true,"href":"https:\/\/blogdoeloiltoncajuhy.com.br\/site\/wp-json\/wp\/v2\/comments?post=65113"}],"version-history":[{"count":2,"href":"https:\/\/blogdoeloiltoncajuhy.com.br\/site\/wp-json\/wp\/v2\/posts\/65113\/revisions"}],"predecessor-version":[{"id":65116,"href":"https:\/\/blogdoeloiltoncajuhy.com.br\/site\/wp-json\/wp\/v2\/posts\/65113\/revisions\/65116"}],"wp:featuredmedia":[{"embeddable":true,"href":"https:\/\/blogdoeloiltoncajuhy.com.br\/site\/wp-json\/wp\/v2\/media\/65114"}],"wp:attachment":[{"href":"https:\/\/blogdoeloiltoncajuhy.com.br\/site\/wp-json\/wp\/v2\/media?parent=65113"}],"wp:term":[{"taxonomy":"category","embeddable":true,"href":"https:\/\/blogdoeloiltoncajuhy.com.br\/site\/wp-json\/wp\/v2\/categories?post=65113"},{"taxonomy":"post_tag","embeddable":true,"href":"https:\/\/blogdoeloiltoncajuhy.com.br\/site\/wp-json\/wp\/v2\/tags?post=65113"}],"curies":[{"name":"wp","href":"https:\/\/api.w.org\/{rel}","templated":true}]}}